{"id":88106,"date":"2023-08-24T06:50:10","date_gmt":"2023-08-24T06:50:10","guid":{"rendered":"https:\/\/www.automakersnews.cz\/?p=88106"},"modified":"2023-08-24T06:52:07","modified_gmt":"2023-08-24T06:52:07","slug":"cez-zverejnil-vysledky-pruzkumu-o-fotovoltaice","status":"publish","type":"post","link":"https:\/\/www.automakersnews.cz\/index.php\/2023\/08\/24\/cez-zverejnil-vysledky-pruzkumu-o-fotovoltaice\/","title":{"rendered":"\u010cEZ provedl pr\u016fzkum k fotovoltaice"},"content":{"rendered":"<p><strong><span style=\"font-size: medium;\">Divize Prodej spole\u010dnosti \u010cEZ zve\u0159ejnila na tiskov\u00e9 konferenci v\u00fdsledky pr\u016fzkumu k fotovoltaice, kter\u00fd byl realizov\u00e1n ve spolupr\u00e1ci se spole\u010dnost\u00ed IBRS na vzorku 1000 respondent\u016f st\u00e1vaj\u00edc\u00edch a potencion\u00e1ln\u00edch u\u017eivatel\u016f technologi\u00ed (FVE, tepeln\u00fdch \u010derpadel) metodou CAWI podle standard\u016f ESOMAR (kv\u011bten-srpen 2023).<\/span><\/strong><!--more--><\/p>\n<p><span style=\"font-size: medium;\">V\u00fdsledky pr\u016fzkumu uk\u00e1zaly, \u017ee t\u00e9m\u011b\u0159 t\u0159i \u010dtvrtiny lid\u00ed, kte\u0159\u00ed uva\u017euj\u00ed o po\u0159\u00edzen\u00ed fotovoltaiky nebo tepeln\u00e9ho \u010derpadla, zaznamenalo krach spole\u010dnosti Malina a probl\u00e9my dal\u0161\u00edch dodavatel\u016f t\u011bchto technologi\u00ed, a drtiv\u00e1 v\u011bt\u0161ina \u00fa\u010dastn\u00edk\u016f pr\u016fzkumu se domn\u00edv\u00e1, \u017ee podobn\u00e9 probl\u00e9my mohou nastat tak\u00e9 u dal\u0161\u00edch firem. Mezi kl\u00ed\u010dov\u00e9 parametry, kter\u00e9 z\u00e1kazn\u00edci zva\u017euj\u00ed p\u0159i v\u00fdb\u011bru dodavatele, se tak proto krom\u011b ceny vy\u0161vihly tak\u00e9 atributy souvisej\u00edc\u00ed se spolehlivost\u00ed. <\/span><\/p>\n<p><span style=\"font-size: medium;\">P\u0159\u00edpady zkrachoval\u00fdch dodavatel\u016f fotovoltaik, kter\u00e9 zanechaly stovky lid\u00ed v\u00a0nejistot\u011b, zv\u00fd\u0161ily u z\u00e1kazn\u00edk\u016f opatrnost. Zaznamenalo je toti\u017e 72 % dom\u00e1cnost\u00ed, kter\u00e9 uva\u017euj\u00ed o po\u0159\u00edzen\u00ed sol\u00e1rn\u00ed elektr\u00e1rny nebo tepeln\u00e9ho \u010derpadla. 87 % z\u00a0nich se tak\u00e9 ob\u00e1v\u00e1, \u017ee podobn\u00e9 probl\u00e9my mohou m\u00edt v\u00a0budoucnu i dal\u0161\u00ed dodavatelsk\u00e9 firmy. T\u0159i \u010dtvrtiny respondent\u016f by proto uv\u00edtaly v\u011bt\u0161\u00ed regulaci trhu ze strany st\u00e1tu. <\/span><\/p>\n<p>\u201e<span style=\"font-size: medium;\"><i>Z v\u00fdsledk\u016f pr\u016fzkumu vid\u00edme, \u017ee rozhodnut\u00ed po\u0159\u00eddit si tyto technologie rozhodn\u011b lid\u00e9 ned\u011blaj\u00ed impulzivn\u011b. Samotn\u00e9mu zva\u017eov\u00e1n\u00ed, zda si fotovoltaiku nebo \u010derpadlo v\u016fbec po\u0159\u00eddit, v\u011bnuj\u00ed v\u00a0pr\u016fm\u011bru sedm t\u00fddn\u016f, a\u00a0je\u0161t\u011b dal\u0161\u00edch \u0161est t\u00fddn\u016f n\u00e1sledn\u011b vyb\u00edraj\u00ed i dodavatele. Hlavn\u00ed motivac\u00ed po\u0159\u00edzen\u00ed technologi\u00ed je nej\u010dast\u011bji \u00faspora energi\u00ed a v\u011bt\u0161\u00ed energetick\u00e1 sob\u011bsta\u010dnost,\u201c <\/i>uv\u00e1d\u00ed jednatel IBRS Milo\u0161 Ryb\u00e1\u010dek. <\/span><\/p>\n<figure id=\"attachment_88137\" aria-describedby=\"caption-attachment-88137\" style=\"width: 1024px\" class=\"wp-caption alignnone\"><img loading=\"lazy\" decoding=\"async\" class=\"size-large wp-image-88137\" src=\"http:\/\/www.automakersnews.cz\/wp-content\/uploads\/2023\/08\/CEZ_TK-Gazdik_fotovoltaika1-1024x727.jpg\" alt=\"\" width=\"1024\" height=\"727\" \/><figcaption id=\"caption-attachment-88137\" class=\"wp-caption-text\">Z\u00e1b\u011br z tiskov\u00e9 konference: zleva Milo\u0161 Ryb\u00e1\u010dek, Tom\u00e1\u0161 Horejsek (oba IBRS), Tom\u00e1\u0161 Kadlec \u010cEZ Prodej a mluv\u010d\u00ed Roman Gazd\u00edk<\/figcaption><\/figure>\n<p><span style=\"font-size: medium;\">Pr\u016fzkum se zam\u011b\u0159il tak\u00e9 na krit\u00e9ria p\u0159i v\u00fdb\u011bru dodavatele, jim\u017e z\u00e1kazn\u00edci d\u00e1vaj\u00ed nejv\u011bt\u0161\u00ed v\u00e1hu. P\u0159esto\u017ee t\u00edm hlavn\u00edm z\u016fst\u00e1v\u00e1 nab\u00eddkov\u00e1 cena, hned na druh\u00e9m m\u00edst\u011b se v\u00a0\u017eeb\u0159\u00ed\u010dku nejd\u016fle\u017eit\u011bj\u0161\u00edch parametr\u016f um\u00edstil n\u00e1sledn\u00fd servis (za d\u016fle\u017eit\u00fd aspekt jej pova\u017euje 86 % respondent\u016f). Tak\u00e9 p\u0159\u00edstup k\u00a0z\u00e1kazn\u00edkovi a z\u00e1kaznick\u00e1 p\u00e9\u010de bodovaly vysoko (shodn\u011b 82 %), v\u00fdrazn\u011b v\u00fd\u0161 ne\u017e t\u0159eba doporu\u010den\u00ed od zn\u00e1m\u00fdch, kter\u00e9 je v\u00fdznamn\u00e9 pro 72 % lid\u00ed. Vy\u0161\u0161\u00ed obez\u0159etnost dom\u00e1cnosti vykazuj\u00ed i v\u00a0p\u0159\u00edstupu k\u00a0reklam\u011b dodavatel\u016f fotovoltaik a tepeln\u00fdch \u010derpadel: d\u016fle\u017eit\u00e1 je jen pro 41 % respondent\u016f. <\/span><\/p>\n<p>\u201e<span style=\"font-size: medium;\"><i>Je dob\u0159e, \u017ee po kauz\u00e1ch krachuj\u00edc\u00edch dodavatel\u016f fotovoltaik z\u00a0leto\u0161n\u00edho jara lid\u00e9 p\u0159i v\u00fdb\u011bru dodavatele v\u00edce p\u0159em\u00fd\u0161lej\u00ed i nad jejich spolehlivost\u00ed \u2013 podle pr\u016fzkumu ji te\u010f zva\u017euje 96 % respondent\u016f. Uv\u011bdomuj\u00ed si, \u017ee jim bude technologie slou\u017eit des\u00edtky let, a berou v\u00a0potaz i\u00a0to, jak zajist\u00ed do budoucna p\u0159\u00edpadn\u00e9 opravy, dlouhodob\u00e9 z\u00e1ruky nebo servisov\u00e1n\u00ed. Po\u0159\u00edzen\u00ed fotovoltaiky ani tepeln\u00e9ho \u010derpadla nen\u00ed pouze o instalaci a nejde o bez\u00fadr\u017ebov\u00e9 za\u0159\u00edzen\u00ed. Je pot\u0159eba se jim dlouhodob\u011b s\u00a0n\u00e1le\u017eitou p\u00e9\u010d\u00ed v\u011bnovat,\u201c <\/i>\u0159\u00edk\u00e1 gener\u00e1ln\u00ed \u0159editel \u010cEZ Prodej Tom\u00e1\u0161 Kadlec.<\/span><\/p>\n<p><span style=\"font-size: medium;\">\u010cEZ Prodej tak\u00e9 kompletn\u011b administrativn\u011b zaji\u0161\u0165uje dotaci z\u00a0programu Nov\u00e1 zelen\u00e1 \u00faspor\u00e1m, a pokud klient spln\u00ed v\u0161echny podm\u00ednky, garantuje v\u00fd\u0161i dotace p\u0159\u00edmo ve smlouv\u011b. Na komponenty, kter\u00e9 odeb\u00edr\u00e1 od prov\u011b\u0159en\u00fdch dodavatel\u016f, i kvalitu samotn\u00e9 instala\u010dn\u00ed pr\u00e1ce pak poskytuje prodlou\u017eenou z\u00e1ruku v\u00a0d\u00e9lce 5 a\u017e 10 let. Z\u00e1kazn\u00edci uzav\u00edraj\u00ed smlouvu p\u0159\u00edmo s\u00a0\u010cEZ Prodej, tak\u017ee maj\u00ed jistotu, \u017ee p\u0159\u00edpadn\u00e9 reklamace budou m\u00edt s\u00a0k\u00fdm \u0159e\u0161it i po uplynut\u00ed \u0159ady let.<\/span><\/p>\n<p><span style=\"font-size: medium;\">Z\u00e1jem fotovoltaiku trv\u00e1, z\u00e1kazn\u00edci jsou ale opatrn\u011bj\u0161\u00ed. Investici do FVE te\u010f \u0159e\u0161\u00ed a\u017e 3 m\u011bs\u00edce, 70 % se ob\u00e1v\u00e1 dal\u0161\u00edch krach\u016f. P\u0159itom si \u010ce\u0161i po\u0159izuj\u00ed FVE a tep. \u010derpadla hlavn\u011b kv\u016fli \u00faspo\u0159e a sob\u011bsta\u010dnosti a 74 % z\u00e1kazn\u00edk\u016f by uv\u00edtalo v\u011bt\u0161\u00ed regulaci dodavatel\u016f st\u00e1tem. V\u00a0horizontu n\u011bkolika m\u011bs\u00edc\u016f \u010cEZ Prodej p\u0159edstav\u00ed je\u0161t\u011b dal\u0161\u00ed proz\u00e1kaznick\u00e9 slu\u017eby, v\u010detn\u011b 24hodinov\u00e9 servisn\u00ed linky \u010di dal\u0161\u00edch prodlou\u017een\u00fdch z\u00e1ruk na fotovoltaiky i tepeln\u00e1 \u010derpadla.<\/span><\/p>\n<p><strong>Karel Ber\u00e1nek, TK \u010cEZ, Hole\u0161ovice<\/strong><\/p>\n<p><img loading=\"lazy\" decoding=\"async\" class=\"alignnone size-large wp-image-54652\" src=\"http:\/\/www.automakersnews.cz\/wp-content\/uploads\/2023\/06\/CEZ-Esco-fotovoltaika_aisan-1024x766.jpg\" alt=\"\" width=\"1024\" height=\"766\" srcset=\"https:\/\/www.automakersnews.cz\/wp-content\/uploads\/2023\/06\/CEZ-Esco-fotovoltaika_aisan-1024x766.jpg 1024w, https:\/\/www.automakersnews.cz\/wp-content\/uploads\/2023\/06\/CEZ-Esco-fotovoltaika_aisan-300x224.jpg 300w, https:\/\/www.automakersnews.cz\/wp-content\/uploads\/2023\/06\/CEZ-Esco-fotovoltaika_aisan-768x575.jpg 768w, https:\/\/www.automakersnews.cz\/wp-content\/uploads\/2023\/06\/CEZ-Esco-fotovoltaika_aisan-326x245.jpg 326w, https:\/\/www.automakersnews.cz\/wp-content\/uploads\/2023\/06\/CEZ-Esco-fotovoltaika_aisan-80x60.jpg 80w, https:\/\/www.automakersnews.cz\/wp-content\/uploads\/2023\/06\/CEZ-Esco-fotovoltaika_aisan.jpg 1183w\" sizes=\"auto, (max-width: 1024px) 100vw, 1024px\" \/><\/p>\n","protected":false},"excerpt":{"rendered":"<div class=\"mh-excerpt\"><p>Divize Prodej spole\u010dnosti \u010cEZ zve\u0159ejnila na tiskov\u00e9 konferenci v\u00fdsledky pr\u016fzkumu k fotovoltaice, kter\u00fd byl realizov\u00e1n ve spolupr\u00e1ci se spole\u010dnost\u00ed IBRS na vzorku 1000 respondent\u016f st\u00e1vaj\u00edc\u00edch <a class=\"mh-excerpt-more\" href=\"https:\/\/www.automakersnews.cz\/index.php\/2023\/08\/24\/cez-zverejnil-vysledky-pruzkumu-o-fotovoltaice\/\" title=\"\u010cEZ provedl pr\u016fzkum k fotovoltaice\">[&#8230;]<\/a><\/p>\n<\/div>","protected":false},"author":1,"featured_media":88136,"comment_status":"open","ping_status":"open","sticky":false,"template":"","format":"standard","meta":{"footnotes":""},"categories":[6,29],"tags":[],"class_list":["post-88106","post","type-post","status-publish","format-standard","has-post-thumbnail","hentry","category-analyza","category-tiskovky"],"_links":{"self":[{"href":"https:\/\/www.automakersnews.cz\/index.php\/wp-json\/wp\/v2\/posts\/88106","targetHints":{"allow":["GET"]}}],"collection":[{"href":"https:\/\/www.automakersnews.cz\/index.php\/wp-json\/wp\/v2\/posts"}],"about":[{"href":"https:\/\/www.automakersnews.cz\/index.php\/wp-json\/wp\/v2\/types\/post"}],"author":[{"embeddable":true,"href":"https:\/\/www.automakersnews.cz\/index.php\/wp-json\/wp\/v2\/users\/1"}],"replies":[{"embeddable":true,"href":"https:\/\/www.automakersnews.cz\/index.php\/wp-json\/wp\/v2\/comments?post=88106"}],"version-history":[{"count":0,"href":"https:\/\/www.automakersnews.cz\/index.php\/wp-json\/wp\/v2\/posts\/88106\/revisions"}],"wp:featuredmedia":[{"embeddable":true,"href":"https:\/\/www.automakersnews.cz\/index.php\/wp-json\/wp\/v2\/media\/88136"}],"wp:attachment":[{"href":"https:\/\/www.automakersnews.cz\/index.php\/wp-json\/wp\/v2\/media?parent=88106"}],"wp:term":[{"taxonomy":"category","embeddable":true,"href":"https:\/\/www.automakersnews.cz\/index.php\/wp-json\/wp\/v2\/categories?post=88106"},{"taxonomy":"post_tag","embeddable":true,"href":"https:\/\/www.automakersnews.cz\/index.php\/wp-json\/wp\/v2\/tags?post=88106"}],"curies":[{"name":"wp","href":"https:\/\/api.w.org\/{rel}","templated":true}]}}