{"id":88141,"date":"2023-08-24T08:16:39","date_gmt":"2023-08-24T08:16:39","guid":{"rendered":"https:\/\/www.automakersnews.cz\/?p=88141"},"modified":"2023-08-25T09:53:10","modified_gmt":"2023-08-25T09:53:10","slug":"all-american-fest-chysta-jizdu-harleyu","status":"publish","type":"post","link":"https:\/\/www.automakersnews.cz\/index.php\/2023\/08\/24\/all-american-fest-chysta-jizdu-harleyu\/","title":{"rendered":"Harley-Davidson chyst\u00e1 j\u00edzdu po Praze"},"content":{"rendered":"<p lang=\"cs-CZ\" align=\"JUSTIFY\"><span style=\"font-family: Arial, serif;\"><span style=\"font-size: medium;\"><b>Z tradi\u010dn\u00edch Prague Harley Days se letos stal All American Fest, kter\u00fd se na hole\u0161ovick\u00e9m V\u00fdstavi\u0161ti uskute\u010dn\u00ed od p\u00e1tku 1. do ned\u011ble 3. z\u00e1\u0159\u00ed. V sobotu odstartuje spalinou j\u00edzdu. Od V\u00fdstavi\u0161t\u011b tak do centra metropole zam\u00ed\u0159\u00ed stovky motocykl\u016f Harley-Davidson! Organiz\u00e1to\u0159i sezn\u00e1mili novin\u00e1\u0159e s nov\u00fdm form\u00e1tem akce na tiskov\u00e9 konferenci v s\u00eddle H-D na pra\u017esk\u00e9 \u0160alamounce.<\/b><\/span><\/span><!--more--><\/p>\n<p lang=\"cs-CZ\">All American Fest letos propoj\u00ed ji\u017e zaveden\u00e9 akce jako je Prague Harley Days, Burgerfest a open-air FMX Gladiator Games<\/p>\n<p lang=\"cs-CZ\"><span style=\"font-family: Arial, serif;\"><span style=\"font-size: medium;\">Spanil\u00e1 j\u00edzda bude i letos pat\u0159it mezi nejv\u011bt\u0161\u00ed programov\u00e9 hity nabit\u00e9ho 3denn\u00edho program All American Festu. A jako ka\u017edoro\u010dn\u011b slibuje velk\u00fd z\u00e1\u017eitek nejen pro samotn\u00e9 jezdce a \u00fa\u010dastn\u00edky spanil\u00e9 j\u00edzdy, ale i jedine\u010dnou pod\u00edvanou pro v\u0161echny ostatn\u00ed n\u00e1v\u0161t\u011bvn\u00edky, turisty, Pra\u017eany nebo n\u00e1hodn\u00e9 kolemjdouc\u00ed. \u00da\u010dast v n\u00ed nav\u00edc nen\u00ed podm\u00edn\u011bna motocyklem Harley-Davidson, ale u\u017e\u00edt si ji m\u016f\u017ee skute\u010dn\u011b ka\u017ed\u00fd jezdec na jak\u00e9mkoli stroji, v\u010detn\u011b sk\u00fatru! <\/span><\/span><\/p>\n<p>\u201e<span style=\"font-size: medium;\"><span style=\"font-family: Arial, serif;\"><span lang=\"cs-CZ\"><i>Spanil\u00e1 j\u00edzda je ur\u010dena \u00fapln\u011b pro v\u0161echny jezdce, pro v\u0161echny, kte\u0159\u00ed s n\u00e1mi budou cht\u00edt jet a u\u017e\u00edt si jej\u00ed jedine\u010dnou atmosf\u00e9ru, kter\u00e1 se ned\u00e1 popsat jinak ne\u017e tak, \u017ee ji prost\u011b mus\u00edte za\u017e\u00edt. Z\u00e1jemci posta\u010d\u00ed, kdy\u017e si na All American Festu v\u010das vyzvedne speci\u00e1ln\u00ed p\u00e1sku na motocykl oprav\u0148uj\u00edc\u00ed k \u00fa\u010dasti ve spanil\u00e9 j\u00edzd\u011b a v sobotu r\u00e1no doraz\u00ed na \u0159azen\u00ed. A pak u\u017e si jen bude u\u017e\u00edvat! J\u00edzdu v jedn\u00e9 stop\u011b po boku stovek harley\u016f i dal\u0161\u00edch motocykl\u016f nejr\u016fzn\u011bj\u0161\u00edch zna\u010dek, neopakovatelnou atmosf\u00e9ru, pohodu &#8211; jednodu\u0161e \u0159e\u010deno, v\u0161e, co ke spanil\u00e9 j\u00edzd\u011b pat\u0159\u00ed,\u201d <\/i><\/span><\/span><span style=\"font-family: Arial, serif;\"><span lang=\"cs-CZ\">\u0159\u00edk\u00e1 <\/span><\/span><span style=\"font-family: Arial, serif;\"><span lang=\"cs-CZ\"><b>Jaroslav Vav\u0159ina<\/b><\/span><\/span><span style=\"font-family: Arial, serif;\"><span lang=\"cs-CZ\">, organiz\u00e1tor All American Festu. <\/span><\/span><\/span><\/p>\n<figure id=\"attachment_88144\" aria-describedby=\"caption-attachment-88144\" style=\"width: 1024px\" class=\"wp-caption alignnone\"><img loading=\"lazy\" decoding=\"async\" class=\"size-large wp-image-88144\" src=\"http:\/\/www.automakersnews.cz\/wp-content\/uploads\/2023\/08\/Harley-TK-Kosire-2023-Vavrina-1024x768.jpg\" alt=\"\" width=\"1024\" height=\"768\" srcset=\"https:\/\/www.automakersnews.cz\/wp-content\/uploads\/2023\/08\/Harley-TK-Kosire-2023-Vavrina-1024x768.jpg 1024w, https:\/\/www.automakersnews.cz\/wp-content\/uploads\/2023\/08\/Harley-TK-Kosire-2023-Vavrina-300x225.jpg 300w, https:\/\/www.automakersnews.cz\/wp-content\/uploads\/2023\/08\/Harley-TK-Kosire-2023-Vavrina-768x576.jpg 768w, https:\/\/www.automakersnews.cz\/wp-content\/uploads\/2023\/08\/Harley-TK-Kosire-2023-Vavrina-1536x1152.jpg 1536w, https:\/\/www.automakersnews.cz\/wp-content\/uploads\/2023\/08\/Harley-TK-Kosire-2023-Vavrina-678x509.jpg 678w, https:\/\/www.automakersnews.cz\/wp-content\/uploads\/2023\/08\/Harley-TK-Kosire-2023-Vavrina-326x245.jpg 326w, https:\/\/www.automakersnews.cz\/wp-content\/uploads\/2023\/08\/Harley-TK-Kosire-2023-Vavrina-80x60.jpg 80w, https:\/\/www.automakersnews.cz\/wp-content\/uploads\/2023\/08\/Harley-TK-Kosire-2023-Vavrina.jpg 2040w\" sizes=\"auto, (max-width: 1024px) 100vw, 1024px\" \/><figcaption id=\"caption-attachment-88144\" class=\"wp-caption-text\">Tiskov\u00e1 konference v s\u00eddle importu H-D na pra\u017esk\u00e9 \u0160alamounce. Organiz\u00e1to\u0159i po\u010d\u00edtaj\u00ed na spanilku s 800 &#8211; 1000 motocykly na obvykl\u00e9 trase. Starom\u011bstsk\u00e9 n\u00e1m\u011bst\u00ed letos nebude.<\/figcaption><\/figure>\n<p><span style=\"font-size: medium;\"><span style=\"font-family: Arial, serif;\"><span lang=\"cs-CZ\">Trasa spanil\u00e9 j\u00edzdy by letos m\u011bla v\u00e9st od hole\u0161ovick\u00e9ho V\u00fdstavi\u0161t\u011b na <\/span><\/span><span style=\"color: #000000;\"><span style=\"font-family: Arial, serif;\"><span lang=\"cs-CZ\">Magistr\u00e1lu, n\u00e1sledovat by m\u011bla n\u011bkolikaminutov\u00e1 zast\u00e1vka na V\u00e1clavsk\u00e9m n\u00e1m\u011bst\u00ed a pot\u00e9 bude kolona motocykl\u016f pokra\u010dovat sm\u011br Karlovo n\u00e1m\u011bst\u00ed a pod\u00e9l n\u00e1b\u0159e\u017e\u00ed zp\u011bt do Hole\u0161ovic<\/span><\/span><\/span><span style=\"font-family: Arial, serif;\"><span lang=\"cs-CZ\">. \u00da\u010dastnit by se j\u00ed tentokr\u00e1t m\u011blo minim\u00e1ln\u011b 800 motocykl\u016f. <\/span><\/span><\/span><\/p>\n<p><span style=\"font-size: medium;\"><span style=\"font-family: Arial, serif;\"><span lang=\"cs-CZ\">Pro \u00fa\u010dast ve spanil\u00e9 j\u00edzd\u011b posta\u010d\u00ed si na All American Festu v INFO st\u00e1nku vyzvednout p\u00e1sku na motocykl, nejpozd\u011bji do sobotn\u00edch 9 hodin a n\u00e1sledn\u011b db\u00e1t pokyn\u016f po\u0159adatel\u016f p\u0159i \u0159azen\u00ed. To za\u010d\u00edn\u00e1 v 9 hodin v doln\u00ed \u010d\u00e1sti hole\u0161ovick\u00e9ho V\u00fdstavi\u0161t\u011b a samotn\u00fd start spanil\u00e9 j\u00edzdy, tedy \u010das, kdy se kolona motocykl\u016f od V\u00fdstavi\u0161t\u011b rozjede sm\u011brem do centra Prahy je napl\u00e1nov\u00e1n na 10:30. <\/span><\/span><\/span><\/p>\n<figure id=\"attachment_88149\" aria-describedby=\"caption-attachment-88149\" style=\"width: 1024px\" class=\"wp-caption alignnone\"><img loading=\"lazy\" decoding=\"async\" class=\"size-large wp-image-88149\" src=\"http:\/\/www.automakersnews.cz\/wp-content\/uploads\/2023\/08\/Harley-Salamounka-servis-1024x768.jpg\" alt=\"\" width=\"1024\" height=\"768\" srcset=\"https:\/\/www.automakersnews.cz\/wp-content\/uploads\/2023\/08\/Harley-Salamounka-servis-1024x768.jpg 1024w, https:\/\/www.automakersnews.cz\/wp-content\/uploads\/2023\/08\/Harley-Salamounka-servis-300x225.jpg 300w, https:\/\/www.automakersnews.cz\/wp-content\/uploads\/2023\/08\/Harley-Salamounka-servis-768x576.jpg 768w, https:\/\/www.automakersnews.cz\/wp-content\/uploads\/2023\/08\/Harley-Salamounka-servis-1536x1152.jpg 1536w, https:\/\/www.automakersnews.cz\/wp-content\/uploads\/2023\/08\/Harley-Salamounka-servis-678x509.jpg 678w, https:\/\/www.automakersnews.cz\/wp-content\/uploads\/2023\/08\/Harley-Salamounka-servis-326x245.jpg 326w, https:\/\/www.automakersnews.cz\/wp-content\/uploads\/2023\/08\/Harley-Salamounka-servis-80x60.jpg 80w, https:\/\/www.automakersnews.cz\/wp-content\/uploads\/2023\/08\/Harley-Salamounka-servis.jpg 2040w\" sizes=\"auto, (max-width: 1024px) 100vw, 1024px\" \/><figcaption id=\"caption-attachment-88149\" class=\"wp-caption-text\">S\u00eddlo \u010desk\u00e9ho Harleye v pra\u017esk\u00fdch Ko\u0161\u00ed\u0159\u00edch<\/figcaption><\/figure>\n<p lang=\"cs-CZ\"><img loading=\"lazy\" decoding=\"async\" class=\"alignnone size-full wp-image-88179\" src=\"http:\/\/www.automakersnews.cz\/wp-content\/uploads\/2023\/08\/Parade_1CZ.png\" alt=\"\" width=\"480\" height=\"480\" srcset=\"https:\/\/www.automakersnews.cz\/wp-content\/uploads\/2023\/08\/Parade_1CZ.png 480w, https:\/\/www.automakersnews.cz\/wp-content\/uploads\/2023\/08\/Parade_1CZ-300x300.png 300w, https:\/\/www.automakersnews.cz\/wp-content\/uploads\/2023\/08\/Parade_1CZ-150x150.png 150w\" sizes=\"auto, (max-width: 480px) 100vw, 480px\" \/><\/p>\n","protected":false},"excerpt":{"rendered":"<div class=\"mh-excerpt\"><p>Z tradi\u010dn\u00edch Prague Harley Days se letos stal All American Fest, kter\u00fd se na hole\u0161ovick\u00e9m V\u00fdstavi\u0161ti uskute\u010dn\u00ed od p\u00e1tku 1. do ned\u011ble 3. z\u00e1\u0159\u00ed. V <a class=\"mh-excerpt-more\" href=\"https:\/\/www.automakersnews.cz\/index.php\/2023\/08\/24\/all-american-fest-chysta-jizdu-harleyu\/\" title=\"Harley-Davidson chyst\u00e1 j\u00edzdu po Praze\">[&#8230;]<\/a><\/p>\n<\/div>","protected":false},"author":1,"featured_media":88146,"comment_status":"open","ping_status":"open","sticky":false,"template":"","format":"standard","meta":{"footnotes":""},"categories":[10,46],"tags":[],"class_list":["post-88141","post","type-post","status-publish","format-standard","has-post-thumbnail","hentry","category-eventy","category-motocykly"],"_links":{"self":[{"href":"https:\/\/www.automakersnews.cz\/index.php\/wp-json\/wp\/v2\/posts\/88141","targetHints":{"allow":["GET"]}}],"collection":[{"href":"https:\/\/www.automakersnews.cz\/index.php\/wp-json\/wp\/v2\/posts"}],"about":[{"href":"https:\/\/www.automakersnews.cz\/index.php\/wp-json\/wp\/v2\/types\/post"}],"author":[{"embeddable":true,"href":"https:\/\/www.automakersnews.cz\/index.php\/wp-json\/wp\/v2\/users\/1"}],"replies":[{"embeddable":true,"href":"https:\/\/www.automakersnews.cz\/index.php\/wp-json\/wp\/v2\/comments?post=88141"}],"version-history":[{"count":0,"href":"https:\/\/www.automakersnews.cz\/index.php\/wp-json\/wp\/v2\/posts\/88141\/revisions"}],"wp:featuredmedia":[{"embeddable":true,"href":"https:\/\/www.automakersnews.cz\/index.php\/wp-json\/wp\/v2\/media\/88146"}],"wp:attachment":[{"href":"https:\/\/www.automakersnews.cz\/index.php\/wp-json\/wp\/v2\/media?parent=88141"}],"wp:term":[{"taxonomy":"category","embeddable":true,"href":"https:\/\/www.automakersnews.cz\/index.php\/wp-json\/wp\/v2\/categories?post=88141"},{"taxonomy":"post_tag","embeddable":true,"href":"https:\/\/www.automakersnews.cz\/index.php\/wp-json\/wp\/v2\/tags?post=88141"}],"curies":[{"name":"wp","href":"https:\/\/api.w.org\/{rel}","templated":true}]}}