{"id":88188,"date":"2023-08-24T08:13:52","date_gmt":"2023-08-24T08:13:52","guid":{"rendered":"https:\/\/www.automakersnews.cz\/?p=88188"},"modified":"2023-08-24T08:13:52","modified_gmt":"2023-08-24T08:13:52","slug":"citroen-svolava-do-servisu-335-000-aut","status":"publish","type":"post","link":"https:\/\/www.automakersnews.cz\/index.php\/2023\/08\/24\/citroen-svolava-do-servisu-335-000-aut\/","title":{"rendered":"Citro\u00ebn svol\u00e1v\u00e1 do servisu 335 000 aut"},"content":{"rendered":"<p><strong><span class=\"e1id5 e4id0 advancedHighlight SearchKeywordHighlight\" data-id=\"0\" data-classic=\"true\">Citroen<\/span>\u00a0svol\u00e1v\u00e1 335.143 aut modelov\u00fdch \u0159ad\u00a0<span class=\"e3id8 advancedHighlight\" data-id=\"13\" data-classic=\"false\">Berlingo<\/span>, C-Elysee, C3, C4,\u00a0<span class=\"e3id0 advancedHighlight\" data-id=\"14\" data-classic=\"false\">C4<\/span>\u00a0<span class=\"e3id0 advancedHighlight\" data-id=\"14\" data-classic=\"false\">Picasso<\/span>, C5 Aircross, Jumper, Jumpy a Spacetourer vyroben\u00fdch v letech 2019 a\u017e 2022. Kde je probl\u00e9m?<\/strong><!--more--><\/p>\n<p>D\u016fvodem svol\u00e1va\u010dky je chybn\u00e1 kalibrace diagnostiky \u010derpadla mo\u010doviny v \u0159\u00eddic\u00ed jednotce motoru, kter\u00e1 vede k tomu, \u017ee\u00a0<span class=\"e5id0 advancedHighlight\" data-id=\"16\" data-classic=\"false\">\u0159idi\u010d<\/span> nen\u00ed varov\u00e1n, kdy\u017e je katalyz\u00e1tor SCR deaktivov\u00e1n.<\/p>\n<p>Stejn\u00fd probl\u00e9m m\u00e1 i 23.982 voz\u016f\u00a0<span class=\"e1id0 e4id0 advancedHighlight\" data-id=\"8\" data-classic=\"false\">DS<\/span>\u00a0<span class=\"e1id0 e4id0 advancedHighlight\" data-id=\"8\" data-classic=\"false\">Automobiles<\/span>\u00a0(<span class=\"e3id3 advancedHighlight\" data-id=\"19\" data-classic=\"false\">DS3<\/span>,\u00a0<span class=\"e2id0 advancedHighlight\" data-id=\"20\" data-classic=\"false\">DS4<\/span>\u00a0a DS7) a 23.982 dod\u00e1vek\u00a0<span class=\"e3id9 advancedHighlight\" data-id=\"21\" data-classic=\"false\">Fiat<\/span>\u00a0<span class=\"e3id9 advancedHighlight\" data-id=\"21\" data-classic=\"false\">Scudo<\/span>. Dal\u0161\u00ed svol\u00e1va\u010dku vyhl\u00e1sil\u00a0<span class=\"e1id5 e4id0 advancedHighlight SearchKeywordHighlight\" data-id=\"0\" data-classic=\"true\">Citroen<\/span>\u00a0p\u0159es KBA pro 87,953\u00a0<span class=\"e3id7 advancedHighlight e-product SearchKeywordHighlight\" data-id=\"24\" data-classic=\"true\">Citroen\u016f<\/span>\u00a0<span class=\"e3id7 advancedHighlight\" data-id=\"25\" data-classic=\"false\">C4<\/span>\u00a0kv\u016fli mo\u017en\u00e9 z\u00e1vad\u011b na syst\u00e9mu e-Call.<\/p>\n<p><strong>Zdroj: KBA, svolavacky.cz<\/strong><\/p>\n","protected":false},"excerpt":{"rendered":"<div class=\"mh-excerpt\"><p>Citroen\u00a0svol\u00e1v\u00e1 335.143 aut modelov\u00fdch \u0159ad\u00a0Berlingo, C-Elysee, C3, C4,\u00a0C4\u00a0Picasso, C5 Aircross, Jumper, Jumpy a Spacetourer vyroben\u00fdch v letech 2019 a\u017e 2022. Kde je probl\u00e9m?<\/p>\n<\/div>","protected":false},"author":1,"featured_media":25508,"comment_status":"open","ping_status":"open","sticky":false,"template":"","format":"standard","meta":{"footnotes":""},"categories":[17],"tags":[],"class_list":["post-88188","post","type-post","status-publish","format-standard","has-post-thumbnail","hentry","category-servis"],"_links":{"self":[{"href":"https:\/\/www.automakersnews.cz\/index.php\/wp-json\/wp\/v2\/posts\/88188","targetHints":{"allow":["GET"]}}],"collection":[{"href":"https:\/\/www.automakersnews.cz\/index.php\/wp-json\/wp\/v2\/posts"}],"about":[{"href":"https:\/\/www.automakersnews.cz\/index.php\/wp-json\/wp\/v2\/types\/post"}],"author":[{"embeddable":true,"href":"https:\/\/www.automakersnews.cz\/index.php\/wp-json\/wp\/v2\/users\/1"}],"replies":[{"embeddable":true,"href":"https:\/\/www.automakersnews.cz\/index.php\/wp-json\/wp\/v2\/comments?post=88188"}],"version-history":[{"count":0,"href":"https:\/\/www.automakersnews.cz\/index.php\/wp-json\/wp\/v2\/posts\/88188\/revisions"}],"wp:featuredmedia":[{"embeddable":true,"href":"https:\/\/www.automakersnews.cz\/index.php\/wp-json\/wp\/v2\/media\/25508"}],"wp:attachment":[{"href":"https:\/\/www.automakersnews.cz\/index.php\/wp-json\/wp\/v2\/media?parent=88188"}],"wp:term":[{"taxonomy":"category","embeddable":true,"href":"https:\/\/www.automakersnews.cz\/index.php\/wp-json\/wp\/v2\/categories?post=88188"},{"taxonomy":"post_tag","embeddable":true,"href":"https:\/\/www.automakersnews.cz\/index.php\/wp-json\/wp\/v2\/tags?post=88188"}],"curies":[{"name":"wp","href":"https:\/\/api.w.org\/{rel}","templated":true}]}}