{"id":8848,"date":"2022-12-15T14:57:42","date_gmt":"2022-12-15T14:57:42","guid":{"rendered":"https:\/\/www.automakersnews.cz\/?p=8848"},"modified":"2022-12-15T15:00:27","modified_gmt":"2022-12-15T15:00:27","slug":"sebesta-startuje-predpordej-vw-amarok","status":"publish","type":"post","link":"https:\/\/www.automakersnews.cz\/index.php\/2022\/12\/15\/sebesta-startuje-predpordej-vw-amarok\/","title":{"rendered":"\u0160ebesta startuje p\u0159edprodej Volkswagenu Amarok"},"content":{"rendered":"<p><strong>\u0160\u00e9f divize Volkswagen U\u017eitkov\u00e9 vozy v Porsche \u010cR Jakub \u0160ebesta zah\u00e1jil p\u0159edprodej nov\u00e9ho Amaroku, ceny za\u010d\u00ednaj\u00ed na 870 007 K\u010d bez DPH (1 052 708 K\u010d v\u010detn\u011b DPH).<\/strong><!--more--><\/p>\n<p><strong>\u00a0<\/strong><strong>\u201e<\/strong>M\u00e1m velkou radost, \u017ee se do na\u0161\u00ed nab\u00eddky na \u010desk\u00e9m trhu op\u011bt vrac\u00ed tak skv\u011bl\u00fd v\u016fz, jak\u00fdm je Amarok,\u201c \u0159\u00edk\u00e1 Jakub \u0160ebesta, \u0159editel zna\u010dky Volkswagen U\u017eitkov\u00e9 vozy v\u00a0\u010cesk\u00e9 republice.<\/p>\n<p>\u201ePrvn\u00ed generace Amaroku se stala kultovn\u00ed a nyn\u00ed p\u0159ich\u00e1z\u00ed generace nov\u00e1, kter\u00e1 je je\u0161t\u011b expresivn\u011bj\u0161\u00ed a suver\u00e9nn\u011bj\u0161\u00ed. Konfigur\u00e1tor bude spu\u0161t\u011bn v\u00a0polovin\u011b roku 2023, ale z\u00e1kazn\u00edci ji\u017e nyn\u00ed mohou nov\u00fd Amarok objedn\u00e1vat u autorizovan\u00fdch prodejc\u016f zna\u010dky Volkswagen U\u017eitkov\u00e9 vozy.\u201c<\/p>\n<p>K\u00a0dispozici je v\u0161ech p\u011bt stup\u0148\u016f v\u00fdbavy. Amarok 2.0 TDI 125 kW s\u00a06stup\u0148ovou manu\u00e1ln\u00ed p\u0159evodovkou stoj\u00ed 870\u00a0007 K\u010d bez DPH (1\u00a0052\u00a0708 K\u010d v\u010detn\u011b DPH).<\/p>\n<p>Amarok Life je poh\u00e1n\u011bn jednotkou 2.0 TDI 151 kW v\u00a0kombinaci s\u00a06stup\u0148ovou manu\u00e1ln\u00ed nebo 10stup\u0148ovou automatickou p\u0159evodovkou.<\/p>\n<p>Ceny v\u00a0tomto p\u0159\u00edpad\u011b za\u010d\u00ednaj\u00ed od 923\u00a0598 K\u010d bez DPH (1\u00a0117\u00a0554 K\u010d v\u010detn\u011b DPH). Ostatn\u00ed v\u00fdbavov\u00e9 linie \u2013 Style, PanAmericana a Aventura \u2013 maj\u00ed pod kapotou \u0161estiv\u00e1lec 3.0 TDI 177 kW s\u00a010stup\u0148ovou automatickou p\u0159evodovkou a jejich z\u00e1kladn\u00ed ceny se pohybuj\u00ed v\u00a0rozsahu od 1\u00a0031\u00a0751 K\u010d do 1\u00a0191\u00a0138 K\u010d bez DPH (od 1\u00a0248\u00a0418 K\u010d do 1\u00a0441\u00a0277 K\u010d v\u010detn\u011b DPH).<\/p>\n<p><img loading=\"lazy\" decoding=\"async\" class=\"alignnone size-medium wp-image-8852\" src=\"http:\/\/www.automakersnews.cz\/wp-content\/uploads\/2022\/12\/Sebesta-scaled-e1671116331780-300x200.jpg\" alt=\"\" width=\"300\" height=\"200\" srcset=\"https:\/\/www.automakersnews.cz\/wp-content\/uploads\/2022\/12\/Sebesta-scaled-e1671116331780-300x200.jpg 300w, https:\/\/www.automakersnews.cz\/wp-content\/uploads\/2022\/12\/Sebesta-scaled-e1671116331780.jpg 560w\" sizes=\"auto, (max-width: 300px) 100vw, 300px\" \/><\/p>\n<p>Jakub \u0160ebesta slibuje 5 stup\u0148\u016f v\u00fdbavy a t\u0159i motorizace<\/p>\n","protected":false},"excerpt":{"rendered":"<div class=\"mh-excerpt\"><p>\u0160\u00e9f divize Volkswagen U\u017eitkov\u00e9 vozy v Porsche \u010cR Jakub \u0160ebesta zah\u00e1jil p\u0159edprodej nov\u00e9ho Amaroku, ceny za\u010d\u00ednaj\u00ed na 870 007 K\u010d bez DPH (1 052 708 <a class=\"mh-excerpt-more\" href=\"https:\/\/www.automakersnews.cz\/index.php\/2022\/12\/15\/sebesta-startuje-predpordej-vw-amarok\/\" title=\"\u0160ebesta startuje p\u0159edprodej Volkswagenu Amarok\">[&#8230;]<\/a><\/p>\n<\/div>","protected":false},"author":1,"featured_media":8849,"comment_status":"open","ping_status":"open","sticky":false,"template":"","format":"standard","meta":{"footnotes":""},"categories":[44],"tags":[],"class_list":["post-8848","post","type-post","status-publish","format-standard","has-post-thumbnail","hentry","category-ceny-novinek"],"_links":{"self":[{"href":"https:\/\/www.automakersnews.cz\/index.php\/wp-json\/wp\/v2\/posts\/8848","targetHints":{"allow":["GET"]}}],"collection":[{"href":"https:\/\/www.automakersnews.cz\/index.php\/wp-json\/wp\/v2\/posts"}],"about":[{"href":"https:\/\/www.automakersnews.cz\/index.php\/wp-json\/wp\/v2\/types\/post"}],"author":[{"embeddable":true,"href":"https:\/\/www.automakersnews.cz\/index.php\/wp-json\/wp\/v2\/users\/1"}],"replies":[{"embeddable":true,"href":"https:\/\/www.automakersnews.cz\/index.php\/wp-json\/wp\/v2\/comments?post=8848"}],"version-history":[{"count":0,"href":"https:\/\/www.automakersnews.cz\/index.php\/wp-json\/wp\/v2\/posts\/8848\/revisions"}],"wp:featuredmedia":[{"embeddable":true,"href":"https:\/\/www.automakersnews.cz\/index.php\/wp-json\/wp\/v2\/media\/8849"}],"wp:attachment":[{"href":"https:\/\/www.automakersnews.cz\/index.php\/wp-json\/wp\/v2\/media?parent=8848"}],"wp:term":[{"taxonomy":"category","embeddable":true,"href":"https:\/\/www.automakersnews.cz\/index.php\/wp-json\/wp\/v2\/categories?post=8848"},{"taxonomy":"post_tag","embeddable":true,"href":"https:\/\/www.automakersnews.cz\/index.php\/wp-json\/wp\/v2\/tags?post=8848"}],"curies":[{"name":"wp","href":"https:\/\/api.w.org\/{rel}","templated":true}]}}