{"id":88638,"date":"2023-08-25T09:07:22","date_gmt":"2023-08-25T09:07:22","guid":{"rendered":"https:\/\/www.automakersnews.cz\/?p=88638"},"modified":"2023-08-25T09:07:22","modified_gmt":"2023-08-25T09:07:22","slug":"zacina-caravan-salon-dusseldorf","status":"publish","type":"post","link":"https:\/\/www.automakersnews.cz\/index.php\/2023\/08\/25\/zacina-caravan-salon-dusseldorf\/","title":{"rendered":"Za\u010d\u00edn\u00e1 Caravan Salon D\u00fcsseldorf"},"content":{"rendered":"<p><strong>Magnetem pro evropsk\u00e9 cestovatele m\u00e1 b\u00fdt v\u00fdstava Caravan Salon 2023, kter\u00e1 za\u010d\u00edn\u00e1 v n\u011bmeck\u00e9m D\u00fcsseldorfu v p\u00e1tek 25. srpna a trv\u00e1 a\u017e do ned\u011ble 3. z\u00e1\u0159\u00ed. Opel tu p\u0159edv\u00e1d\u00ed obytn\u00e9 Vivaro.<\/strong><!--more--><\/p>\n<p>Na leto\u0161n\u00edm Caravan Salonu se krom\u011b jin\u00fdch bl\u00fdskne i Opel! V expozici skupiny Stellantis (hala 16, st\u00e1nek D42) p\u0159edstav\u00ed flexibiln\u00ed Vivaro jako ide\u00e1ln\u00ed z\u00e1klad pro p\u0159estavbu na obytn\u00fd v\u016fz.<\/p>\n<p><strong>Sen v\u0161ech bydl\u00edk\u00e1\u0159\u016f: Opel Vivaro<\/strong><\/p>\n<p>V p\u0159\u00edpad\u011b Opelu Vivaro mohou z\u00e1jemci vyb\u00edrat ze dvou d\u00e9lek: M (d\u00e9lka 4,95 metru) a L (5,30 metru). Vivaro M p\u0159edstaven\u00e9 v D\u00fcsseldorfu je konfigurov\u00e1no jako dvoum\u00edstn\u00e9 a nab\u00edz\u00ed maxim\u00e1ln\u011b variabiln\u00ed prostor pro cestuj\u00edc\u00ed i zavazadla. Manu\u00e1ln\u011b posuvn\u00e9 dve\u0159e na obou stran\u00e1ch vozu usnad\u0148uj\u00ed p\u0159\u00edstup do interi\u00e9ru, tmav\u011b t\u00f3novan\u00e1 skla bo\u010dn\u00edch a zadn\u00edch oken chr\u00e1n\u00ed p\u0159ed zv\u011bdav\u00fdmi pohledy&#8230;<\/p>\n<p>Kupuj\u00edc\u00ed si mohou vybrat mezi lok\u00e1ln\u011b bezemisn\u00edm pohonem a zvolit bateriovou verzi (trak\u010dn\u00ed baterie 50 kWh, nebo 75 kWh) Vivaro-e o v\u00fdkonu 100 kW\/136 k, nebo verzi se vzn\u011btov\u00fdm motorem: 1.5 CDTI 75 kW\/102 k resp. 88 kW\/120 k a 2.0 CDTI 106 kW\/144 k resp. 130 kW\/177 k.<\/p>\n","protected":false},"excerpt":{"rendered":"<div class=\"mh-excerpt\"><p>Magnetem pro evropsk\u00e9 cestovatele m\u00e1 b\u00fdt v\u00fdstava Caravan Salon 2023, kter\u00e1 za\u010d\u00edn\u00e1 v n\u011bmeck\u00e9m D\u00fcsseldorfu v p\u00e1tek 25. srpna a trv\u00e1 a\u017e do ned\u011ble 3. <a class=\"mh-excerpt-more\" href=\"https:\/\/www.automakersnews.cz\/index.php\/2023\/08\/25\/zacina-caravan-salon-dusseldorf\/\" title=\"Za\u010d\u00edn\u00e1 Caravan Salon D\u00fcsseldorf\">[&#8230;]<\/a><\/p>\n<\/div>","protected":false},"author":4,"featured_media":88639,"comment_status":"open","ping_status":"open","sticky":false,"template":"","format":"standard","meta":{"footnotes":""},"categories":[28],"tags":[],"class_list":["post-88638","post","type-post","status-publish","format-standard","has-post-thumbnail","hentry","category-vystavy"],"_links":{"self":[{"href":"https:\/\/www.automakersnews.cz\/index.php\/wp-json\/wp\/v2\/posts\/88638","targetHints":{"allow":["GET"]}}],"collection":[{"href":"https:\/\/www.automakersnews.cz\/index.php\/wp-json\/wp\/v2\/posts"}],"about":[{"href":"https:\/\/www.automakersnews.cz\/index.php\/wp-json\/wp\/v2\/types\/post"}],"author":[{"embeddable":true,"href":"https:\/\/www.automakersnews.cz\/index.php\/wp-json\/wp\/v2\/users\/4"}],"replies":[{"embeddable":true,"href":"https:\/\/www.automakersnews.cz\/index.php\/wp-json\/wp\/v2\/comments?post=88638"}],"version-history":[{"count":0,"href":"https:\/\/www.automakersnews.cz\/index.php\/wp-json\/wp\/v2\/posts\/88638\/revisions"}],"wp:featuredmedia":[{"embeddable":true,"href":"https:\/\/www.automakersnews.cz\/index.php\/wp-json\/wp\/v2\/media\/88639"}],"wp:attachment":[{"href":"https:\/\/www.automakersnews.cz\/index.php\/wp-json\/wp\/v2\/media?parent=88638"}],"wp:term":[{"taxonomy":"category","embeddable":true,"href":"https:\/\/www.automakersnews.cz\/index.php\/wp-json\/wp\/v2\/categories?post=88638"},{"taxonomy":"post_tag","embeddable":true,"href":"https:\/\/www.automakersnews.cz\/index.php\/wp-json\/wp\/v2\/tags?post=88638"}],"curies":[{"name":"wp","href":"https:\/\/api.w.org\/{rel}","templated":true}]}}