{"id":88641,"date":"2023-08-25T09:09:16","date_gmt":"2023-08-25T09:09:16","guid":{"rendered":"https:\/\/www.automakersnews.cz\/?p=88641"},"modified":"2023-08-25T09:09:16","modified_gmt":"2023-08-25T09:09:16","slug":"tesco-a-cez-slibuji-dalsi-dobijecky","status":"publish","type":"post","link":"https:\/\/www.automakersnews.cz\/index.php\/2023\/08\/25\/tesco-a-cez-slibuji-dalsi-dobijecky\/","title":{"rendered":"Tesco a \u010cEZ slibuj\u00ed dal\u0161\u00ed dob\u00edje\u010dky"},"content":{"rendered":"<p><strong>Maloobchodn\u00ed \u0159et\u011bzec Tesco pokra\u010duje ve spolupr\u00e1ci se Skupinou \u010cEZ v budov\u00e1n\u00ed z\u00e1zem\u00ed pro z\u00e1kazn\u00edky z \u0159ad \u0159idi\u010d\u016f elektromobil\u016f. Jen do konce leto\u0161n\u00edho roku nab\u00eddne lidem mo\u017enost na\u010derpat bezemisn\u00ed energii a\u017e u 25 ve\u0159ejn\u00fdch dob\u00edjec\u00edch stanic. <\/strong><!--more--><\/p>\n<p>Nejnov\u011bj\u0161\u00edmi p\u0159\u00edr\u016fstky jsou 4 stojany v gar\u00e1\u017e\u00edch pra\u017esk\u00e9ho NC Eden a po dvou stanic\u00edch na parkovi\u0161t\u00edch are\u00e1l\u016f prodejen Tesco v \u010cesk\u00e9m Krumlov\u011b a Klatovech. Provozovatel nejv\u00fdkonn\u011bj\u0161\u00ed \u010desk\u00e9 s\u00edt\u011b ve\u0159ejn\u00fdch dob\u00edje\u010dek chce v dal\u0161\u00ed f\u00e1zi i v lokalit\u00e1ch Tesco stav\u011bt ultrarychl\u00e9 stojany a dob\u00edjec\u00ed huby se t\u0159emi a v\u00edce stanicemi, kter\u00e9 zkracuj\u00ed dobu dob\u00edjen\u00ed i \u010dek\u00e1n\u00ed na n\u011bj. Dob\u00edjec\u00ed stanice vzniknou i d\u00edky grantu z Opera\u010dn\u00edho programu Doprava.<\/p>\n<p>\u201eV Tesco v\u011b\u0159\u00edme, \u017ee lze dosahovat udr\u017eiteln\u00e9ho rozvoje a sou\u010dasn\u011b m\u00edt spokojen\u00e9 z\u00e1kazn\u00edky. Pohodln\u00e9 a rychl\u00e9 dobit\u00ed elektromobil\u016f je dal\u0161\u00edm krokem pro zv\u00fd\u0161en\u00ed komfortu na\u0161ich z\u00e1kazn\u00edk\u016f. D\u00edky spolupr\u00e1ci s \u010cEZ se n\u00e1m postupn\u011b da\u0159\u00ed osazovat parkovi\u0161t\u011b a gar\u00e1\u017ee na\u0161ich prodejen po cel\u00e9 republice. Po premi\u00e9rov\u00fdch stojanech spu\u0161t\u011bn\u00fdch v Kol\u00edn\u011b pokra\u010dujeme stanicemi v dal\u0161\u00edch t\u0159ech kraj\u00edch, v Praze, v ji\u017en\u00edch a z\u00e1padn\u00edch \u010cech\u00e1ch. Dal\u0161\u00ed des\u00edtky stanic bychom cht\u011bli p\u0159idat v n\u00e1sleduj\u00edc\u00edch m\u011bs\u00edc\u00edch,\u201c uvedla Katar\u00edna Navr\u00e1tilov\u00e1, gener\u00e1ln\u00ed \u0159editelka Tesco Stores \u010cR.<\/p>\n<figure id=\"attachment_18560\" aria-describedby=\"caption-attachment-18560\" style=\"width: 629px\" class=\"wp-caption alignnone\"><img loading=\"lazy\" decoding=\"async\" class=\"size-full wp-image-18560\" src=\"http:\/\/www.automakersnews.cz\/wp-content\/uploads\/2023\/02\/CEZ-Stojan-c.-500-ministr-dopravy-M.-Kupka-a-mistopredseda-predstavenstavenstva-CEZ-P.-Cyrani-small.jpg\" alt=\"\" width=\"629\" height=\"416\" srcset=\"https:\/\/www.automakersnews.cz\/wp-content\/uploads\/2023\/02\/CEZ-Stojan-c.-500-ministr-dopravy-M.-Kupka-a-mistopredseda-predstavenstavenstva-CEZ-P.-Cyrani-small.jpg 629w, https:\/\/www.automakersnews.cz\/wp-content\/uploads\/2023\/02\/CEZ-Stojan-c.-500-ministr-dopravy-M.-Kupka-a-mistopredseda-predstavenstavenstva-CEZ-P.-Cyrani-small-300x198.jpg 300w\" sizes=\"auto, (max-width: 629px) 100vw, 629px\" \/><figcaption id=\"caption-attachment-18560\" class=\"wp-caption-text\">Martin Kupka a Pavel Cyrani ned\u00e1vno pomohli zprovoznit novou dob\u00edje\u010dku \u010cEZ<\/figcaption><\/figure>\n<p>\u201eJsme r\u00e1di, \u017ee se Tesco stalo jedn\u00edm z na\u0161ich siln\u00fdch partner\u016f v roz\u0161i\u0159ov\u00e1n\u00ed elektromobility v \u010cesku. Dob\u00edjec\u00ed stanice by nem\u011bly chyb\u011bt nikde tam, kde lid\u00e9 del\u0161\u00ed \u010das parkuj\u00ed. Ide\u00e1ln\u00ed jsou proto pr\u00e1v\u011b m\u00edsta n\u00e1kup\u016f. Do konce roku bychom cht\u011bli spole\u010dn\u011b s Tesco postavit 25 stojan\u016f a celkov\u011b v prvn\u00ed f\u00e1zi spolupr\u00e1ce a\u017e 70. \u0158idi\u010d\u016fm garantujeme odb\u011br skute\u010dn\u011b bezemisn\u00ed elekt\u0159iny, a to d\u00edky certifikaci jej\u00edho p\u016fvodu z obnoviteln\u00fdch zdroj\u016f,\u201c \u0159ekl Pavel Cyrani, m\u00edstop\u0159edseda p\u0159edstavenstva \u010cEZ.<\/p>\n<p><img loading=\"lazy\" decoding=\"async\" class=\"alignnone wp-image-88642\" src=\"http:\/\/www.automakersnews.cz\/wp-content\/uploads\/2023\/08\/Tesco-Klatovy-1-small-1-300x225.jpg\" alt=\"\" width=\"840\" height=\"630\" srcset=\"https:\/\/www.automakersnews.cz\/wp-content\/uploads\/2023\/08\/Tesco-Klatovy-1-small-1-300x225.jpg 300w, https:\/\/www.automakersnews.cz\/wp-content\/uploads\/2023\/08\/Tesco-Klatovy-1-small-1-768x576.jpg 768w, https:\/\/www.automakersnews.cz\/wp-content\/uploads\/2023\/08\/Tesco-Klatovy-1-small-1-678x509.jpg 678w, https:\/\/www.automakersnews.cz\/wp-content\/uploads\/2023\/08\/Tesco-Klatovy-1-small-1-326x245.jpg 326w, https:\/\/www.automakersnews.cz\/wp-content\/uploads\/2023\/08\/Tesco-Klatovy-1-small-1-80x60.jpg 80w, https:\/\/www.automakersnews.cz\/wp-content\/uploads\/2023\/08\/Tesco-Klatovy-1-small-1.jpg 1024w\" sizes=\"auto, (max-width: 840px) 100vw, 840px\" \/><\/p>\n<p>\u010cEZ si v r\u00e1mci vize \u010cist\u00e1 Energie Z\u00edt\u0159ka vyty\u010dil do roku 2025 dosa\u017een\u00ed hranice 800 provozovan\u00fdch stojan\u016f pro dob\u00edjen\u00ed elektromobil\u016f a zn\u00e1soben\u00ed jejich v\u00fdkonu. Popt\u00e1vku po zkr\u00e1cen\u00ed \u010das\u016f dob\u00edjen\u00ed chce uspokojovat v\u00fdstavbou stanic pro ultrarychl\u00e9 dob\u00edjen\u00ed i roz\u0161i\u0159ov\u00e1n\u00edm po\u010dtu stojan\u016f v tzv. hubech ve vyt\u00ed\u017een\u00fdch lokalit\u00e1ch u hlavn\u00edch tah\u016f a ve m\u011bstech. Tato \u0159e\u0161en\u00ed v\u00fdrazn\u011b zkracuj\u00ed dobu pro dopln\u011bn\u00ed energie a \u0161et\u0159\u00ed \u010das \u0159idi\u010d\u016f i p\u0159i \u010dek\u00e1n\u00ed na voln\u00fd dob\u00edjec\u00ed konektor.<\/p>\n<p>B\u011bhem n\u00e1kupu v prodejn\u011b Tesco m\u016f\u017ee \u0159idi\u010d d\u00edky stojanu o v\u00fdkonu 50 kW doplnit v\u011bt\u0161inu kapacity bateri\u00ed sv\u00e9ho auta zhruba za p\u016flhodiny. Ka\u017ed\u00e1 stanice nab\u00edz\u00ed dob\u00edjec\u00ed konektory vhodn\u00e9 pro dob\u00edjen\u00ed v\u0161ech zna\u010dek a typ\u016f elektroaut. Z\u00e1kazn\u00edci prodejen Tesco z \u0159ad \u0159idi\u010d\u016f elektromobil\u016f plat\u00ed za dob\u00edjen\u00ed u ve\u0159ejn\u00fdch dob\u00edjec\u00edch stojan\u016f \u010cEZ v z\u00e1vislosti na typu stanice a rychlosti nab\u00edjen\u00ed, a to podle podm\u00ednek platn\u00e9ho cen\u00edku Smlouvy, cen\u00edk a OPSE | Futurego.cz P\u0159i zastaven\u00ed k nab\u00edjen\u00ed se u\u017eivatel identifikuje pomoc\u00ed z\u00e1kaznick\u00e9 RFID karty nebo prost\u0159ednictv\u00edm aplikace FUTUR\/E\/GO, kter\u00e1 spolu s webov\u00fdm rozhran\u00edm (tzv. Driver port\u00e1l) umo\u017e\u0148uje pohodlnou spr\u00e1vu jejich \u00fa\u010dt\u016f. Aplikace um\u00ed nap\u0159. vyhledat nejbli\u017e\u0161\u00ed dob\u00edjec\u00ed m\u00edsto v\u010detn\u011b aktu\u00e1ln\u00ed doby dojezdu a aktu\u00e1ln\u00ed obsazenosti stojan\u016f atd.<\/p>\n<p><img loading=\"lazy\" decoding=\"async\" class=\"alignnone wp-image-88644\" src=\"http:\/\/www.automakersnews.cz\/wp-content\/uploads\/2023\/08\/NC-Eden-1-small-3-300x225.jpg\" alt=\"\" width=\"869\" height=\"652\" srcset=\"https:\/\/www.automakersnews.cz\/wp-content\/uploads\/2023\/08\/NC-Eden-1-small-3-300x225.jpg 300w, https:\/\/www.automakersnews.cz\/wp-content\/uploads\/2023\/08\/NC-Eden-1-small-3-768x576.jpg 768w, https:\/\/www.automakersnews.cz\/wp-content\/uploads\/2023\/08\/NC-Eden-1-small-3-678x509.jpg 678w, https:\/\/www.automakersnews.cz\/wp-content\/uploads\/2023\/08\/NC-Eden-1-small-3-326x245.jpg 326w, https:\/\/www.automakersnews.cz\/wp-content\/uploads\/2023\/08\/NC-Eden-1-small-3-80x60.jpg 80w, https:\/\/www.automakersnews.cz\/wp-content\/uploads\/2023\/08\/NC-Eden-1-small-3.jpg 1024w\" sizes=\"auto, (max-width: 869px) 100vw, 869px\" \/><\/p>\n","protected":false},"excerpt":{"rendered":"<div class=\"mh-excerpt\"><p>Maloobchodn\u00ed \u0159et\u011bzec Tesco pokra\u010duje ve spolupr\u00e1ci se Skupinou \u010cEZ v budov\u00e1n\u00ed z\u00e1zem\u00ed pro z\u00e1kazn\u00edky z \u0159ad \u0159idi\u010d\u016f elektromobil\u016f. Jen do konce leto\u0161n\u00edho roku nab\u00eddne lidem <a class=\"mh-excerpt-more\" href=\"https:\/\/www.automakersnews.cz\/index.php\/2023\/08\/25\/tesco-a-cez-slibuji-dalsi-dobijecky\/\" title=\"Tesco a \u010cEZ slibuj\u00ed dal\u0161\u00ed dob\u00edje\u010dky\">[&#8230;]<\/a><\/p>\n<\/div>","protected":false},"author":4,"featured_media":88643,"comment_status":"open","ping_status":"open","sticky":false,"template":"","format":"standard","meta":{"footnotes":""},"categories":[22],"tags":[],"class_list":["post-88641","post","type-post","status-publish","format-standard","has-post-thumbnail","hentry","category-elektromobily"],"_links":{"self":[{"href":"https:\/\/www.automakersnews.cz\/index.php\/wp-json\/wp\/v2\/posts\/88641","targetHints":{"allow":["GET"]}}],"collection":[{"href":"https:\/\/www.automakersnews.cz\/index.php\/wp-json\/wp\/v2\/posts"}],"about":[{"href":"https:\/\/www.automakersnews.cz\/index.php\/wp-json\/wp\/v2\/types\/post"}],"author":[{"embeddable":true,"href":"https:\/\/www.automakersnews.cz\/index.php\/wp-json\/wp\/v2\/users\/4"}],"replies":[{"embeddable":true,"href":"https:\/\/www.automakersnews.cz\/index.php\/wp-json\/wp\/v2\/comments?post=88641"}],"version-history":[{"count":0,"href":"https:\/\/www.automakersnews.cz\/index.php\/wp-json\/wp\/v2\/posts\/88641\/revisions"}],"wp:featuredmedia":[{"embeddable":true,"href":"https:\/\/www.automakersnews.cz\/index.php\/wp-json\/wp\/v2\/media\/88643"}],"wp:attachment":[{"href":"https:\/\/www.automakersnews.cz\/index.php\/wp-json\/wp\/v2\/media?parent=88641"}],"wp:term":[{"taxonomy":"category","embeddable":true,"href":"https:\/\/www.automakersnews.cz\/index.php\/wp-json\/wp\/v2\/categories?post=88641"},{"taxonomy":"post_tag","embeddable":true,"href":"https:\/\/www.automakersnews.cz\/index.php\/wp-json\/wp\/v2\/tags?post=88641"}],"curies":[{"name":"wp","href":"https:\/\/api.w.org\/{rel}","templated":true}]}}