{"id":8887,"date":"2022-12-15T15:30:25","date_gmt":"2022-12-15T15:30:25","guid":{"rendered":"https:\/\/www.automakersnews.cz\/?p=8887"},"modified":"2022-12-15T15:55:30","modified_gmt":"2022-12-15T15:55:30","slug":"volvo-letos-v-cesku-cili-na-2400-aut","status":"publish","type":"post","link":"https:\/\/www.automakersnews.cz\/index.php\/2022\/12\/15\/volvo-letos-v-cesku-cili-na-2400-aut\/","title":{"rendered":"Volvo letos v \u010cesku c\u00edl\u00ed na 2450 aut"},"content":{"rendered":"<p><strong>\u0160\u00e9f Volvo Cars Czech Alican Emiro\u011flu sezval 15. prosince novin\u00e1\u0159e na \u0161v\u00e9dskou ambas\u00e1du v Praze na oslavu sv\u00e1tku sv. Lucie. <\/strong><strong>Hovo\u0159il o leto\u0161n\u00edch v\u00fdkonech zna\u010dky, hosty pozdravil tak\u00e9 velvyslanec J. E. Fredrik J\u00f6rgensen.<\/strong><!--more--><\/p>\n<p>Emiro\u011flu spojil posledn\u00ed dv\u011b desetilet\u00ed sv\u00e9ho profesion\u00e1ln\u00edho p\u016fsoben\u00ed se zna\u010dkou Volvo, \u010desk\u00fd import vede od listopadu 2020.<\/p>\n<p>P\u0159edt\u00edm od roku 2016 zast\u00e1val pozici obchodn\u00edho \u0159editele Volvo Car Turkey, v roce 2018 roz\u0161\u00ed\u0159il svoji zodpov\u011bdnost jako obchodn\u00ed a provozn\u00ed \u0159editel v\u0161ech import\u00e9r\u016f v r\u00e1mci regionu EMEA.<\/p>\n<p>&#8222;Posledn\u00ed dva roky za\u017e\u00edv\u00e1 Volvo v \u010cesku obdob\u00ed prodejn\u00ed stability, i kdy\u017e n\u00e1s podobn\u011b jako jin\u00e9 zna\u010dky tr\u00e1p\u00ed logistick\u00e9 probl\u00e9my. V roce 2021 jsme dos\u00e1hli na velice p\u0159\u00edzniv\u00fd v\u00fdsledek 2500 registrovan\u00fdch aut, letos na toto \u010d\u00edslo kv\u016fli nedostatku aut z v\u00fdroby t\u011bsn\u011b nedos\u00e1hneme. Po\u010d\u00edt\u00e1m s celoro\u010dn\u00edm prodejn\u00edm v\u00fdsledkem zhruba 2450 kus\u016f,&#8220; p\u0159ibl\u00ed\u017eil \u0161\u00e9f importu leto\u0161n\u00ed statistiky.<\/p>\n<p>V roce 2023 by cht\u011bl dos\u00e1hnout na 3000 kus\u016f a vyrovnat se tak n\u011bkter\u00fdm konkurent\u016fm v segmentu pr\u00e9miov\u00fdch voz\u016f.<\/p>\n<p>Prodejn\u00ed s\u00ed\u0165 zna\u010dky Volvo letos \u010d\u00edt\u00e1 14 partner\u016f, kte\u0159\u00ed provozuj\u00ed celkem 18 prodejn\u00edch m\u00edst. V p\u0159\u00ed\u0161t\u00edm roce m\u00e1 p\u0159ib\u00fdt servisn\u00ed m\u00edsto v Hradci Kr\u00e1lov\u00e9.<\/p>\n<figure id=\"attachment_8890\" aria-describedby=\"caption-attachment-8890\" style=\"width: 300px\" class=\"wp-caption alignnone\"><img loading=\"lazy\" decoding=\"async\" class=\"size-medium wp-image-8890\" src=\"http:\/\/www.automakersnews.cz\/wp-content\/uploads\/2022\/12\/Velvyslanec-svedsko-Jorgensen-300x225.jpg\" alt=\"\" width=\"300\" height=\"225\" srcset=\"https:\/\/www.automakersnews.cz\/wp-content\/uploads\/2022\/12\/Velvyslanec-svedsko-Jorgensen-300x225.jpg 300w, https:\/\/www.automakersnews.cz\/wp-content\/uploads\/2022\/12\/Velvyslanec-svedsko-Jorgensen-1024x768.jpg 1024w, https:\/\/www.automakersnews.cz\/wp-content\/uploads\/2022\/12\/Velvyslanec-svedsko-Jorgensen-768x576.jpg 768w, https:\/\/www.automakersnews.cz\/wp-content\/uploads\/2022\/12\/Velvyslanec-svedsko-Jorgensen-1536x1152.jpg 1536w, https:\/\/www.automakersnews.cz\/wp-content\/uploads\/2022\/12\/Velvyslanec-svedsko-Jorgensen-678x509.jpg 678w, https:\/\/www.automakersnews.cz\/wp-content\/uploads\/2022\/12\/Velvyslanec-svedsko-Jorgensen-326x245.jpg 326w, https:\/\/www.automakersnews.cz\/wp-content\/uploads\/2022\/12\/Velvyslanec-svedsko-Jorgensen-80x60.jpg 80w, https:\/\/www.automakersnews.cz\/wp-content\/uploads\/2022\/12\/Velvyslanec-svedsko-Jorgensen.jpg 2040w\" sizes=\"auto, (max-width: 300px) 100vw, 300px\" \/><figcaption id=\"caption-attachment-8890\" class=\"wp-caption-text\">Jeho Excelence J. E. Fredrik J\u00f6rgensen<\/figcaption><\/figure>\n","protected":false},"excerpt":{"rendered":"<div class=\"mh-excerpt\"><p>\u0160\u00e9f Volvo Cars Czech Alican Emiro\u011flu sezval 15. prosince novin\u00e1\u0159e na \u0161v\u00e9dskou ambas\u00e1du v Praze na oslavu sv\u00e1tku sv. Lucie. Hovo\u0159il o leto\u0161n\u00edch v\u00fdkonech zna\u010dky, <a class=\"mh-excerpt-more\" href=\"https:\/\/www.automakersnews.cz\/index.php\/2022\/12\/15\/volvo-letos-v-cesku-cili-na-2400-aut\/\" title=\"Volvo letos v \u010cesku c\u00edl\u00ed na 2450 aut\">[&#8230;]<\/a><\/p>\n<\/div>","protected":false},"author":1,"featured_media":8893,"comment_status":"open","ping_status":"open","sticky":false,"template":"","format":"standard","meta":{"footnotes":""},"categories":[8,29],"tags":[],"class_list":["post-8887","post","type-post","status-publish","format-standard","has-post-thumbnail","hentry","category-statistika","category-tiskovky"],"_links":{"self":[{"href":"https:\/\/www.automakersnews.cz\/index.php\/wp-json\/wp\/v2\/posts\/8887","targetHints":{"allow":["GET"]}}],"collection":[{"href":"https:\/\/www.automakersnews.cz\/index.php\/wp-json\/wp\/v2\/posts"}],"about":[{"href":"https:\/\/www.automakersnews.cz\/index.php\/wp-json\/wp\/v2\/types\/post"}],"author":[{"embeddable":true,"href":"https:\/\/www.automakersnews.cz\/index.php\/wp-json\/wp\/v2\/users\/1"}],"replies":[{"embeddable":true,"href":"https:\/\/www.automakersnews.cz\/index.php\/wp-json\/wp\/v2\/comments?post=8887"}],"version-history":[{"count":0,"href":"https:\/\/www.automakersnews.cz\/index.php\/wp-json\/wp\/v2\/posts\/8887\/revisions"}],"wp:featuredmedia":[{"embeddable":true,"href":"https:\/\/www.automakersnews.cz\/index.php\/wp-json\/wp\/v2\/media\/8893"}],"wp:attachment":[{"href":"https:\/\/www.automakersnews.cz\/index.php\/wp-json\/wp\/v2\/media?parent=8887"}],"wp:term":[{"taxonomy":"category","embeddable":true,"href":"https:\/\/www.automakersnews.cz\/index.php\/wp-json\/wp\/v2\/categories?post=8887"},{"taxonomy":"post_tag","embeddable":true,"href":"https:\/\/www.automakersnews.cz\/index.php\/wp-json\/wp\/v2\/tags?post=8887"}],"curies":[{"name":"wp","href":"https:\/\/api.w.org\/{rel}","templated":true}]}}