{"id":88988,"date":"2023-08-25T09:19:04","date_gmt":"2023-08-25T09:19:04","guid":{"rendered":"https:\/\/www.automakersnews.cz\/?p=88988"},"modified":"2023-08-25T11:13:57","modified_gmt":"2023-08-25T11:13:57","slug":"porsche-zacalo-stavet-komplex-na-orechu","status":"publish","type":"post","link":"https:\/\/www.automakersnews.cz\/index.php\/2023\/08\/25\/porsche-zacalo-stavet-komplex-na-orechu\/","title":{"rendered":"Porsche za\u010dalo stav\u011bt komplex na O\u0159echu"},"content":{"rendered":"<p><strong>Automobily Porsche, Bentley a Lamborghini budou m\u00edt v r\u00e1mci Prahy zbrusu nov\u00e9 prodejn\u00ed a servisn\u00ed m\u00edsto. Z\u00e1stupci spole\u010dnosti Porsche Inter Auto CZ slavnostn\u011b poklepali na z\u00e1kladn\u00ed k\u00e1men novostavby, kter\u00e1 se za dva roky stane z\u00e1zem\u00edm nejen pro tyto exkluzivn\u00ed zna\u010dky, ale budou zde tak\u00e9 kancel\u00e1\u0159e spole\u010dnosti Porsche Inter Auto CZ.<\/strong><!--more--><\/p>\n<p><strong>\u00a0<\/strong>Na z\u00e1padn\u00edm okraji Prahy, konkr\u00e9tn\u011b v\u00a0obci O\u0159ech, se na zelen\u00e9 louce za\u010d\u00edn\u00e1 stav\u011bt zcela nov\u00fd prodejn\u00ed a servisn\u00ed komplex pro zna\u010dky Porsche, Bentley a Lamborghini. Spole\u010dnost Porsche Inter Auto CZ, kter\u00e1 je ofici\u00e1ln\u00edm dovozcem a prodejcem t\u011bchto zna\u010dek, zde bude m\u00edt tak\u00e9 sv\u00e9 kancel\u00e1\u0159e. Za spole\u010dnost Porsche Inter Auto CZ se slavnostn\u00edho poklep\u00e1n\u00ed z\u00e1kladn\u00edho kamene mimo jin\u00e9 z\u00fa\u010dastnili Michael Antosch, Jan Sedl\u00e1\u010dek a Vlastimil Fric, spole\u010dnost Porsche Immobilien CZ zastupoval Michal Kup\u010dek. Otev\u0159en\u00ed nov\u00e9ho prodejn\u00edho a servisn\u00edho m\u00edsta pro zna\u010dky Porsche, Bentley a Lamborghini\u00a0je pl\u00e1nov\u00e1no na konec roku 2025, p\u0159i\u010dem\u017e ve spole\u010dn\u00e9m prostoru vznikne z\u00e1rove\u0148 i druh\u00e9 pra\u017esk\u00e9 Porsche Centrum.<\/p>\n<p>\u201eSpole\u010dnost Porsche Inter Auto CZ u\u010dinila v\u00fdznamn\u00fd krok ke zkvalitn\u011bn\u00ed slu\u017eeb sm\u011brem k z\u00e1kazn\u00edk\u016fm,\u201c komentoval slavnostn\u00ed akt Michael Antosch, CEO Porsche Inter Auto CZ. \u201eZah\u00e1jen\u00edm stavby zcela nov\u00e9ho modern\u00edho konceptu prodeje a servisu zna\u010dek Porsche, Bentley a Lamborghini za\u010d\u00edn\u00e1me ps\u00e1t zcela novou kapitolu v\u00a0d\u011bjin\u00e1ch na\u0161\u00ed firmy. Koncem roku 2025 bychom cht\u011bli nov\u00e9 prodejn\u00ed a servisn\u00ed m\u00edsto slavnostn\u011b otev\u0159\u00edt a z\u00e1rove\u0148 sem p\u0159est\u011bhovat kancel\u00e1\u0159e spole\u010dnosti Porsche Inter Auto CZ,\u201c doplnil Antosch.<\/p>\n<p><strong>Spole\u010dn\u00fd prodejn\u00ed a servisn\u00ed m\u00edsto zna\u010dek Porsche, Lamborghini a Bentley bude nov\u00fdm etalonem tak\u00e9 v\u00a0oblasti trval\u00e9 udr\u017eitelnosti<\/strong><\/p>\n<p>Spole\u010dnost Porsche Inter Auto CZ za dva roky vybuduje na O\u0159echu v okrese Praha-Z\u00e1pad jedine\u010dn\u00fd komplex, kter\u00fd se stane prvn\u00ed komer\u010dn\u00ed budovou v\u00a0\u010cesk\u00e9 republice s\u00a0inovativn\u00ed technologi\u00ed mimo\u0159\u00e1dn\u011b ekologick\u00e9ho vyt\u00e1p\u011bn\u00ed. Nov\u00e9 centrum na O\u0159echu tak stanov\u00ed nov\u00e1 m\u011b\u0159\u00edtka tak\u00e9 z hlediska\u00a0trval\u00e9 udr\u017eitelnosti a ochrany klimatu.<\/p>\n<p>Unik\u00e1tn\u00edm zp\u016fsobem je zde \u0159e\u0161eno z\u00edsk\u00e1v\u00e1n\u00ed energie a jej\u00ed akumulace pod z\u00e1kladovou deskou, respektive v\u00a0jej\u00edm p\u00edse\u010dn\u00e9m podkladu \u2013 t\u00fdk\u00e1 se to jak vyt\u00e1p\u011bn\u00ed, tak chlazen\u00ed. U\u017e samotn\u00fd zp\u016fsob vyt\u00e1p\u011bn\u00ed zn\u00ed pokrokov\u011b: aktivace betonov\u00e9ho j\u00e1dra. Skr\u00fdv\u00e1 se za n\u00edm princip siln\u011bj\u0161\u00ed z\u00e1kladov\u00e9 desky, slou\u017e\u00edc\u00ed k\u00a0ukl\u00e1d\u00e1n\u00ed energie pro vyt\u00e1p\u011bn\u00ed \u010di chlazen\u00ed. Prostory showroomu pak neru\u0161\u00ed \u017e\u00e1dn\u00e9 topn\u00e9 elementy, n\u00edzkoteplotn\u00ed vyt\u00e1p\u011bn\u00ed\/chlazen\u00ed prob\u00edh\u00e1 v\u00a0podlaze.<\/p>\n<p>Na pozemku o v\u00fdm\u011b\u0159e zhruba 19 tis\u00edc m<sup>2<\/sup> vyroste nejen nov\u00e9 Porsche Centrum zhotoven\u00e9 dle nejmodern\u011bj\u0161\u00edho konceptu Destination Porsche, ale tak\u00e9 prodejn\u00ed a servisn\u00ed z\u00e1zem\u00ed pro exkluzivn\u00ed zna\u010dky Bentley a Lamborghini. Showroom o velikosti cca 720 m<sup>2<\/sup> bude soust\u0159ed\u011bn na z\u00e1kazn\u00edka, kter\u00fd se dostane do centra d\u011bn\u00ed. Nebudou chyb\u011bt dv\u011b klientsk\u00e9 z\u00f3ny s\u00a0designov\u00fdm n\u00e1bytkem a \u0161pi\u010dkov\u00fdm vybaven\u00edm. Konfiguraci vozu usnadn\u00ed vysp\u011bl\u00e1 digitalizace.<\/p>\n<p>K\u00a0dispozici budou rozs\u00e1hl\u00e9 parkovac\u00ed kapacity dopln\u011bn\u00e9 o 2 rychlonab\u00edjec\u00ed stanice s\u00a0v\u00fdkonem p\u0159es 250 kW a \u0159ada AC a DC nab\u00edjec\u00edch bod\u016f.<\/p>\n<p><img loading=\"lazy\" decoding=\"async\" class=\"alignnone size-large wp-image-88994\" src=\"http:\/\/www.automakersnews.cz\/wp-content\/uploads\/2023\/08\/Porsche-Orech-kanek-Sedlacek-Irina-1024x683.jpg\" alt=\"\" width=\"1024\" height=\"683\" \/><\/p>\n<p><img loading=\"lazy\" decoding=\"async\" class=\"alignnone size-large wp-image-88991\" src=\"http:\/\/www.automakersnews.cz\/wp-content\/uploads\/2023\/08\/Porsche-zakladni-kamen-Orech-1024x683.jpg\" alt=\"\" width=\"1024\" height=\"683\" \/><\/p>\n<p><img loading=\"lazy\" decoding=\"async\" class=\"alignnone size-large wp-image-88990\" src=\"http:\/\/www.automakersnews.cz\/wp-content\/uploads\/2023\/08\/Porsche-centrum-Orech-budova-1024x576.jpg\" alt=\"\" width=\"1024\" height=\"576\" \/><\/p>\n<p>&nbsp;<\/p>\n","protected":false},"excerpt":{"rendered":"<div class=\"mh-excerpt\"><p>Automobily Porsche, Bentley a Lamborghini budou m\u00edt v r\u00e1mci Prahy zbrusu nov\u00e9 prodejn\u00ed a servisn\u00ed m\u00edsto. Z\u00e1stupci spole\u010dnosti Porsche Inter Auto CZ slavnostn\u011b poklepali na <a class=\"mh-excerpt-more\" href=\"https:\/\/www.automakersnews.cz\/index.php\/2023\/08\/25\/porsche-zacalo-stavet-komplex-na-orechu\/\" title=\"Porsche za\u010dalo stav\u011bt komplex na O\u0159echu\">[&#8230;]<\/a><\/p>\n<\/div>","protected":false},"author":1,"featured_media":88989,"comment_status":"open","ping_status":"open","sticky":false,"template":"","format":"standard","meta":{"footnotes":""},"categories":[37,9],"tags":[],"class_list":["post-88988","post","type-post","status-publish","format-standard","has-post-thumbnail","hentry","category-importeri","category-investice"],"_links":{"self":[{"href":"https:\/\/www.automakersnews.cz\/index.php\/wp-json\/wp\/v2\/posts\/88988","targetHints":{"allow":["GET"]}}],"collection":[{"href":"https:\/\/www.automakersnews.cz\/index.php\/wp-json\/wp\/v2\/posts"}],"about":[{"href":"https:\/\/www.automakersnews.cz\/index.php\/wp-json\/wp\/v2\/types\/post"}],"author":[{"embeddable":true,"href":"https:\/\/www.automakersnews.cz\/index.php\/wp-json\/wp\/v2\/users\/1"}],"replies":[{"embeddable":true,"href":"https:\/\/www.automakersnews.cz\/index.php\/wp-json\/wp\/v2\/comments?post=88988"}],"version-history":[{"count":0,"href":"https:\/\/www.automakersnews.cz\/index.php\/wp-json\/wp\/v2\/posts\/88988\/revisions"}],"wp:featuredmedia":[{"embeddable":true,"href":"https:\/\/www.automakersnews.cz\/index.php\/wp-json\/wp\/v2\/media\/88989"}],"wp:attachment":[{"href":"https:\/\/www.automakersnews.cz\/index.php\/wp-json\/wp\/v2\/media?parent=88988"}],"wp:term":[{"taxonomy":"category","embeddable":true,"href":"https:\/\/www.automakersnews.cz\/index.php\/wp-json\/wp\/v2\/categories?post=88988"},{"taxonomy":"post_tag","embeddable":true,"href":"https:\/\/www.automakersnews.cz\/index.php\/wp-json\/wp\/v2\/tags?post=88988"}],"curies":[{"name":"wp","href":"https:\/\/api.w.org\/{rel}","templated":true}]}}