{"id":88997,"date":"2023-08-25T09:48:48","date_gmt":"2023-08-25T09:48:48","guid":{"rendered":"https:\/\/www.automakersnews.cz\/?p=88997"},"modified":"2023-08-25T09:51:42","modified_gmt":"2023-08-25T09:51:42","slug":"volkswagen-kupoje-cipy-primo-u-vyrobcu","status":"publish","type":"post","link":"https:\/\/www.automakersnews.cz\/index.php\/2023\/08\/25\/volkswagen-kupoje-cipy-primo-u-vyrobcu\/","title":{"rendered":"Volkswagen obe\u0161el TIER 1 a kupuje \u010dipy p\u0159\u00edmo u v\u00fdrobc\u016f"},"content":{"rendered":"<p class=\"c_du g_fx speakable\" data-dot=\"ogm-article-perex\"><strong>Koncern Volkswagen spol\u00e9hal v p\u0159edchoz\u00edch letech v oblasti \u010dip\u016f\u00a0 na sv\u00e9 dodavatele z \u00farovn\u011b TIER 1. Letos za\u010dal nakupovat \u010dipy, u kter\u00fdch se ob\u00e1v\u00e1 glob\u00e1ln\u00edho nedostatku, p\u0159\u00edmo od deseti v\u00fdrobc\u016f, v\u010detn\u011b firem NXP Semiconductors, Infineon Technologies a Renesas Electronics. <\/strong><!--more--><\/p>\n<p class=\"c_du g_fx speakable\" data-dot=\"ogm-article-perex\">Automobilka d\u0159\u00edve ponech\u00e1vala n\u00e1kup \u010dip\u016f na sv\u00fdch dodavatel\u00edch sou\u010d\u00e1stek. Loni v \u0159\u00edjnu v\u0161ak za\u010dala uzav\u00edrat dohody p\u0159\u00edmo s v\u00fdrobci, aby si zabezpe\u010dila pot\u0159ebn\u00e9 dod\u00e1vky, uvedl Karsten Schnake, kter\u00fd stoj\u00ed v \u010dele pracovn\u00ed skupiny koncernu Volkswagenu pro dod\u00e1vky sou\u010d\u00e1stek zalo\u017een\u00e9 v lo\u0148sk\u00e9m roce a je rovn\u011b\u017e \u010dlenem p\u0159edstavenstva \u0160kody Auto zodpov\u011bdn\u00fdm za n\u00e1kup.<\/p>\n<p class=\"c_du g_fx speakable\" data-dot=\"ogm-article-perex\">Glob\u00e1ln\u00ed kapacita nen\u00ed dostate\u010dn\u00e1. Mus\u00edme b\u00fdt aktivn\u00ed,\u201c uvedl Dirk Grosse-Loheide, kter\u00fd m\u00e1 na starosti n\u00e1kup u hlavn\u00ed koncernov\u00e9 zna\u010dky VW. Glob\u00e1ln\u00ed nedostatek \u010dip\u016f v posledn\u00edch letech zp\u016fsobil automobilk\u00e1m po cel\u00e9m sv\u011bt\u011b rozs\u00e1hl\u00e9 v\u00fdpadky ve v\u00fdrob\u011b.<\/p>\n<div class=\"ogm-container _6231b388c0086990921bf42b\">\n<div class=\"g_fE\" data-e2e=\"ogm-article-layout\">\n<article class=\"g_fG\" role=\"article\" aria-labelledby=\"accessibility-article\">\n<div class=\"g_fF\" data-dot=\"ogm-article-content\">\n<div class=\"e_do e_dA\">\n<div class=\"e_du speakable\" data-dot=\"mol-paragraph\">\n<p class=\"c_du\"><span class=\"c_dN\">Volkswagen podle Schnackeho zat\u00edm neuzav\u0159el dohodu o p\u0159\u00edm\u00fdch dod\u00e1vk\u00e1ch s nejv\u011bt\u0161\u00edm sv\u011btov\u00fdm smluvn\u00edm v\u00fdrobcem \u010dip\u016f TSMC, ale pravideln\u011b s n\u00edm komunikuje o sv\u00fdch pot\u0159eb\u00e1ch. Schnacke rovn\u011b\u017e uvedl, \u017ee Volkswagen hodl\u00e1 ve sv\u00fdch vozech pou\u017e\u00edvat m\u00e9n\u011b r\u016fzn\u00fdch typ\u016f \u010dip\u016f, aby tak zjednodu\u0161il dodavatelsk\u00fd \u0159et\u011bzec.<\/span><\/p>\n<\/div>\n<\/div>\n<\/div>\n<\/article>\n<\/div>\n<\/div>\n","protected":false},"excerpt":{"rendered":"<div class=\"mh-excerpt\"><p>Koncern Volkswagen spol\u00e9hal v p\u0159edchoz\u00edch letech v oblasti \u010dip\u016f\u00a0 na sv\u00e9 dodavatele z \u00farovn\u011b TIER 1. Letos za\u010dal nakupovat \u010dipy, u kter\u00fdch se ob\u00e1v\u00e1 glob\u00e1ln\u00edho <a class=\"mh-excerpt-more\" href=\"https:\/\/www.automakersnews.cz\/index.php\/2023\/08\/25\/volkswagen-kupoje-cipy-primo-u-vyrobcu\/\" title=\"Volkswagen obe\u0161el TIER 1 a kupuje \u010dipy p\u0159\u00edmo u v\u00fdrobc\u016f\">[&#8230;]<\/a><\/p>\n<\/div>","protected":false},"author":1,"featured_media":63121,"comment_status":"open","ping_status":"open","sticky":false,"template":"","format":"standard","meta":{"footnotes":""},"categories":[41],"tags":[],"class_list":["post-88997","post","type-post","status-publish","format-standard","has-post-thumbnail","hentry","category-vyroba"],"_links":{"self":[{"href":"https:\/\/www.automakersnews.cz\/index.php\/wp-json\/wp\/v2\/posts\/88997","targetHints":{"allow":["GET"]}}],"collection":[{"href":"https:\/\/www.automakersnews.cz\/index.php\/wp-json\/wp\/v2\/posts"}],"about":[{"href":"https:\/\/www.automakersnews.cz\/index.php\/wp-json\/wp\/v2\/types\/post"}],"author":[{"embeddable":true,"href":"https:\/\/www.automakersnews.cz\/index.php\/wp-json\/wp\/v2\/users\/1"}],"replies":[{"embeddable":true,"href":"https:\/\/www.automakersnews.cz\/index.php\/wp-json\/wp\/v2\/comments?post=88997"}],"version-history":[{"count":0,"href":"https:\/\/www.automakersnews.cz\/index.php\/wp-json\/wp\/v2\/posts\/88997\/revisions"}],"wp:featuredmedia":[{"embeddable":true,"href":"https:\/\/www.automakersnews.cz\/index.php\/wp-json\/wp\/v2\/media\/63121"}],"wp:attachment":[{"href":"https:\/\/www.automakersnews.cz\/index.php\/wp-json\/wp\/v2\/media?parent=88997"}],"wp:term":[{"taxonomy":"category","embeddable":true,"href":"https:\/\/www.automakersnews.cz\/index.php\/wp-json\/wp\/v2\/categories?post=88997"},{"taxonomy":"post_tag","embeddable":true,"href":"https:\/\/www.automakersnews.cz\/index.php\/wp-json\/wp\/v2\/tags?post=88997"}],"curies":[{"name":"wp","href":"https:\/\/api.w.org\/{rel}","templated":true}]}}