{"id":90,"date":"2022-01-19T15:22:24","date_gmt":"2022-01-19T15:22:24","guid":{"rendered":"http:\/\/www.automakersnews.cz\/?p=90"},"modified":"2022-01-19T15:22:24","modified_gmt":"2022-01-19T15:22:24","slug":"volkswagen-ma-400-objednavek-na-taigo","status":"publish","type":"post","link":"https:\/\/www.automakersnews.cz\/index.php\/2022\/01\/19\/volkswagen-ma-400-objednavek-na-taigo\/","title":{"rendered":"Volkswagen m\u00e1 400 objedn\u00e1vek na Taigo"},"content":{"rendered":"<p><strong>Mana\u017ee\u0159i \u010desk\u00e9ho Volkswagenu svolali 18. ledna novin\u00e1\u0159e do st\u0159edo\u010desk\u00e9ho Ob\u0159\u00edstv\u00ed na premi\u00e9ru nov\u00e9ho SUV kup\u00e9 Taigo. Konala se v konferen\u010dn\u00edm centru penzionu Na km\u00edn\u011b. M\u011bstsk\u00fd crossover u\u017e v \u010cesku eviduje p\u0159es 400 objedn\u00e1vek a bude tak\u00e9 sout\u011b\u017eit v anket\u011b Auto roku 2022.<\/strong><span id=\"more-147674\"><\/span><!--more--><\/p>\n<p>V\u016fz sj\u00ed\u017ed\u00ed z v\u00fdrobn\u00edch linek ve \u0161pan\u011blsk\u00e9 Pamplon\u011b, dodac\u00ed lh\u016fta pro \u010desk\u00e9 z\u00e1kazn\u00edky bude p\u016fl roku. Jeho \u010deskou premi\u00e9ru ve st\u0159edo\u010desk\u00e9m Ob\u0159\u00edstv\u00ed hostila restaurace Na km\u00edn\u011b, novin\u00e1\u0159i po prezentaci mohli novinku vyzkou\u0161et i v dynamick\u00fdch testech.<\/p>\n<p>\u201ePrvn\u00ed SUV kup\u00e9 zna\u010dky vypl\u0148uje mezeru mezi modely Polo a T-Cross a p\u0159edev\u0161\u00edm v\u011bkov\u011b pokro\u010dilej\u0161\u00ed z\u00e1kazn\u00edky zaujme robustnost\u00ed, prakti\u010dnost\u00ed a vy\u0161\u0161\u00ed polohou sedadel,\u201c nazna\u010dila c\u00edlovou skupinu mana\u017eerka Volkswagenu Karol\u00edna Pan\u010dochov\u00e1.<\/p>\n<p>Pohon zaji\u0161\u0165uj\u00ed t\u0159i motory TSI. Z\u00e1kazn\u00edci maj\u00ed na v\u00fdb\u011br t\u0159i v\u00fdbavov\u00e9 linie Life, Style a R-Line. Ceny nov\u00e9ho crossoveru Volkswagen Taigo za\u010d\u00ednaj\u00ed ji\u017e od 484 900 K\u010d a krom\u011b s\u00e9riov\u00e9 v\u00fdbavy zahrnuj\u00ed tak\u00e9 prodlou\u017eenou z\u00e1ruku na 3 roky\/90 000 km.<\/p>\n<p>Z\u00e1kladn\u00ed verze Taigo Life m\u00e1 pod kapotou z\u00e1\u017eehov\u00fd t\u0159\u00edv\u00e1lec 1.0 TSI\/70 kW (95 k) s 5stup\u0148ovou manu\u00e1ln\u00ed p\u0159evodovkou a stoj\u00ed 484 900 K\u010d. Zlatou st\u0159edn\u00ed cestu zt\u011bles\u0148uje z\u00e1\u017eehov\u00fd t\u0159\u00edv\u00e1lec 1.0 TSI vylad\u011bn\u00fd na 81 kW (110 k). Taigo s touto motorizac\u00ed si mohou z\u00e1kazn\u00edci objedn\u00e1vat ve spojen\u00ed s 6stup\u0148ovou manu\u00e1ln\u00ed p\u0159evodovkou nebo se 7stup\u0148ovou automatickou p\u0159evodovkou, a to v kombinaci se v\u0161emi t\u0159emi stupni v\u00fdbavy \u2013 Life, Style a R-Line \u2013 za ceny od 499 900 K\u010d.<\/p>\n<p>Vrcholnou variantou pohonu je \u010dty\u0159v\u00e1lcov\u00fd z\u00e1\u017eehov\u00fd motor 1.5 TSI 110 kW (150 k) se 7stup\u0148ovou automatickou p\u0159evodovkou, jeho\u017e ceny za\u010d\u00ednaj\u00ed od 628 900 K\u010d.<\/p>\n<p>S\u00e9riov\u00e1 v\u00fdbava verze Life zahrnuje mimo jin\u00e9 16\u201c kola Belmont z\u00a0lehk\u00e9 slitiny, audiosyst\u00e9m Composition se 4 reproduktory, DAB+, App-Connect, 4 vstupy USB-C, multifunk\u010dn\u00ed k\u016f\u017e\u00ed ob\u0161it\u00fd volant, LED sv\u011btlomety, LED zadn\u00ed sv\u00edtilny, automatick\u00e9 ovl\u00e1d\u00e1n\u00ed sv\u011btlomet\u016f, elektricky ovl\u00e1dan\u00e1 a sklopn\u00e1 vn\u011bj\u0161\u00ed zp\u011btn\u00e1 zrc\u00e1tka, centr\u00e1ln\u00ed zamyk\u00e1n\u00ed s\u00a0d\u00e1lkov\u00fdm ovl\u00e1d\u00e1n\u00edm, manu\u00e1ln\u00ed klimatizaci, paket Sv\u011btla a v\u00fdhled, asisten\u010dn\u00ed syst\u00e9my Front Assist a Lane Assist, v\u00fd\u0161kov\u011b nastavitelnou podlahu zavazadlov\u00e9ho prostoru a \u010dern\u00e9 pod\u00e9ln\u00e9 st\u0159e\u0161n\u00ed nosi\u010de.<\/p>\n<p>Style p\u0159id\u00e1v\u00e1 k\u00a0v\u00fd\u0161e uveden\u00fdm prvk\u016fm v\u00fdbavy nav\u00edc 17\u201c kola Chesterfield z\u00a0lehk\u00e9 slitiny, b\u00edl\u00e9 ambientn\u00ed osv\u011btlen\u00ed, informa\u010dn\u00ed a z\u00e1bavn\u00ed syst\u00e9m Ready2Discover, reproduktory vp\u0159edu i vzadu, bezdr\u00e1tov\u00fd App-Connect Wireless, automatickou klimatizaci Climatronic, adaptivn\u00ed tempomat ACC, Travel Assist, sv\u011btlomety IQ.LIGHT LED Matrix propojen\u00e9 osv\u011btlenou LED li\u0161tou, dynamick\u00e9 ukazatele sm\u011bru vzadu, odd\u011blen\u00e9 mlhov\u00e9 sv\u011btlomety, parkovac\u00ed senzory Parkpilot, zadn\u00ed kameru, kobere\u010dky a st\u0159\u00edbrn\u011b eloxovan\u00e9 pod\u00e9ln\u00e9 st\u0159e\u0161n\u00ed nosi\u010de.<\/p>\n<p>Pro sportovn\u011b zalo\u017een\u00e9 z\u00e1kazn\u00edky je ur\u010dena v\u00fdbavov\u00e1 linie R-Line, kter\u00e1 nab\u00edz\u00ed podobnou \u00farove\u0148 v\u00fdbavy jako Style, ale li\u0161\u00ed se mimo jin\u00e9 17\u201c koly Valencia z\u00a0lehk\u00e9 slitiny, komfortn\u011b sportovn\u00edmi sedadly R-Line vp\u0159edu, \u010dern\u00fdm \u010daloun\u011bn\u00edm stropu, st\u0159e\u0161n\u00edm paketem a voli\u010dem j\u00edzdn\u00edch re\u017eim\u016f.<\/p>\n<p><strong>Individu\u00e1ln\u00ed pakety\u00a0<\/strong><\/p>\n<p>Z\u00e1kazn\u00edci si mohou vzhled karoserie i interi\u00e9ru sv\u00e9ho vozu Taigo individualizovat pakety. Paket Black Style zahrnuje \u010dern\u00e9 dekorativn\u00ed prvky a \u010dern\u00e1 18\u201c kola Misano z lehk\u00e9 slitiny.<\/p>\n<p>Barevn\u00e9 osv\u011b\u017een\u00ed vnese do vnit\u0159n\u00edho prostoru paket Visual Green se zelen\u00fdm ozdobn\u00fdm oblo\u017een\u00edm p\u0159\u00edstrojov\u00e9 desky v kombinaci se sv\u011btl\u00fdmi plochami na v\u00fdpln\u00edch dve\u0159\u00ed, sedadlech a dal\u0161\u00edch \u010d\u00e1stech interi\u00e9ru. Loketn\u00ed op\u011brka je ob\u0161ita sv\u011btlou ekologickou k\u016f\u017e\u00ed a sedadla jsou \u010daloun\u011bna l\u00e1tkou Tracks 2.<\/p>\n<p><img loading=\"lazy\" decoding=\"async\" class=\"alignnone size-medium wp-image-92\" src=\"http:\/\/www.automakersnews.cz\/wp-content\/uploads\/2022\/01\/VW-Taigo-kmin-Obristvi-300x225.jpg\" alt=\"\" width=\"300\" height=\"225\" srcset=\"https:\/\/www.automakersnews.cz\/wp-content\/uploads\/2022\/01\/VW-Taigo-kmin-Obristvi-300x225.jpg 300w, https:\/\/www.automakersnews.cz\/wp-content\/uploads\/2022\/01\/VW-Taigo-kmin-Obristvi-768x576.jpg 768w, https:\/\/www.automakersnews.cz\/wp-content\/uploads\/2022\/01\/VW-Taigo-kmin-Obristvi-678x509.jpg 678w, https:\/\/www.automakersnews.cz\/wp-content\/uploads\/2022\/01\/VW-Taigo-kmin-Obristvi-326x245.jpg 326w, https:\/\/www.automakersnews.cz\/wp-content\/uploads\/2022\/01\/VW-Taigo-kmin-Obristvi-80x60.jpg 80w, https:\/\/www.automakersnews.cz\/wp-content\/uploads\/2022\/01\/VW-Taigo-kmin-Obristvi.jpg 864w\" sizes=\"auto, (max-width: 300px) 100vw, 300px\" \/><\/p>\n","protected":false},"excerpt":{"rendered":"<div class=\"mh-excerpt\"><p>Mana\u017ee\u0159i \u010desk\u00e9ho Volkswagenu svolali 18. ledna novin\u00e1\u0159e do st\u0159edo\u010desk\u00e9ho Ob\u0159\u00edstv\u00ed na premi\u00e9ru nov\u00e9ho SUV kup\u00e9 Taigo. Konala se v konferen\u010dn\u00edm centru penzionu Na km\u00edn\u011b. M\u011bstsk\u00fd <a class=\"mh-excerpt-more\" href=\"https:\/\/www.automakersnews.cz\/index.php\/2022\/01\/19\/volkswagen-ma-400-objednavek-na-taigo\/\" title=\"Volkswagen m\u00e1 400 objedn\u00e1vek na Taigo\">[&#8230;]<\/a><\/p>\n<\/div>","protected":false},"author":1,"featured_media":91,"comment_status":"open","ping_status":"open","sticky":false,"template":"","format":"standard","meta":{"footnotes":""},"categories":[2],"tags":[],"class_list":["post-90","post","type-post","status-publish","format-standard","has-post-thumbnail","hentry","category-news"],"_links":{"self":[{"href":"https:\/\/www.automakersnews.cz\/index.php\/wp-json\/wp\/v2\/posts\/90","targetHints":{"allow":["GET"]}}],"collection":[{"href":"https:\/\/www.automakersnews.cz\/index.php\/wp-json\/wp\/v2\/posts"}],"about":[{"href":"https:\/\/www.automakersnews.cz\/index.php\/wp-json\/wp\/v2\/types\/post"}],"author":[{"embeddable":true,"href":"https:\/\/www.automakersnews.cz\/index.php\/wp-json\/wp\/v2\/users\/1"}],"replies":[{"embeddable":true,"href":"https:\/\/www.automakersnews.cz\/index.php\/wp-json\/wp\/v2\/comments?post=90"}],"version-history":[{"count":0,"href":"https:\/\/www.automakersnews.cz\/index.php\/wp-json\/wp\/v2\/posts\/90\/revisions"}],"wp:featuredmedia":[{"embeddable":true,"href":"https:\/\/www.automakersnews.cz\/index.php\/wp-json\/wp\/v2\/media\/91"}],"wp:attachment":[{"href":"https:\/\/www.automakersnews.cz\/index.php\/wp-json\/wp\/v2\/media?parent=90"}],"wp:term":[{"taxonomy":"category","embeddable":true,"href":"https:\/\/www.automakersnews.cz\/index.php\/wp-json\/wp\/v2\/categories?post=90"},{"taxonomy":"post_tag","embeddable":true,"href":"https:\/\/www.automakersnews.cz\/index.php\/wp-json\/wp\/v2\/tags?post=90"}],"curies":[{"name":"wp","href":"https:\/\/api.w.org\/{rel}","templated":true}]}}