{"id":9038,"date":"2022-12-16T10:15:38","date_gmt":"2022-12-16T10:15:38","guid":{"rendered":"https:\/\/www.automakersnews.cz\/?p=9038"},"modified":"2022-12-16T10:35:25","modified_gmt":"2022-12-16T10:35:25","slug":"skoda-mela-vanocni-setkani-s-novinari-v-uhelnem-mlyne","status":"publish","type":"post","link":"https:\/\/www.automakersnews.cz\/index.php\/2022\/12\/16\/skoda-mela-vanocni-setkani-s-novinari-v-uhelnem-mlyne\/","title":{"rendered":"\u0160koda m\u011bla v\u00e1no\u010dn\u00ed setk\u00e1n\u00ed s novin\u00e1\u0159i v Uheln\u00e9m ml\u00fdn\u011b"},"content":{"rendered":"<p><strong>Pry\u010d jsou \u010dasy, kdy v\u00fdznamn\u00e9 automobilov\u00e9 zna\u010dky na \u010desk\u00e9m trhu po\u0159\u00e1daly v\u00e1no\u010dn\u00ed ve\u010d\u00edrky pro novin\u00e1\u0159e. Letos to vypadalo na nulu, ale p\u0159eci jen se jeden objevil. \u0160kodovka uspo\u0159\u00e1dala 15. prosince p\u0159edv\u00e1no\u010dn\u00ed setk\u00e1n\u00ed zna\u010dky se z\u00e1stupci m\u00e9di\u00ed v prostor\u00e1ch\u00a0Uheln\u00e9ho ml\u00fdnu v Lib\u010dic\u00edch nad Vltavou.<\/strong><!--more--><\/p>\n<p>Automobilka uspo\u0159\u00e1dala p\u0159edv\u00e1no\u010dn\u00ed party pro des\u00edtky novin\u00e1\u0159\u016f jako pod\u011bkov\u00e1n\u00ed za celoro\u010dn\u00ed korektn\u00ed spolupr\u00e1ci, v duchu p\u0159erodu zna\u010dky do nov\u00e9ho designov\u00e9ho jazyka. A ve velk\u00e9m stylu.<\/p>\n<figure id=\"attachment_9043\" aria-describedby=\"caption-attachment-9043\" style=\"width: 300px\" class=\"wp-caption alignnone\"><img loading=\"lazy\" decoding=\"async\" class=\"size-medium wp-image-9043\" src=\"http:\/\/www.automakersnews.cz\/wp-content\/uploads\/2022\/12\/Skoda-Libcice-Jina-e1671185903827-300x225.jpg\" alt=\"\" width=\"300\" height=\"225\" srcset=\"https:\/\/www.automakersnews.cz\/wp-content\/uploads\/2022\/12\/Skoda-Libcice-Jina-e1671185903827-300x225.jpg 300w, https:\/\/www.automakersnews.cz\/wp-content\/uploads\/2022\/12\/Skoda-Libcice-Jina-e1671185903827-326x245.jpg 326w, https:\/\/www.automakersnews.cz\/wp-content\/uploads\/2022\/12\/Skoda-Libcice-Jina-e1671185903827-80x60.jpg 80w, https:\/\/www.automakersnews.cz\/wp-content\/uploads\/2022\/12\/Skoda-Libcice-Jina-e1671185903827.jpg 500w\" sizes=\"auto, (max-width: 300px) 100vw, 300px\" \/><figcaption id=\"caption-attachment-9043\" class=\"wp-caption-text\">Hosty akce p\u0159iv\u00edtal mluv\u010d\u00ed importu Pavel J\u00edna<\/figcaption><\/figure>\n<p>\u00da\u010dastn\u00edky akce odvezl z pra\u017esk\u00e9ho Masarykova n\u00e1dra\u017e\u00ed speci\u00e1ln\u011b vypraven\u00fd <strong>vlak s ob\u010derstven\u00edm. <\/strong>Na m\u00edst\u011b je pak zabavili kejkl\u00ed\u0159i a dal\u0161\u00ed atrakce, vrcholem ve\u010dera byl koncern skupiny Buty. O cestu zp\u011bt do domovsk\u00fdch destinac\u00ed se postaral shuttle servis \u0160KODA.<\/p>\n<figure id=\"attachment_9040\" aria-describedby=\"caption-attachment-9040\" style=\"width: 300px\" class=\"wp-caption alignnone\"><img loading=\"lazy\" decoding=\"async\" class=\"size-medium wp-image-9040\" src=\"http:\/\/www.automakersnews.cz\/wp-content\/uploads\/2022\/12\/Skoda-Libcice-Kotera-e1671185698769-300x225.jpg\" alt=\"\" width=\"300\" height=\"225\" srcset=\"https:\/\/www.automakersnews.cz\/wp-content\/uploads\/2022\/12\/Skoda-Libcice-Kotera-e1671185698769-300x225.jpg 300w, https:\/\/www.automakersnews.cz\/wp-content\/uploads\/2022\/12\/Skoda-Libcice-Kotera-e1671185698769-326x245.jpg 326w, https:\/\/www.automakersnews.cz\/wp-content\/uploads\/2022\/12\/Skoda-Libcice-Kotera-e1671185698769-80x60.jpg 80w, https:\/\/www.automakersnews.cz\/wp-content\/uploads\/2022\/12\/Skoda-Libcice-Kotera-e1671185698769.jpg 500w\" sizes=\"auto, (max-width: 300px) 100vw, 300px\" \/><figcaption id=\"caption-attachment-9040\" class=\"wp-caption-text\">Z\u00e1stupc\u016fm m\u00e9di\u00ed pod\u011bkoval \u0161\u00e9f komunikace zna\u010dky Tom\u00e1\u0161 Kotera<\/figcaption><\/figure>\n<p>Na place nechyb\u011bli Mikul\u00e1\u0161 s and\u011blem, had\u00ed \u017eena Tiffany Tiger, ohniv\u00e9 trio nebo tane\u010dnice na dlouh\u00e9 \u0161\u00e1le.<\/p>\n<p>K atrakc\u00edm z minul\u00fdch dob pat\u0159ily ark\u00e1dov\u00e9 hry a stoln\u00ed fotbal, koutek modern\u00edch technologi\u00ed se pak zam\u011b\u0159il na virtu\u00e1ln\u00ed realitu.<\/p>\n<p><img loading=\"lazy\" decoding=\"async\" class=\"alignnone size-medium wp-image-9075\" src=\"http:\/\/www.automakersnews.cz\/wp-content\/uploads\/2022\/12\/Skoda-Libcice-ohnostroj-e1671186886109-300x225.jpg\" alt=\"\" width=\"300\" height=\"225\" srcset=\"https:\/\/www.automakersnews.cz\/wp-content\/uploads\/2022\/12\/Skoda-Libcice-ohnostroj-e1671186886109-300x225.jpg 300w, https:\/\/www.automakersnews.cz\/wp-content\/uploads\/2022\/12\/Skoda-Libcice-ohnostroj-e1671186886109-326x245.jpg 326w, https:\/\/www.automakersnews.cz\/wp-content\/uploads\/2022\/12\/Skoda-Libcice-ohnostroj-e1671186886109-80x60.jpg 80w, https:\/\/www.automakersnews.cz\/wp-content\/uploads\/2022\/12\/Skoda-Libcice-ohnostroj-e1671186886109.jpg 500w\" sizes=\"auto, (max-width: 300px) 100vw, 300px\" \/><\/p>\n","protected":false},"excerpt":{"rendered":"<div class=\"mh-excerpt\"><p>Pry\u010d jsou \u010dasy, kdy v\u00fdznamn\u00e9 automobilov\u00e9 zna\u010dky na \u010desk\u00e9m trhu po\u0159\u00e1daly v\u00e1no\u010dn\u00ed ve\u010d\u00edrky pro novin\u00e1\u0159e. Letos to vypadalo na nulu, ale p\u0159eci jen se jeden <a class=\"mh-excerpt-more\" href=\"https:\/\/www.automakersnews.cz\/index.php\/2022\/12\/16\/skoda-mela-vanocni-setkani-s-novinari-v-uhelnem-mlyne\/\" title=\"\u0160koda m\u011bla v\u00e1no\u010dn\u00ed setk\u00e1n\u00ed s novin\u00e1\u0159i v Uheln\u00e9m ml\u00fdn\u011b\">[&#8230;]<\/a><\/p>\n<\/div>","protected":false},"author":1,"featured_media":9039,"comment_status":"open","ping_status":"open","sticky":false,"template":"","format":"standard","meta":{"footnotes":""},"categories":[10,27],"tags":[],"class_list":["post-9038","post","type-post","status-publish","format-standard","has-post-thumbnail","hentry","category-eventy","category-media"],"_links":{"self":[{"href":"https:\/\/www.automakersnews.cz\/index.php\/wp-json\/wp\/v2\/posts\/9038","targetHints":{"allow":["GET"]}}],"collection":[{"href":"https:\/\/www.automakersnews.cz\/index.php\/wp-json\/wp\/v2\/posts"}],"about":[{"href":"https:\/\/www.automakersnews.cz\/index.php\/wp-json\/wp\/v2\/types\/post"}],"author":[{"embeddable":true,"href":"https:\/\/www.automakersnews.cz\/index.php\/wp-json\/wp\/v2\/users\/1"}],"replies":[{"embeddable":true,"href":"https:\/\/www.automakersnews.cz\/index.php\/wp-json\/wp\/v2\/comments?post=9038"}],"version-history":[{"count":0,"href":"https:\/\/www.automakersnews.cz\/index.php\/wp-json\/wp\/v2\/posts\/9038\/revisions"}],"wp:featuredmedia":[{"embeddable":true,"href":"https:\/\/www.automakersnews.cz\/index.php\/wp-json\/wp\/v2\/media\/9039"}],"wp:attachment":[{"href":"https:\/\/www.automakersnews.cz\/index.php\/wp-json\/wp\/v2\/media?parent=9038"}],"wp:term":[{"taxonomy":"category","embeddable":true,"href":"https:\/\/www.automakersnews.cz\/index.php\/wp-json\/wp\/v2\/categories?post=9038"},{"taxonomy":"post_tag","embeddable":true,"href":"https:\/\/www.automakersnews.cz\/index.php\/wp-json\/wp\/v2\/tags?post=9038"}],"curies":[{"name":"wp","href":"https:\/\/api.w.org\/{rel}","templated":true}]}}