{"id":91649,"date":"2023-08-29T08:12:41","date_gmt":"2023-08-29T08:12:41","guid":{"rendered":"https:\/\/www.automakersnews.cz\/?p=91649"},"modified":"2023-08-29T08:12:41","modified_gmt":"2023-08-29T08:12:41","slug":"dkv-mobility-hlasi-500-000-dobijecich-bodu","status":"publish","type":"post","link":"https:\/\/www.automakersnews.cz\/index.php\/2023\/08\/29\/dkv-mobility-hlasi-500-000-dobijecich-bodu\/","title":{"rendered":"DKV Mobility hl\u00e1s\u00ed 500 000 dob\u00edjec\u00edch bod\u016f"},"content":{"rendered":"<p><strong>DKV Mobility, evropsk\u00e1 B2B platforma pro platby a \u0159e\u0161en\u00ed na cest\u00e1ch, p\u0159ekonala miln\u00edk 500 000 dob\u00edjec\u00edch bod\u016f v Evrop\u011b. <\/strong><!--more--><\/p>\n<p>Z\u00e1kazn\u00edci spole\u010dnosti DKV Mobility mohou s kartou DKV +Charge nebo aplikac\u00ed DKV Mobility vyu\u017e\u00edvat pro nab\u00edjen\u00ed sv\u00fdch elektricky poh\u00e1n\u011bn\u00fdch vozidel p\u0159ibli\u017en\u011b 509 000 dob\u00edjec\u00edch bod\u016f. DKV Mobility tak nab\u00edz\u00ed spole\u010dn\u011b s dce\u0159inou firmou GreenFlux p\u0159\u00edstup do jedn\u00e9 z nejv\u011bt\u0161\u00edch evropsk\u00fdch s\u00edt\u00ed pro nab\u00edjen\u00ed elektromobil\u016f.<\/p>\n<p>\u201eP\u0159ekro\u010den\u00edm hranice 500 000 dob\u00edjec\u00edch bod\u016f jsme upevnili sv\u00e9 postaven\u00ed mezi nejv\u011bt\u0161\u00edmi poskytovateli slu\u017eeb pro nab\u00edjen\u00ed v Evrop\u011b. Jen v leto\u0161n\u00edm roce jsme spole\u010dn\u011b s na\u0161\u00ed dce\u0159inou firmou GreenFlux za\u0159adili do na\u0161\u00ed s\u00edt\u011b ji\u017e v\u00edce ne\u017e 100 000 dob\u00edjec\u00edch bod\u016f. Na tento pokrok jsme hrd\u00ed a na\u0161i p\u0159\u00edtomnost na tomto trhu chceme d\u00e1le roz\u0161i\u0159ovat, aby bylo nab\u00edjen\u00ed v cel\u00e9 Evrop\u011b pro na\u0161e z\u00e1kazn\u00edky co nejjednodu\u0161\u0161\u00ed,\u201c \u0159\u00edk\u00e1 Sven Mehringer, gener\u00e1ln\u00ed \u0159editel divize Energy &amp; Vehicle Services ve spole\u010dnosti DKV Mobility.<\/p>\n<p>GreenFlux, dce\u0159in\u00e1 firma spole\u010dnosti DKV Mobility, m\u00e1 na starosti nab\u00eddku spole\u010dnosti DKV Mobility u ve\u0159ejn\u00fdch dob\u00edjec\u00edch stanic a zam\u011b\u0159uje se v t\u00e9to oblasti na spolupr\u00e1ci s partnery. Od z\u00e1\u0159\u00ed 2020, kdy spole\u010dnost DKV Mobility za\u0159adila do sv\u00e9 akcepta\u010dn\u00ed s\u00edt\u011b stotis\u00edc\u00ed dob\u00edjec\u00ed bod, se jejich po\u010det ji\u017e zp\u011btin\u00e1sobil.<\/p>\n<p><img loading=\"lazy\" decoding=\"async\" class=\"alignnone size-large wp-image-420\" src=\"http:\/\/www.automakersnews.cz\/wp-content\/uploads\/2022\/08\/DKV_Ilustracni-foto-1024x677.jpg\" alt=\"\" width=\"1024\" height=\"677\" \/><\/p>\n","protected":false},"excerpt":{"rendered":"<div class=\"mh-excerpt\"><p>DKV Mobility, evropsk\u00e1 B2B platforma pro platby a \u0159e\u0161en\u00ed na cest\u00e1ch, p\u0159ekonala miln\u00edk 500 000 dob\u00edjec\u00edch bod\u016f v Evrop\u011b.<\/p>\n<\/div>","protected":false},"author":4,"featured_media":91650,"comment_status":"open","ping_status":"open","sticky":false,"template":"","format":"standard","meta":{"footnotes":""},"categories":[2],"tags":[],"class_list":["post-91649","post","type-post","status-publish","format-standard","has-post-thumbnail","hentry","category-news"],"_links":{"self":[{"href":"https:\/\/www.automakersnews.cz\/index.php\/wp-json\/wp\/v2\/posts\/91649","targetHints":{"allow":["GET"]}}],"collection":[{"href":"https:\/\/www.automakersnews.cz\/index.php\/wp-json\/wp\/v2\/posts"}],"about":[{"href":"https:\/\/www.automakersnews.cz\/index.php\/wp-json\/wp\/v2\/types\/post"}],"author":[{"embeddable":true,"href":"https:\/\/www.automakersnews.cz\/index.php\/wp-json\/wp\/v2\/users\/4"}],"replies":[{"embeddable":true,"href":"https:\/\/www.automakersnews.cz\/index.php\/wp-json\/wp\/v2\/comments?post=91649"}],"version-history":[{"count":0,"href":"https:\/\/www.automakersnews.cz\/index.php\/wp-json\/wp\/v2\/posts\/91649\/revisions"}],"wp:featuredmedia":[{"embeddable":true,"href":"https:\/\/www.automakersnews.cz\/index.php\/wp-json\/wp\/v2\/media\/91650"}],"wp:attachment":[{"href":"https:\/\/www.automakersnews.cz\/index.php\/wp-json\/wp\/v2\/media?parent=91649"}],"wp:term":[{"taxonomy":"category","embeddable":true,"href":"https:\/\/www.automakersnews.cz\/index.php\/wp-json\/wp\/v2\/categories?post=91649"},{"taxonomy":"post_tag","embeddable":true,"href":"https:\/\/www.automakersnews.cz\/index.php\/wp-json\/wp\/v2\/tags?post=91649"}],"curies":[{"name":"wp","href":"https:\/\/api.w.org\/{rel}","templated":true}]}}