{"id":91689,"date":"2023-08-29T08:03:54","date_gmt":"2023-08-29T08:03:54","guid":{"rendered":"https:\/\/www.automakersnews.cz\/?p=91689"},"modified":"2023-08-29T08:03:54","modified_gmt":"2023-08-29T08:03:54","slug":"kia-vyuzije-recyklovane-plasty-z-oceanu","status":"publish","type":"post","link":"https:\/\/www.automakersnews.cz\/index.php\/2023\/08\/29\/kia-vyuzije-recyklovane-plasty-z-oceanu\/","title":{"rendered":"Kia vyu\u017eije recyklovan\u00e9 plasty z oce\u00e1nu"},"content":{"rendered":"<div class=\"perex\">\n<p><strong>Kia pl\u00e1nuje ve sv\u00fdch nov\u00fdch elektromobilech vyu\u017e\u00edt recyklovan\u00fd materi\u00e1l z 55 tun plast\u016f, kter\u00e9 byly ned\u00e1vno vyloveny z Tich\u00e9ho oce\u00e1nu.<\/strong><\/p>\n<\/div>\n<p><!--more--><\/p>\n<div class=\"text\">\n<p>The Ocean Cleanup, mezin\u00e1rodn\u00ed neziskov\u00fd projekt, jeho\u017e posl\u00e1n\u00edm je zbavit oce\u00e1ny plast\u016f, vylo\u017eil sv\u016fj plastov\u00fd \u00falovek ve Victorii na ostrov\u011b Vancouver v Kanad\u011b. Rekordn\u00ed \u00falovek byl z Tich\u00e9ho oce\u00e1nu vyloven pomoc\u00ed extrak\u010dn\u00ed technologie Syst\u00e9m 002 organizace The Ocean Cleanup po dlouh\u00e9 plavb\u011b nap\u0159\u00ed\u010d Velkou tichomo\u0159skou odpadkovou skvrnou (GPGP). Velk\u00e1 tichomo\u0159sk\u00e1 odpadkov\u00e1 skvrna (GPGP) je nejv\u011bt\u0161\u00ed sv\u011btovou akumulac\u00ed plovouc\u00edho odpadu a jej\u00ed plocha se odhaduje na 1,6 milionu kilometr\u016f \u010dtvere\u010dn\u00edch, co\u017e odpov\u00edd\u00e1 trojn\u00e1sobku rozlohy Francie.<\/p>\n<p>Recyklace zachycen\u00e9ho plastu bude brzy zah\u00e1jena a spole\u010dnost Kia pou\u017eije \u010d\u00e1st tohoto materi\u00e1lu v budouc\u00edch modelech. Tato politika je v souladu se z\u00e1vazkem spole\u010dnosti Kia poskytovat \u0159e\u0161en\u00ed udr\u017eiteln\u00e9 mobility, kter\u00e1 maj\u00ed m\u011b\u0159iteln\u00fd dopad na dosa\u017een\u00ed udr\u017eitelnosti ve velk\u00e9m m\u011b\u0159\u00edtku.<\/p>\n<p>Kia ji\u017e \u00fasp\u011b\u0161n\u011b zavedla v\u00edce ne\u017e 30 udr\u017eiteln\u00fdch \u0159e\u0161en\u00ed v r\u016fzn\u00fdch produktov\u00fdch oblastech, v\u010detn\u011b tkanin a koberc\u016f z recyklovan\u00e9ho PET, alternativn\u00ed k\u016f\u017ee na biologick\u00e9 b\u00e1zi a laku bez obsahu BTX*. Nap\u0159\u00edklad v p\u0159\u00edpad\u011b EV9, sedmim\u00edstn\u00e9ho pln\u011b elektrick\u00e9ho SUV zna\u010dky Kia, se na v\u00fdrobu podlahov\u00fdch kobere\u010dk\u016f vozu pou\u017e\u00edv\u00e1 upcyklovan\u00fd odpad, v\u010detn\u011b ryb\u00e1\u0159sk\u00fdch s\u00edt\u00ed z\u00edskan\u00fdch z oce\u00e1nu. Sou\u010d\u00e1sti pou\u017eit\u00e9 p\u0159i stavb\u011b modelu EV9 vyroben\u00e9 z recyklovan\u00e9ho plastu a ekologick\u00fdch materi\u00e1l\u016f na biologick\u00e9 b\u00e1zi v\u00e1\u017e\u00ed p\u0159ibli\u017en\u011b 34 kg.<\/p>\n<p><img loading=\"lazy\" decoding=\"async\" class=\"alignnone wp-image-91691\" src=\"http:\/\/www.automakersnews.cz\/wp-content\/uploads\/2023\/08\/KIA-2-small-300x200.jpg\" alt=\"\" width=\"834\" height=\"556\" srcset=\"https:\/\/www.automakersnews.cz\/wp-content\/uploads\/2023\/08\/KIA-2-small-300x200.jpg 300w, https:\/\/www.automakersnews.cz\/wp-content\/uploads\/2023\/08\/KIA-2-small-1024x683.jpg 1024w, https:\/\/www.automakersnews.cz\/wp-content\/uploads\/2023\/08\/KIA-2-small-768x512.jpg 768w, https:\/\/www.automakersnews.cz\/wp-content\/uploads\/2023\/08\/KIA-2-small-1536x1024.jpg 1536w, https:\/\/www.automakersnews.cz\/wp-content\/uploads\/2023\/08\/KIA-2-small-2048x1365.jpg 2048w\" sizes=\"auto, (max-width: 834px) 100vw, 834px\" \/><\/p>\n<p>Ihned po vyta\u017een\u00ed rekordn\u00edho \u00falovku na b\u0159eh ozn\u00e1mila organizace The Ocean Cleanup zaveden\u00ed nov\u00e9 technologie Syst\u00e9m 03. Syst\u00e9m 03 je t\u00e9m\u011b\u0159 t\u0159ikr\u00e1t v\u011bt\u0161\u00ed ne\u017e Syst\u00e9m 002 a dok\u00e1\u017ee zachytit mnohem v\u011bt\u0161\u00ed mno\u017estv\u00ed plast\u016f p\u0159i ni\u017e\u0161\u00edch n\u00e1kladech na kilogram vyloven\u00e9ho materi\u00e1lu, a to nep\u0159etr\u017eit\u011b po cel\u00fd rok. Je tak\u00e9 vybaven sofistikovan\u011bj\u0161\u00edmi technologiemi pro monitorov\u00e1n\u00ed \u017eivotn\u00edho prost\u0159ed\u00ed a bezpe\u010dnostn\u00edmi technologiemi, jako je nov\u00fd bezpe\u010dnostn\u00ed otvor pro mo\u0159sk\u00e9 \u017eivo\u010dichy ur\u010den\u00fd k ochran\u011b mo\u0159sk\u00e9ho \u017eivota. Toto roz\u0161\u00ed\u0159en\u00ed p\u0159edstavuje dal\u0161\u00ed f\u00e1zi na cest\u011b k c\u00edli organizace The Ocean Cleanup, kter\u00fdm je odstran\u011bn\u00ed 90 % plavaj\u00edc\u00edho plastu z oce\u00e1n\u016f do roku 2040.<\/p>\n<p>Spole\u010dnost Kia je i nad\u00e1le pevn\u011b odhodl\u00e1na usilovat o udr\u017eitelnou planetu a blaho budouc\u00edch generac\u00ed. Tato strategie zahrnuje pokra\u010duj\u00edc\u00ed a rostouc\u00ed podporu organizace The Ocean Cleanup ze strany zna\u010dky. Ta bude pos\u00edlena a vyj\u00e1d\u0159ena logem a barvami zna\u010dky Kia, kter\u00e9 se objev\u00ed na ka\u017ed\u00e9 souprav\u011b kombin\u00e9zy, kterou bude pos\u00e1dka Syst\u00e9mu 03 nosit.<\/p>\n<p>Charles Ryu, senior viceprezident a \u0159editel divize Global Brand &amp; CX spole\u010dnosti Kia Corp., uvedl: \u201eRekordn\u00ed \u00falovek plast\u016f, kter\u00e9 byly organizac\u00ed The Ocean Cleanup vyloveny na b\u0159eh za \u00fa\u010delem recyklace, je hmatateln\u00fdm d\u016fkazem toho, jak m\u016f\u017ee technologie p\u0159in\u00e1\u0161et udr\u017eiteln\u00e1 \u0159e\u0161en\u00ed ve velk\u00e9m m\u011b\u0159\u00edtku. Partnerstv\u00ed spole\u010dnosti Kia s organizac\u00ed The Ocean Cleanup je d\u016fkazem \u00fasil\u00ed zna\u010dky o pozitivn\u00ed dopad. Iniciativy, jako je tato, jsou v dokonal\u00e9m souladu s p\u0159em\u011bnou spole\u010dnosti Kia na poskytovatele \u0159e\u0161en\u00ed udr\u017eiteln\u00e9 mobility a s na\u0161\u00ed strategi\u00ed Pl\u00e1n S, v jej\u00edm\u017e r\u00e1mci se hl\u00e1s\u00edme k pot\u0159eb\u00e1m na\u0161ich z\u00e1kazn\u00edk\u016f a k ochran\u011b \u017eivotn\u00edho prost\u0159ed\u00ed t\u00edm, \u017ee se chov\u00e1me jako odpov\u011bdn\u00e1 spole\u010dnost.\u201c<\/p>\n<p>Nisha Bakkerov\u00e1, \u0159editelka pro partnerstv\u00ed organizace The Ocean Cleanup, uvedla: \u201eTento rekordn\u00ed \u00falovek znamen\u00e1 pro The Ocean Cleanup konec \u00e9ry Syst\u00e9mu 002 a je dokonalou platformou pro spu\u0161t\u011bn\u00ed Syst\u00e9mu 03. Postupujeme krok za krokem a jsme p\u0159esv\u011bd\u010deni, \u017ee Syst\u00e9m 03 p\u0159edstavuje velikost syst\u00e9mu pot\u0159ebnou k tomu, abychom mohli n\u00e1\u0161 oce\u00e1nsk\u00fd \u00faklid co nejekonomi\u010dt\u011bji roz\u0161i\u0159ovat. Krom\u011b Syst\u00e9mu 03 pl\u00e1nujeme nasadit flotilu syst\u00e9m\u016f, kter\u00e9 budou spole\u010dn\u011b schopny odstranit 50 % Velk\u00e9 tichomo\u0159sk\u00e9 odpadkov\u00e1 skvrny (GPGP) ka\u017ed\u00fdch p\u011bt let. Sami to v\u0161ak nedok\u00e1\u017eeme. Odhodlan\u00ed a cen\u011bn\u00ed partne\u0159i, a zejm\u00e9na n\u00e1\u0161 glob\u00e1ln\u00ed partner Kia, jsou i nad\u00e1le nezbytn\u00ed pro organizaci The Ocean Cleanup, aby mohla uskute\u010d\u0148ovat na\u0161e spole\u010dn\u00e9 ambice, jimi\u017e jsou oce\u00e1ny bez plast\u016f.\u201c<\/p>\n<p><img loading=\"lazy\" decoding=\"async\" class=\"alignnone wp-image-91692\" src=\"http:\/\/www.automakersnews.cz\/wp-content\/uploads\/2023\/08\/KIA-3-small-3-300x169.jpg\" alt=\"\" width=\"868\" height=\"489\" srcset=\"https:\/\/www.automakersnews.cz\/wp-content\/uploads\/2023\/08\/KIA-3-small-3-300x169.jpg 300w, https:\/\/www.automakersnews.cz\/wp-content\/uploads\/2023\/08\/KIA-3-small-3-768x432.jpg 768w, https:\/\/www.automakersnews.cz\/wp-content\/uploads\/2023\/08\/KIA-3-small-3-1536x863.jpg 1536w, https:\/\/www.automakersnews.cz\/wp-content\/uploads\/2023\/08\/KIA-3-small-3-2048x1151.jpg 2048w, https:\/\/www.automakersnews.cz\/wp-content\/uploads\/2023\/08\/KIA-3-small-3-678x381.jpg 678w\" sizes=\"auto, (max-width: 868px) 100vw, 868px\" \/><\/p>\n<\/div>\n","protected":false},"excerpt":{"rendered":"<div class=\"mh-excerpt\"><p>Kia pl\u00e1nuje ve sv\u00fdch nov\u00fdch elektromobilech vyu\u017e\u00edt recyklovan\u00fd materi\u00e1l z 55 tun plast\u016f, kter\u00e9 byly ned\u00e1vno vyloveny z Tich\u00e9ho oce\u00e1nu.<\/p>\n<\/div>","protected":false},"author":4,"featured_media":91690,"comment_status":"open","ping_status":"open","sticky":false,"template":"","format":"standard","meta":{"footnotes":""},"categories":[38],"tags":[],"class_list":["post-91689","post","type-post","status-publish","format-standard","has-post-thumbnail","hentry","category-ekologie"],"_links":{"self":[{"href":"https:\/\/www.automakersnews.cz\/index.php\/wp-json\/wp\/v2\/posts\/91689","targetHints":{"allow":["GET"]}}],"collection":[{"href":"https:\/\/www.automakersnews.cz\/index.php\/wp-json\/wp\/v2\/posts"}],"about":[{"href":"https:\/\/www.automakersnews.cz\/index.php\/wp-json\/wp\/v2\/types\/post"}],"author":[{"embeddable":true,"href":"https:\/\/www.automakersnews.cz\/index.php\/wp-json\/wp\/v2\/users\/4"}],"replies":[{"embeddable":true,"href":"https:\/\/www.automakersnews.cz\/index.php\/wp-json\/wp\/v2\/comments?post=91689"}],"version-history":[{"count":0,"href":"https:\/\/www.automakersnews.cz\/index.php\/wp-json\/wp\/v2\/posts\/91689\/revisions"}],"wp:featuredmedia":[{"embeddable":true,"href":"https:\/\/www.automakersnews.cz\/index.php\/wp-json\/wp\/v2\/media\/91690"}],"wp:attachment":[{"href":"https:\/\/www.automakersnews.cz\/index.php\/wp-json\/wp\/v2\/media?parent=91689"}],"wp:term":[{"taxonomy":"category","embeddable":true,"href":"https:\/\/www.automakersnews.cz\/index.php\/wp-json\/wp\/v2\/categories?post=91689"},{"taxonomy":"post_tag","embeddable":true,"href":"https:\/\/www.automakersnews.cz\/index.php\/wp-json\/wp\/v2\/tags?post=91689"}],"curies":[{"name":"wp","href":"https:\/\/api.w.org\/{rel}","templated":true}]}}