{"id":92038,"date":"2023-08-29T08:30:52","date_gmt":"2023-08-29T08:30:52","guid":{"rendered":"https:\/\/www.automakersnews.cz\/?p=92038"},"modified":"2023-08-29T08:46:20","modified_gmt":"2023-08-29T08:46:20","slug":"autosap-zve-na-cee-automotive-supply-chain","status":"publish","type":"post","link":"https:\/\/www.automakersnews.cz\/index.php\/2023\/08\/29\/autosap-zve-na-cee-automotive-supply-chain\/","title":{"rendered":"AutoSAP zve na CEE Automotive Supply Chain"},"content":{"rendered":"<p><strong>CEE Automotive Supply Chain 2023 kombinuje konferenci, networking a organizovan\u00e1 B2B setk\u00e1n\u00ed. Akce je ur\u010dena pro dodavatele autopr\u016fmyslu. Posledn\u00edho ro\u010dn\u00edku se v roce 2022 z\u00fa\u010dastnilo v\u00edce ne\u017e 300 deleg\u00e1t\u016f ze 17 r\u016fzn\u00fdch zem\u00ed. Kdo u\u017e letos potvrdil \u00fa\u010dast?<\/strong><!--more--><\/p>\n<p><a href=\"https:\/\/www.linkedin.com\/company\/sdruzeni-automobiloveho-prumyslu\/\" data-attribute-index=\"1\" data-entity-type=\"MINI_COMPANY\">&#8222;Sdru\u017een\u00ed automobilov\u00e9ho pr\u016fmyslu<\/a>\u00a0a\u00a0<a href=\"https:\/\/www.linkedin.com\/company\/zv%C3%A4z-automobilov%C3%A9ho-priemyslu-slovenskej-republiky\/\" data-attribute-index=\"3\" data-entity-type=\"MINI_COMPANY\">Zv\u00e4z automobilov\u00e9ho priemyslu SR<\/a> jako organiz\u00e1to\u0159i spolu s dal\u0161\u00edmi partnery jsou z\u00e1rukou kvalitn\u00edho programu konference a velk\u00e9ho po\u010dtu \u00fa\u010dastn\u00edk\u016f ze v\u0161ech \u00farovn\u00ed dodavatelsk\u00e9ho \u0159et\u011bzce. Vyu\u017eijte p\u0159\u00edle\u017eitosti setkat se a nav\u00e1zat spolupr\u00e1ci s p\u0159edn\u00edmi p\u0159edstaviteli automobilov\u00e9ho pr\u016fmyslu nejen z regionu V4,&#8220; l\u00e1k\u00e1 z\u00e1jemce AutoSAP.<\/p>\n<p><strong>Kdo letos potvrdil \u00fa\u010dast<\/strong><\/p>\n<p>Svoji \u00fa\u010dast na akci ji\u017e potvrdili\u00a0<a href=\"https:\/\/www.linkedin.com\/in\/ACoAAADWgw0BBMDnIkJO98o6AazmOK38TAHdpZg\" data-attribute-index=\"5\" data-entity-type=\"MINI_PROFILE\">Martin Jahn<\/a>\u00a0\u2013 \u010dlen p\u0159edstavenstva za oblast prodeje a marketingu ve \u0160koda Auto, prezident Sdru\u017een\u00ed automobilov\u00e9ho pr\u016fmyslu a viceprezident Svazu pr\u016fmyslu a dopravy \u010cR,\u00a0<a href=\"https:\/\/www.linkedin.com\/in\/ACoAAAxq4E4BJL052NZdxfNZYZ2aKt02DYiEte8\" data-attribute-index=\"7\" data-entity-type=\"MINI_PROFILE\">Alexander Matusek<\/a>\u00a0\u2013 prezident Zv\u00e4zu automobilov\u00e9ho priemyslu Slovenskej republiky,\u00a0<a href=\"https:\/\/www.linkedin.com\/in\/ACoAAAHsZTABT_rDs0CNrQnSt_AjmTs6deu5ORM\" data-attribute-index=\"9\" data-entity-type=\"MINI_PROFILE\">Dr. Robert Kiml<\/a>\u00a0\u2013 viceprezident pro v\u00fdrobu v Toyota Motor Manufacturing Czech Republic a viceprezident Sdru\u017een\u00ed automobilov\u00e9ho pr\u016fmyslu,\u00a0<a href=\"https:\/\/www.linkedin.com\/in\/ACoAAAIueeABizba7_9OMf3vuFEcv5rmLf0CtSQ\" data-attribute-index=\"11\" data-entity-type=\"MINI_PROFILE\">Petr Michn\u00edk<\/a>\u00a0\u2013 Head of Administration Sub-Division v Hyundai Motor Manufacturing Czech,\u00a0<a href=\"https:\/\/www.linkedin.com\/in\/ACoAAA1qsQcBD-jgNhlw986lGLvpJ6Tg5zMt1w8\" data-attribute-index=\"13\" data-entity-type=\"MINI_PROFILE\">Petr Novak<\/a>\u00a0\u2013 \u0159editel divize automotive v\u00a0JTEKT European Operations a p\u0159edseda Divize dodavatel\u016f a \u00fa\u010delov\u00fdch organizac\u00ed ve Sdru\u017een\u00ed automobilov\u00e9ho pr\u016fmyslu,\u00a0<a href=\"https:\/\/www.linkedin.com\/in\/ACoAABK8KqcBy0K01RH7ZXvMJSOs8SaCYLCD9rc\" data-attribute-index=\"15\" data-entity-type=\"MINI_PROFILE\">Lukas Rosulek<\/a>\u00a0\u2013 Head of Vitesco Technologies Czech Republic a \u0159ada dal\u0161\u00edch.<\/p>\n<p><strong>Zdroj: LinkedIn, AutoSAP<\/strong><\/p>\n","protected":false},"excerpt":{"rendered":"<div class=\"mh-excerpt\"><p>CEE Automotive Supply Chain 2023 kombinuje konferenci, networking a organizovan\u00e1 B2B setk\u00e1n\u00ed. Akce je ur\u010dena pro dodavatele autopr\u016fmyslu. Posledn\u00edho ro\u010dn\u00edku se v roce 2022 z\u00fa\u010dastnilo <a class=\"mh-excerpt-more\" href=\"https:\/\/www.automakersnews.cz\/index.php\/2023\/08\/29\/autosap-zve-na-cee-automotive-supply-chain\/\" title=\"AutoSAP zve na CEE Automotive Supply Chain\">[&#8230;]<\/a><\/p>\n<\/div>","protected":false},"author":1,"featured_media":176,"comment_status":"open","ping_status":"open","sticky":false,"template":"","format":"standard","meta":{"footnotes":""},"categories":[66,10],"tags":[],"class_list":["post-92038","post","type-post","status-publish","format-standard","has-post-thumbnail","hentry","category-dodavatele","category-eventy"],"_links":{"self":[{"href":"https:\/\/www.automakersnews.cz\/index.php\/wp-json\/wp\/v2\/posts\/92038","targetHints":{"allow":["GET"]}}],"collection":[{"href":"https:\/\/www.automakersnews.cz\/index.php\/wp-json\/wp\/v2\/posts"}],"about":[{"href":"https:\/\/www.automakersnews.cz\/index.php\/wp-json\/wp\/v2\/types\/post"}],"author":[{"embeddable":true,"href":"https:\/\/www.automakersnews.cz\/index.php\/wp-json\/wp\/v2\/users\/1"}],"replies":[{"embeddable":true,"href":"https:\/\/www.automakersnews.cz\/index.php\/wp-json\/wp\/v2\/comments?post=92038"}],"version-history":[{"count":0,"href":"https:\/\/www.automakersnews.cz\/index.php\/wp-json\/wp\/v2\/posts\/92038\/revisions"}],"wp:featuredmedia":[{"embeddable":true,"href":"https:\/\/www.automakersnews.cz\/index.php\/wp-json\/wp\/v2\/media\/176"}],"wp:attachment":[{"href":"https:\/\/www.automakersnews.cz\/index.php\/wp-json\/wp\/v2\/media?parent=92038"}],"wp:term":[{"taxonomy":"category","embeddable":true,"href":"https:\/\/www.automakersnews.cz\/index.php\/wp-json\/wp\/v2\/categories?post=92038"},{"taxonomy":"post_tag","embeddable":true,"href":"https:\/\/www.automakersnews.cz\/index.php\/wp-json\/wp\/v2\/tags?post=92038"}],"curies":[{"name":"wp","href":"https:\/\/api.w.org\/{rel}","templated":true}]}}