{"id":93533,"date":"2023-08-31T07:11:28","date_gmt":"2023-08-31T07:11:28","guid":{"rendered":"https:\/\/www.automakersnews.cz\/?p=93533"},"modified":"2023-08-31T07:11:28","modified_gmt":"2023-08-31T07:11:28","slug":"zaplavy-ve-slovinsku-dopadnou-na-vw","status":"publish","type":"post","link":"https:\/\/www.automakersnews.cz\/index.php\/2023\/08\/31\/zaplavy-ve-slovinsku-dopadnou-na-vw\/","title":{"rendered":"Z\u00e1plavy ve Slovinsku dopadnou na VW"},"content":{"rendered":"<p><strong>P\u0159ekvapiv\u00e9 z\u00e1plavy ve Slovinsku postily i jednoho z dodavatel\u016f koncernu Volkswagen. Situace bude m\u00edt dopad na produkci automobilky v N\u011bmecku, uvedl mluv\u010d\u00ed firmy.<\/strong><!--more--><\/p>\n<p>Podle jeho slov vyplavila potopa jednoho ze slovinsk\u00fdch dodavatel\u016f d\u00edl\u016f pro motory. Koncern zat\u00edm nem\u00e1 propo\u010det o\u010dek\u00e1van\u00fdch v\u00fdpadk\u016f v produkci, p\u0159edpokl\u00e1d\u00e1 ale, \u017ee se mu b\u011bhem z\u00e1\u0159\u00ed poda\u0159\u00ed d\u00edly nahradit od jin\u00fdch dodavatel\u016f.<\/p>\n<p>Zda v\u00fdpadky dod\u00e1vek postihnou i \u010deskou \u0160kodu, nebylo uvedeno.<\/p>\n<p><img loading=\"lazy\" decoding=\"async\" class=\"alignnone size-large wp-image-1524\" src=\"http:\/\/www.automakersnews.cz\/wp-content\/uploads\/2022\/11\/Vyroba-aut-skoda-enyaq-1024x768.jpg\" alt=\"\" width=\"1024\" height=\"768\" \/><\/p>\n<p><strong>Zdroj: Automobilwoche.de<\/strong><\/p>\n","protected":false},"excerpt":{"rendered":"<div class=\"mh-excerpt\"><p>P\u0159ekvapiv\u00e9 z\u00e1plavy ve Slovinsku postily i jednoho z dodavatel\u016f koncernu Volkswagen. Situace bude m\u00edt dopad na produkci automobilky v N\u011bmecku, uvedl mluv\u010d\u00ed firmy.<\/p>\n<\/div>","protected":false},"author":1,"featured_media":63121,"comment_status":"open","ping_status":"open","sticky":false,"template":"","format":"standard","meta":{"footnotes":""},"categories":[66],"tags":[],"class_list":["post-93533","post","type-post","status-publish","format-standard","has-post-thumbnail","hentry","category-dodavatele"],"_links":{"self":[{"href":"https:\/\/www.automakersnews.cz\/index.php\/wp-json\/wp\/v2\/posts\/93533","targetHints":{"allow":["GET"]}}],"collection":[{"href":"https:\/\/www.automakersnews.cz\/index.php\/wp-json\/wp\/v2\/posts"}],"about":[{"href":"https:\/\/www.automakersnews.cz\/index.php\/wp-json\/wp\/v2\/types\/post"}],"author":[{"embeddable":true,"href":"https:\/\/www.automakersnews.cz\/index.php\/wp-json\/wp\/v2\/users\/1"}],"replies":[{"embeddable":true,"href":"https:\/\/www.automakersnews.cz\/index.php\/wp-json\/wp\/v2\/comments?post=93533"}],"version-history":[{"count":0,"href":"https:\/\/www.automakersnews.cz\/index.php\/wp-json\/wp\/v2\/posts\/93533\/revisions"}],"wp:featuredmedia":[{"embeddable":true,"href":"https:\/\/www.automakersnews.cz\/index.php\/wp-json\/wp\/v2\/media\/63121"}],"wp:attachment":[{"href":"https:\/\/www.automakersnews.cz\/index.php\/wp-json\/wp\/v2\/media?parent=93533"}],"wp:term":[{"taxonomy":"category","embeddable":true,"href":"https:\/\/www.automakersnews.cz\/index.php\/wp-json\/wp\/v2\/categories?post=93533"},{"taxonomy":"post_tag","embeddable":true,"href":"https:\/\/www.automakersnews.cz\/index.php\/wp-json\/wp\/v2\/tags?post=93533"}],"curies":[{"name":"wp","href":"https:\/\/api.w.org\/{rel}","templated":true}]}}