{"id":93538,"date":"2023-08-31T07:29:01","date_gmt":"2023-08-31T07:29:01","guid":{"rendered":"https:\/\/www.automakersnews.cz\/?p=93538"},"modified":"2023-08-31T08:38:18","modified_gmt":"2023-08-31T08:38:18","slug":"dhl-supply-chain-s-novymi-manazery","status":"publish","type":"post","link":"https:\/\/www.automakersnews.cz\/index.php\/2023\/08\/31\/dhl-supply-chain-s-novymi-manazery\/","title":{"rendered":"DHL Supply Chain s nov\u00fdmi mana\u017eery"},"content":{"rendered":"<p><strong>DHL, poskytovatel slu\u017eeb v oblasti smluvn\u00ed logistiky, obsadila pozice vedouc\u00edch pracovn\u00edk\u016f transportu. Dopravu pro z\u00e1kazn\u00edky z automobilov\u00e9ho sektoru bude m\u00edt nov\u011b na starost Roman Ka\u010dma\u0159, p\u0159epravu pro sektor spot\u0159ebn\u00edho zbo\u017e\u00ed povede Tom\u00e1\u0161 Je\u0161\u00e1tko.<\/strong><!--more--><\/p>\n<p>Funkce p\u0159evezmou po Kate\u0159in\u011b R\u00e1zlov\u00e9, kter\u00e1 byla p\u0159ed ned\u00e1vnem jmenov\u00e1na viceprezidentkou transportu pro st\u0159edn\u00ed a v\u00fdchodn\u00ed Evropu.<\/p>\n<figure id=\"attachment_52705\" aria-describedby=\"caption-attachment-52705\" style=\"width: 1024px\" class=\"wp-caption alignnone\"><img loading=\"lazy\" decoding=\"async\" class=\"size-large wp-image-52705\" src=\"http:\/\/www.automakersnews.cz\/wp-content\/uploads\/2023\/06\/DHL_Katerina-Razlova_2-1024x683.jpg\" alt=\"\" width=\"1024\" height=\"683\" \/><figcaption id=\"caption-attachment-52705\" class=\"wp-caption-text\">Kate\u0159ina R\u00e1zlov\u00e1<\/figcaption><\/figure>\n<p>\u201eChci, abychom d\u00e1l byli l\u00eddrem v udr\u017eiteln\u00fdch \u0159e\u0161en\u00edch, digitalizaci a nov\u00fdch technologi\u00edch. Budeme nad\u00e1le zvy\u0161ovat m\u00edru digitalizace a automatizace ve\u0161ker\u00fdch mo\u017en\u00fdch transportn\u00edch a logistick\u00fdch proces\u016f. Zam\u011b\u0159\u00edme se na v\u011bt\u0161\u00ed vyu\u017e\u00edv\u00e1n\u00ed dat a v budoucnu tak\u00e9 na vyu\u017eit\u00ed um\u011bl\u00e9 inteligence pro efektivn\u011bj\u0161\u00ed pl\u00e1nov\u00e1n\u00ed tras a optimalizaci vyt\u00ed\u017eenosti na\u0161ich vozidel. Ve spolupr\u00e1ci s na\u0161imi z\u00e1kazn\u00edky budeme postupn\u011b p\u0159ech\u00e1zet na alternativn\u00ed pohony a jin\u00e1 udr\u017eiteln\u00e1 \u0159e\u0161en\u00ed, kter\u00e1 n\u00e1s dovedou na cestu nulov\u00fdch emis\u00ed,\u201c vysv\u011btluje Roman Ka\u010dma\u0159, vedouc\u00ed transportu pro sektor Automotive.<\/p>\n<p>\u201eNa\u0161im z\u00e1kazn\u00edk\u016fm chceme i nad\u00e1le nab\u00edzet udr\u017eiteln\u00e1 a inovativn\u00ed \u0159e\u0161en\u00ed, kter\u00e1 je p\u0159esv\u011bd\u010d\u00ed, \u017ee na\u0161e slu\u017eby jsou flexibiln\u00ed a zahrnuj\u00ed p\u0159idanou hodnotu. Z\u00e1rove\u0148 d\u011bl\u00e1me v\u0161e pro to, abychom byli preferovan\u00fdm zam\u011bstnavatelem v doprav\u011b, u kter\u00e9ho najdou zam\u011bstnanci stabilitu a m\u00edsto pro sv\u016fj osobn\u00ed rozvoj a kari\u00e9rn\u00ed r\u016fst,\u201c \u0159\u00edk\u00e1 Tom\u00e1\u0161 Je\u0161\u00e1tko, vedouc\u00ed transportu pro sektor spot\u0159ebn\u00edho zbo\u017e\u00ed.<\/p>\n<p>Roman Ka\u010dma\u0159 je zam\u011bstnancem DHL Supply Chain od roku 2019. Po celou dobu zast\u00e1val pozici mana\u017eera transportu zodpov\u011bdn\u00e9ho za dopravu v\u00a0automobilov\u00e9m sektoru. P\u0159ed t\u00edm pracoval na pozici mana\u017eera pro pl\u00e1nov\u00e1n\u00ed logistick\u00fdch operac\u00ed ve spole\u010dnosti Japan Tobacco International, kam p\u0159i\u0161el ze spole\u010dnosti LKW Walter, Internationale Transportorganisation AG. Roman Ka\u010dma\u0159 je absolventem V\u0160B \u2013 Technick\u00e9 univerzity Ostrava, jej\u00ed\u017e studium zakon\u010dil z\u00edsk\u00e1n\u00edm in\u017een\u00fdrsk\u00e9ho titulu.<\/p>\n<figure id=\"attachment_93540\" aria-describedby=\"caption-attachment-93540\" style=\"width: 1024px\" class=\"wp-caption alignnone\"><img loading=\"lazy\" decoding=\"async\" class=\"size-large wp-image-93540\" src=\"http:\/\/www.automakersnews.cz\/wp-content\/uploads\/2023\/08\/Tomas-Jesatko-1024x683.jpg\" alt=\"\" width=\"1024\" height=\"683\" \/><figcaption id=\"caption-attachment-93540\" class=\"wp-caption-text\">Tom\u00e1\u0161 Je\u0161\u00e1tko<\/figcaption><\/figure>\n<p>Tom\u00e1\u0161 Je\u0161\u00e1tko pracuje v\u00a0DHL Supply Chain od roku 2008. Z\u00a0pozice dispe\u010dera se vypravoval na vedouc\u00edho t\u00fdmu mezin\u00e1rodn\u00edch p\u0159eprav a n\u00e1sledn\u011b na mana\u017eera dopravy pro spot\u0159ebn\u00ed sektor. Vystudoval Vysokou \u0161kolu logistiky o.p.s. v\u00a0P\u0159erov\u011b, kde z\u00edskal in\u017een\u00fdrsk\u00fd titul.<\/p>\n<p>&nbsp;<\/p>\n","protected":false},"excerpt":{"rendered":"<div class=\"mh-excerpt\"><p>DHL, poskytovatel slu\u017eeb v oblasti smluvn\u00ed logistiky, obsadila pozice vedouc\u00edch pracovn\u00edk\u016f transportu. Dopravu pro z\u00e1kazn\u00edky z automobilov\u00e9ho sektoru bude m\u00edt nov\u011b na starost Roman Ka\u010dma\u0159, <a class=\"mh-excerpt-more\" href=\"https:\/\/www.automakersnews.cz\/index.php\/2023\/08\/31\/dhl-supply-chain-s-novymi-manazery\/\" title=\"DHL Supply Chain s nov\u00fdmi mana\u017eery\">[&#8230;]<\/a><\/p>\n<\/div>","protected":false},"author":1,"featured_media":93539,"comment_status":"open","ping_status":"open","sticky":false,"template":"","format":"standard","meta":{"footnotes":""},"categories":[26,3],"tags":[],"class_list":["post-93538","post","type-post","status-publish","format-standard","has-post-thumbnail","hentry","category-logistika","category-personalie"],"_links":{"self":[{"href":"https:\/\/www.automakersnews.cz\/index.php\/wp-json\/wp\/v2\/posts\/93538","targetHints":{"allow":["GET"]}}],"collection":[{"href":"https:\/\/www.automakersnews.cz\/index.php\/wp-json\/wp\/v2\/posts"}],"about":[{"href":"https:\/\/www.automakersnews.cz\/index.php\/wp-json\/wp\/v2\/types\/post"}],"author":[{"embeddable":true,"href":"https:\/\/www.automakersnews.cz\/index.php\/wp-json\/wp\/v2\/users\/1"}],"replies":[{"embeddable":true,"href":"https:\/\/www.automakersnews.cz\/index.php\/wp-json\/wp\/v2\/comments?post=93538"}],"version-history":[{"count":0,"href":"https:\/\/www.automakersnews.cz\/index.php\/wp-json\/wp\/v2\/posts\/93538\/revisions"}],"wp:featuredmedia":[{"embeddable":true,"href":"https:\/\/www.automakersnews.cz\/index.php\/wp-json\/wp\/v2\/media\/93539"}],"wp:attachment":[{"href":"https:\/\/www.automakersnews.cz\/index.php\/wp-json\/wp\/v2\/media?parent=93538"}],"wp:term":[{"taxonomy":"category","embeddable":true,"href":"https:\/\/www.automakersnews.cz\/index.php\/wp-json\/wp\/v2\/categories?post=93538"},{"taxonomy":"post_tag","embeddable":true,"href":"https:\/\/www.automakersnews.cz\/index.php\/wp-json\/wp\/v2\/tags?post=93538"}],"curies":[{"name":"wp","href":"https:\/\/api.w.org\/{rel}","templated":true}]}}