{"id":94368,"date":"2023-09-01T08:33:11","date_gmt":"2023-09-01T08:33:11","guid":{"rendered":"https:\/\/www.automakersnews.cz\/?p=94368"},"modified":"2023-09-01T08:33:11","modified_gmt":"2023-09-01T08:33:11","slug":"zkw-group-meni-provozniho-manazera","status":"publish","type":"post","link":"https:\/\/www.automakersnews.cz\/index.php\/2023\/09\/01\/zkw-group-meni-provozniho-manazera\/","title":{"rendered":"ZKW Group m\u011bn\u00ed provozn\u00edho mana\u017eera"},"content":{"rendered":"<p><strong>Stefan Hornivius (53) p\u0159evzal 28. srpna 2023 funkci provozn\u00edho \u0159editele spole\u010dnosti ZKW Group GmbH. Narodil se v N\u011bmecku a ve funkci vyst\u0159\u00eddal Wolfganga Muhriho, kter\u00fd na vlastn\u00ed \u017e\u00e1dost koncem srpna ze spole\u010dnosti odch\u00e1z\u00ed. <\/strong><!--more--><\/p>\n<p>Hornivius m\u00e1 v\u00edce ne\u017e 25 let mana\u017eersk\u00fdch zku\u0161enost\u00ed v automobilov\u00e9m pr\u016fmyslu a p\u0159idru\u017een\u00fdch odv\u011btv\u00edch. Zast\u00e1val vedouc\u00ed pozice ve spole\u010dnostech MAN, Siemens VDO (vedouc\u00ed odd\u011blen\u00ed kvality), Continental (vedouc\u00ed odd\u011blen\u00ed pr\u016fmyslov\u00e9ho in\u017een\u00fdrstv\u00ed), Leistritz (v\u00fdkonn\u00fd \u0159editel pro technologie) a NIDEC GPM (provozn\u00ed \u0159editel skupiny). Dosud byl Hornivius gener\u00e1ln\u00edm \u0159editelem spole\u010dnosti Iskra Mehanizmi, kter\u00e1 se specializuje na mechatroniku.<\/p>\n<p>Stefan Hornivius se op\u00edr\u00e1 o dlouholet\u00e9 odborn\u00e9 znalosti v oblasti pr\u016fmyslov\u00e9ho in\u017een\u00fdrstv\u00ed a provozn\u00ed dokonalosti, jako\u017e i \u0159\u00edzen\u00ed kvality a dodavatelsk\u00e9ho \u0159et\u011bzce. Jeho p\u0159edch\u016fdce Wolfgang Muhri se chop\u00ed nov\u00fdch profesn\u00edch v\u00fdzev.<\/p>\n<p>Muhri zah\u00e1jil svou kari\u00e9ru ve spole\u010dnosti ZKW ve Wieselburgu v kv\u011btnu 2014 jako vedouc\u00ed provozn\u00edho odd\u011blen\u00ed. Od roku 2016 do roku 2018 byl zodpov\u011bdn\u00fd za tov\u00e1rnu ZKW Lighting Systems ve Wieselburgu jako gener\u00e1ln\u00ed \u0159editel z\u00e1vodu. Pot\u00e9 byl jako provozn\u00ed \u0159editel spole\u010dnosti ZKW Group GmbH zodpov\u011bdn\u00fd za provoz v\u010detn\u011b n\u00e1kupu, v\u00fdroby a procesn\u00edho in\u017een\u00fdrstv\u00ed a kvality.<\/p>\n<p><em>\u201cR\u00e1di bychom Wolfgangu Muhrimu up\u0159\u00edmn\u011b pod\u011bkovali za jeho vynikaj\u00edc\u00ed pr\u00e1ci, prost\u0159ednictv\u00edm kter\u00e9 po dobu dev\u00edti let v\u00fdznamn\u011b formoval a \u00fasp\u011b\u0161n\u011b rozv\u00edjel spole\u010dnost ZKW v n\u00e1ro\u010dn\u00fdch dob\u00e1ch,\u201d<\/em> \u0159\u00edk\u00e1 <strong>Dr. Wilhelm Steger, gener\u00e1ln\u00ed \u0159editel skupiny ZKW<\/strong>.<\/p>\n<p><strong>O skupin\u011b ZKW<\/strong><\/p>\n<p>Skupina ZKW je specialista na osv\u011btlovac\u00ed syst\u00e9my a elektroniku. Jako\u017eto syst\u00e9mov\u00fd dodavatel je ZKW glob\u00e1ln\u00edm partnerem automobilov\u00e9ho pr\u016fmyslu.<\/p>\n<p>Skupina vyv\u00edj\u00ed a vyr\u00e1b\u00ed produkty na z\u00e1klad\u011b sv\u00e9ho hesla \u201eBright Minds, Bright Lights\u201c, kter\u00e9 kombinuje jasn\u00e9 mysli s modern\u00edmi v\u00fdrobn\u00edmi technologiemi a vyr\u00e1b\u00ed komplexn\u00ed pr\u00e9miov\u00e9 osv\u011btlovac\u00ed a elektronick\u00e9 moduly pro mezin\u00e1rodn\u00ed v\u00fdrobce automobil\u016f.<\/p>\n<p>Mezi jej\u00ed \u0161pi\u010dkov\u00e9 produkty pat\u0159\u00ed v\u00fdkonn\u00e9 a n\u00e1kladov\u011b efektivn\u00ed kompletn\u00ed LED syst\u00e9my. Skupina ZKW p\u016fsob\u00ed po cel\u00e9m sv\u011bt\u011b v celkem dvan\u00e1cti lokalit\u00e1ch s inteligentn\u011b propojen\u00fdm v\u00fdvojem a v\u00fdrobou. Na konci roku 2022 zam\u011bstn\u00e1vala skupina kolem 10,000 zam\u011bstnanc\u016f a celkov\u00fd p\u0159\u00edjem p\u0159es\u00e1hl 1,4 miliardy eur.<\/p>\n","protected":false},"excerpt":{"rendered":"<div class=\"mh-excerpt\"><p>Stefan Hornivius (53) p\u0159evzal 28. srpna 2023 funkci provozn\u00edho \u0159editele spole\u010dnosti ZKW Group GmbH. Narodil se v N\u011bmecku a ve funkci vyst\u0159\u00eddal Wolfganga Muhriho, kter\u00fd <a class=\"mh-excerpt-more\" href=\"https:\/\/www.automakersnews.cz\/index.php\/2023\/09\/01\/zkw-group-meni-provozniho-manazera\/\" title=\"ZKW Group m\u011bn\u00ed provozn\u00edho mana\u017eera\">[&#8230;]<\/a><\/p>\n<\/div>","protected":false},"author":1,"featured_media":94369,"comment_status":"open","ping_status":"open","sticky":false,"template":"","format":"standard","meta":{"footnotes":""},"categories":[24,3],"tags":[],"class_list":["post-94368","post","type-post","status-publish","format-standard","has-post-thumbnail","hentry","category-management","category-personalie"],"_links":{"self":[{"href":"https:\/\/www.automakersnews.cz\/index.php\/wp-json\/wp\/v2\/posts\/94368","targetHints":{"allow":["GET"]}}],"collection":[{"href":"https:\/\/www.automakersnews.cz\/index.php\/wp-json\/wp\/v2\/posts"}],"about":[{"href":"https:\/\/www.automakersnews.cz\/index.php\/wp-json\/wp\/v2\/types\/post"}],"author":[{"embeddable":true,"href":"https:\/\/www.automakersnews.cz\/index.php\/wp-json\/wp\/v2\/users\/1"}],"replies":[{"embeddable":true,"href":"https:\/\/www.automakersnews.cz\/index.php\/wp-json\/wp\/v2\/comments?post=94368"}],"version-history":[{"count":0,"href":"https:\/\/www.automakersnews.cz\/index.php\/wp-json\/wp\/v2\/posts\/94368\/revisions"}],"wp:featuredmedia":[{"embeddable":true,"href":"https:\/\/www.automakersnews.cz\/index.php\/wp-json\/wp\/v2\/media\/94369"}],"wp:attachment":[{"href":"https:\/\/www.automakersnews.cz\/index.php\/wp-json\/wp\/v2\/media?parent=94368"}],"wp:term":[{"taxonomy":"category","embeddable":true,"href":"https:\/\/www.automakersnews.cz\/index.php\/wp-json\/wp\/v2\/categories?post=94368"},{"taxonomy":"post_tag","embeddable":true,"href":"https:\/\/www.automakersnews.cz\/index.php\/wp-json\/wp\/v2\/tags?post=94368"}],"curies":[{"name":"wp","href":"https:\/\/api.w.org\/{rel}","templated":true}]}}