{"id":94376,"date":"2023-09-01T08:46:48","date_gmt":"2023-09-01T08:46:48","guid":{"rendered":"https:\/\/www.automakersnews.cz\/?p=94376"},"modified":"2023-09-01T08:46:48","modified_gmt":"2023-09-01T08:46:48","slug":"pva-expo-startuje-podzimni-sezonu","status":"publish","type":"post","link":"https:\/\/www.automakersnews.cz\/index.php\/2023\/09\/01\/pva-expo-startuje-podzimni-sezonu\/","title":{"rendered":"PVA EXPO startuje podzimn\u00ed sezonu"},"content":{"rendered":"<p><strong>Na v\u00fdstavi\u0161ti PVA EXPO PRAHA za\u010d\u00edn\u00e1 podzimn\u00ed veletr\u017en\u00ed sezona! K z\u00e1\u0159ijov\u00e9mu programu bude krom\u011b jin\u00e9ho pat\u0159it bezplatn\u00e9 \u0161kolen\u00ed \u0159idi\u010d\u016f, kter\u00e9 zajist\u00ed automobilka Ford. Na listopad se chyst\u00e1 veletrh e-SALON. <\/strong><!--more--><\/p>\n<p>&#8222;Vezm\u011bte rodinu a p\u0159ij\u010fte na veletrh dekorac\u00ed, bytov\u00fdch a kuchy\u0148sk\u00fdch dopl\u0148k\u016f a d\u00e1rkov\u00e9ho zbo\u017e\u00ed <b>FOR DECOR &amp; HOME<\/b>. Nechte si poradit, jak modern\u011b stav\u011bt, rekonstruovat, zabezpe\u010dovat i \u010derpat dotace, na mezin\u00e1rodn\u00edm stavebn\u00edm veletrhu\u00a0<b>FOR ARCH<\/b>.\u00a0Poznejte nejnov\u011bj\u0161\u00ed trendy na veletrhu n\u00e1bytku, interi\u00e9r\u016f a bytov\u00e9ho designu\u00a0<b>FOR INTERIOR<\/b>. Ud\u011blejte si dokonal\u00fd p\u0159ehled o novink\u00e1ch ve stomatologii\u00a0<b>na PRAGODENTU<\/b>. Nebo p\u0159ihlaste mlad\u00e9 \u0159idi\u010de na<b>\u00a0bezplatn\u00e9 \u0161kolen\u00ed automobilky Ford<\/b>, kter\u00e9 je nau\u010d\u00ed zvl\u00e1dat krizov\u00e9 situace za volantem,&#8220; l\u00e1k\u00e1 n\u00e1v\u0161t\u011bvn\u00edky PVA.<\/p>\n<figure id=\"attachment_26060\" aria-describedby=\"caption-attachment-26060\" style=\"width: 1024px\" class=\"wp-caption alignnone\"><img loading=\"lazy\" decoding=\"async\" class=\"size-large wp-image-26060\" src=\"http:\/\/www.automakersnews.cz\/wp-content\/uploads\/2023\/03\/Motocykl-PVA-Pavle-Pokorny-1024x768.jpg\" alt=\"\" width=\"1024\" height=\"768\" \/><figcaption id=\"caption-attachment-26060\" class=\"wp-caption-text\">V Let\u0148anech se letos na ja\u0159e uskute\u010dnil veletrh Motocykl, v listopadu by m\u011bl z\u00e1jemce z automotive oboru p\u0159il\u00e1kat e-Salon<\/figcaption><\/figure>\n<p><img loading=\"lazy\" decoding=\"async\" class=\"alignnone size-full wp-image-94377\" src=\"http:\/\/www.automakersnews.cz\/wp-content\/uploads\/2023\/09\/E-SALON_23_loga_640x120px.jpg\" alt=\"\" width=\"640\" height=\"120\" srcset=\"https:\/\/www.automakersnews.cz\/wp-content\/uploads\/2023\/09\/E-SALON_23_loga_640x120px.jpg 640w, https:\/\/www.automakersnews.cz\/wp-content\/uploads\/2023\/09\/E-SALON_23_loga_640x120px-300x56.jpg 300w\" sizes=\"auto, (max-width: 640px) 100vw, 640px\" \/><\/p>\n","protected":false},"excerpt":{"rendered":"<div class=\"mh-excerpt\"><p>Na v\u00fdstavi\u0161ti PVA EXPO PRAHA za\u010d\u00edn\u00e1 podzimn\u00ed veletr\u017en\u00ed sezona! K z\u00e1\u0159ijov\u00e9mu programu bude krom\u011b jin\u00e9ho pat\u0159it bezplatn\u00e9 \u0161kolen\u00ed \u0159idi\u010d\u016f, kter\u00e9 zajist\u00ed automobilka Ford. Na listopad <a class=\"mh-excerpt-more\" href=\"https:\/\/www.automakersnews.cz\/index.php\/2023\/09\/01\/pva-expo-startuje-podzimni-sezonu\/\" title=\"PVA EXPO startuje podzimn\u00ed sezonu\">[&#8230;]<\/a><\/p>\n<\/div>","protected":false},"author":1,"featured_media":83717,"comment_status":"open","ping_status":"open","sticky":false,"template":"","format":"standard","meta":{"footnotes":""},"categories":[70,51],"tags":[],"class_list":["post-94376","post","type-post","status-publish","format-standard","has-post-thumbnail","hentry","category-veletrhy","category-vzdelani"],"_links":{"self":[{"href":"https:\/\/www.automakersnews.cz\/index.php\/wp-json\/wp\/v2\/posts\/94376","targetHints":{"allow":["GET"]}}],"collection":[{"href":"https:\/\/www.automakersnews.cz\/index.php\/wp-json\/wp\/v2\/posts"}],"about":[{"href":"https:\/\/www.automakersnews.cz\/index.php\/wp-json\/wp\/v2\/types\/post"}],"author":[{"embeddable":true,"href":"https:\/\/www.automakersnews.cz\/index.php\/wp-json\/wp\/v2\/users\/1"}],"replies":[{"embeddable":true,"href":"https:\/\/www.automakersnews.cz\/index.php\/wp-json\/wp\/v2\/comments?post=94376"}],"version-history":[{"count":0,"href":"https:\/\/www.automakersnews.cz\/index.php\/wp-json\/wp\/v2\/posts\/94376\/revisions"}],"wp:featuredmedia":[{"embeddable":true,"href":"https:\/\/www.automakersnews.cz\/index.php\/wp-json\/wp\/v2\/media\/83717"}],"wp:attachment":[{"href":"https:\/\/www.automakersnews.cz\/index.php\/wp-json\/wp\/v2\/media?parent=94376"}],"wp:term":[{"taxonomy":"category","embeddable":true,"href":"https:\/\/www.automakersnews.cz\/index.php\/wp-json\/wp\/v2\/categories?post=94376"},{"taxonomy":"post_tag","embeddable":true,"href":"https:\/\/www.automakersnews.cz\/index.php\/wp-json\/wp\/v2\/tags?post=94376"}],"curies":[{"name":"wp","href":"https:\/\/api.w.org\/{rel}","templated":true}]}}