{"id":9473,"date":"2022-12-18T23:37:25","date_gmt":"2022-12-18T23:37:25","guid":{"rendered":"https:\/\/www.automakersnews.cz\/?p=9473"},"modified":"2022-12-18T23:40:43","modified_gmt":"2022-12-18T23:40:43","slug":"policie-dostala-zbytek-flotily-motorek-bmw","status":"publish","type":"post","link":"https:\/\/www.automakersnews.cz\/index.php\/2022\/12\/18\/policie-dostala-zbytek-flotily-motorek-bmw\/","title":{"rendered":"Policie m\u00e1 zbytek flotily motorek BMW"},"content":{"rendered":"<p><strong>BMW Motorrad prost\u0159ednictv\u00edm sv\u00e9ho dealera Renocar dodala Policii \u010cesk\u00e9 republiky zb\u00fdvaj\u00edc\u00edch 30 motocykl\u016f z celkov\u00e9ho kontraktu na 50 stroj\u016f. Do vozov\u00e9ho parku dopravn\u00ed policie t\u00edm p\u0159ibyly dal\u0161\u00ed motocykly BMW R 1250 RT ve specifick\u00e9 tov\u00e1rn\u00ed \u00faprav\u011b policejn\u00edho speci\u00e1lu.<\/strong><!--more--><\/p>\n<p>U speci\u00e1ln\u00edch motocykl\u016f jsou v\u0161echny komponenty a kvalita garantov\u00e1ny p\u0159\u00edmo v\u00fdrobcem a p\u0159i jejich v\u00fdvoji a v\u00fdrob\u011b byly vyu\u017eity zku\u0161enosti z\u00edskan\u00e9 na z\u00e1klad\u011b dlouhodob\u00e9ho pou\u017e\u00edv\u00e1n\u00ed motocykl\u016f BMW Motorrad policejn\u00edmi sbory nap\u0159\u00edklad v N\u011bmecku, Rakousku, \u0160v\u00e9dsku, ale tak\u00e9 v \u010cesk\u00e9 republice. Nov\u00e9 stroje jsou krom\u011b jin\u00e9ho vybaveny soupravou speci\u00e1ln\u00edch sv\u011bteln\u00fdch a zvukov\u00fdch v\u00fdstra\u017en\u00fdch za\u0159\u00edzen\u00ed.<\/p>\n<p>\u201eV\u011b\u0159\u00edm, \u017ee jezdci na motocyklech BMW R 1250 RT v policejn\u00ed \u00faprav\u011b budou m\u00edt maxim\u00e1ln\u00ed m\u00edru bezpe\u010d\u00ed, bezprobl\u00e9movou obsluhu i vysokou m\u00edru spolehlivosti p\u0159i pln\u011bn\u00ed ka\u017edodenn\u00edch slu\u017eebn\u00edch povinnost\u00ed a krom\u011b v\u00fd\u0161e zm\u00edn\u011bn\u00fdch atribut\u016f si u\u017eij\u00ed i pot\u011b\u0161en\u00ed z j\u00edzdy \u2013 tolik p\u0159\u00edzna\u010dn\u00e9 pro zna\u010dku BMW Motorrad,\u201c uvedl Jan K\u0159ivka, Vedouc\u00ed odd\u011blen\u00ed BMW Motorrad spole\u010dnosti Renocar.<\/p>\n","protected":false},"excerpt":{"rendered":"<div class=\"mh-excerpt\"><p>BMW Motorrad prost\u0159ednictv\u00edm sv\u00e9ho dealera Renocar dodala Policii \u010cesk\u00e9 republiky zb\u00fdvaj\u00edc\u00edch 30 motocykl\u016f z celkov\u00e9ho kontraktu na 50 stroj\u016f. Do vozov\u00e9ho parku dopravn\u00ed policie t\u00edm <a class=\"mh-excerpt-more\" href=\"https:\/\/www.automakersnews.cz\/index.php\/2022\/12\/18\/policie-dostala-zbytek-flotily-motorek-bmw\/\" title=\"Policie m\u00e1 zbytek flotily motorek BMW\">[&#8230;]<\/a><\/p>\n<\/div>","protected":false},"author":1,"featured_media":9474,"comment_status":"open","ping_status":"open","sticky":false,"template":"","format":"standard","meta":{"footnotes":""},"categories":[25,46],"tags":[],"class_list":["post-9473","post","type-post","status-publish","format-standard","has-post-thumbnail","hentry","category-fleety","category-motocykly"],"_links":{"self":[{"href":"https:\/\/www.automakersnews.cz\/index.php\/wp-json\/wp\/v2\/posts\/9473","targetHints":{"allow":["GET"]}}],"collection":[{"href":"https:\/\/www.automakersnews.cz\/index.php\/wp-json\/wp\/v2\/posts"}],"about":[{"href":"https:\/\/www.automakersnews.cz\/index.php\/wp-json\/wp\/v2\/types\/post"}],"author":[{"embeddable":true,"href":"https:\/\/www.automakersnews.cz\/index.php\/wp-json\/wp\/v2\/users\/1"}],"replies":[{"embeddable":true,"href":"https:\/\/www.automakersnews.cz\/index.php\/wp-json\/wp\/v2\/comments?post=9473"}],"version-history":[{"count":0,"href":"https:\/\/www.automakersnews.cz\/index.php\/wp-json\/wp\/v2\/posts\/9473\/revisions"}],"wp:featuredmedia":[{"embeddable":true,"href":"https:\/\/www.automakersnews.cz\/index.php\/wp-json\/wp\/v2\/media\/9474"}],"wp:attachment":[{"href":"https:\/\/www.automakersnews.cz\/index.php\/wp-json\/wp\/v2\/media?parent=9473"}],"wp:term":[{"taxonomy":"category","embeddable":true,"href":"https:\/\/www.automakersnews.cz\/index.php\/wp-json\/wp\/v2\/categories?post=9473"},{"taxonomy":"post_tag","embeddable":true,"href":"https:\/\/www.automakersnews.cz\/index.php\/wp-json\/wp\/v2\/tags?post=9473"}],"curies":[{"name":"wp","href":"https:\/\/api.w.org\/{rel}","templated":true}]}}