{"id":95150,"date":"2023-09-04T07:13:56","date_gmt":"2023-09-04T07:13:56","guid":{"rendered":"https:\/\/www.automakersnews.cz\/?p=95150"},"modified":"2023-09-04T07:13:56","modified_gmt":"2023-09-04T07:13:56","slug":"valeo-vystavi-inovace-na-iaa-mobility-2023","status":"publish","type":"post","link":"https:\/\/www.automakersnews.cz\/index.php\/2023\/09\/04\/valeo-vystavi-inovace-na-iaa-mobility-2023\/","title":{"rendered":"Valeo vystav\u00ed inovace na IAA Mobility 2023"},"content":{"rendered":"<p><strong>Valeo p\u0159edstav\u00ed na n\u011bmeck\u00e9m veletrhu\u00a0 IAA Mobility v hale A2, na st\u00e1nku C10, sv\u00e1 technologick\u00e1 \u0159e\u0161en\u00ed, od hardwaru po software, na podporu transformace autopr\u016fmyslu.<\/strong><!--more--><\/p>\n<p>Valeo nab\u00edz\u00ed kompletn\u00ed \u0159adu v\u00fdrobk\u016f pro v\u0161echny \u00farovn\u011b elektrifikace, od n\u00edzk\u00e9ho nap\u011bt\u00ed 48V a\u017e po vysok\u00e9 nap\u011bt\u00ed. Se standardn\u00edmi a modul\u00e1rn\u00edmi platformami podporuje Valeo elektrifikaci mobility nejen pro auta, ale tak\u00e9 pro kola, dvou a t\u0159\u00edkolky nebo lehk\u00e9 \u010dty\u0159kolky.<\/p>\n<p>Na veletrhu IAA Mobility 2023 p\u0159edstav\u00ed Valeo svou novou eAxle 6 v 1, kter\u00e1 spojuje st\u0159\u00edda\u010d nap\u011bt\u00ed, palubn\u00ed nab\u00edje\u010dku, DC\/DC m\u011bni\u010d, distribu\u010dn\u00ed jednotku, elektromotor a reduktor, p\u0159i\u010dem\u017e vyu\u017e\u00edv\u00e1 odborn\u00fdch znalost\u00ed v oblasti hardwaru a softwaru pro optim\u00e1ln\u00ed integraci do vozidla.<\/p>\n<p>Firma Clean Motion bude tak\u00e9 p\u0159\u00edtomen na st\u00e1nku Valeo jako spoluvystavovatel s vozidlem EVIG, t\u0159\u00edkolov\u00fdm doru\u010dovac\u00edm droidem poh\u00e1n\u011bn\u00fdm elektrickou jednotkou Valeo e-access a sol\u00e1rn\u00edmi panely. EVIG nab\u00edz\u00ed ide\u00e1ln\u00ed \u0159e\u0161en\u00ed pro rozvoz z\u00e1silek v m\u011bstsk\u00e9m prost\u0159ed\u00ed d\u00edky sv\u00e9mu vynikaj\u00edc\u00edmu pom\u011bru hmotnosti vzhledem k objemu n\u00e1kladu a flexibiln\u00edmu n\u00e1kladov\u00e9mu prostoru, stejn\u011b jako d\u00edky sv\u00fdm slu\u017eb\u00e1m umo\u017e\u0148uj\u00edc\u00edm konektivitu.<\/p>\n<p>Proto\u017ee elektrifikace nem\u016f\u017ee b\u00fdt efektivn\u00ed bez promy\u0161len\u00e9ho tepeln\u00e9ho managementu, Valeo poskytuje nejlep\u0161\u00ed technologii pro zaji\u0161t\u011bn\u00ed v\u00fdkonu baterie, \u017eivotnosti a bezpe\u010dnosti, jako\u017e i pro zaji\u0161t\u011bn\u00ed pohodl\u00ed cestuj\u00edc\u00edch s minim\u00e1ln\u00edm dopadem na dojezd. Valeo p\u0159edstav\u00ed v Mnichov\u011b sv\u00e9 efektivn\u00ed, kompaktn\u00ed a inteligentn\u00ed tepeln\u00e9 \u010derpadlo Smart Heat Pump. D\u00edky sv\u00e9mu softwaru a pln\u00e9 integraci komponent s chladivem a s chladic\u00ed kapalinou zjednodu\u0161uje mont\u00e1\u017e do vozidel a uvol\u0148uje v\u00edce m\u00edsta pod kapotou.<\/p>\n<p>Budouc\u00ed vozy se budou odli\u0161ovat bezprobl\u00e9movou konektivitou, intuitivn\u00edm u\u017eivatelsk\u00fdm rozhran\u00edm a cenn\u00fdmi funkcemi pro automatick\u00e9 \u0159\u00edzen\u00ed a parkov\u00e1n\u00ed. Valeo se sv\u00fdm zam\u011b\u0159en\u00edm na ochranu cestuj\u00edc\u00edch a vytvo\u0159en\u00ed pohodln\u00e9ho interi\u00e9ru vystav\u00ed na sv\u00e9m st\u00e1nku sv\u016fj koncept zvan\u00fd Cocoon a uk\u00e1\u017ee sv\u00e9 \u0161pi\u010dkov\u00e9 produkty v oblasti asisten\u010dn\u00edch syst\u00e9mu pro bezpe\u010dnou a p\u0159\u00edjemnou cestu.<\/p>\n<p>Valeo nab\u00edz\u00ed nej\u0161ir\u0161\u00ed portfolio senzor\u016f na trhu a v\u0161echny technologie, kter\u00e9 spl\u0148uj\u00ed v\u00fdzvy softwarov\u011b definovan\u00e9ho vozidla. Nap\u0159\u00edklad\u00a0 vyv\u00edj\u00ed kompletn\u00ed softwarov\u00e9 \u0159e\u0161en\u00ed na b\u00e1zi um\u011bl\u00e9 inteligence pro zpracov\u00e1n\u00ed sign\u00e1lu ze senzor\u016f a kamer, po\u010d\u00edta\u010dov\u00e9 vid\u011bn\u00ed, f\u00fazi dat a ovl\u00e1d\u00e1n\u00ed vozidla. Tento softwarov\u00fd stack pob\u011b\u017e\u00ed na centr\u00e1ln\u00ed \u0159\u00edd\u00edc\u00ed jednotce (domain controller) dopln\u011bn\u00e9 o z\u00f3nov\u00e9 \u0159\u00edd\u00edc\u00ed jednotky (zone controller), kter\u00e9 tak\u00e9 m\u00e1 v portfoliu. Ve spolupr\u00e1ci s automobilkou BMW a telekomunika\u010dn\u00ed firmou Deutsche Telekom p\u0159edstav\u00ed Valeo na sv\u00e9m st\u00e1nku d\u00e1lkov\u00e9 ovl\u00e1d\u00e1n\u00ed vozu pro parkovac\u00ed man\u00e9vry. To ukazuje potenci\u00e1l pro nov\u00e9 druhy slu\u017eeb, jako nap\u0159\u00edklad parkov\u00e1n\u00ed s obsluhou pomoc\u00ed konektivity.<\/p>\n<p>Dnes se osv\u011btlen\u00ed st\u00e1v\u00e1 kl\u00ed\u010dov\u00fdm vn\u011b i uvnit\u0159 vozidla, aby se zlep\u0161ila signalizace a bezpe\u010dnost, zlep\u0161il se z\u00e1\u017eitek z j\u00edzdy, ale tak\u00e9 pos\u00edlila komunikace a branding automobilky. I zde jsou hardwarov\u00e9 a softwarov\u00e9 technologie j\u00e1drem \u0159e\u0161en\u00ed Valeo. Skupina Valeo, sv\u011btov\u00e1 jedni\u010dka v syst\u00e9mech osv\u011btlen\u00ed, vyvinula digit\u00e1ln\u00ed dvoj\u010de, aby pomohla automobilk\u00e1m \u0159\u00eddit charakteristiky osv\u011btlen\u00ed s v\u00edce LED diodami, integrovat specifikace vozidla a poskytovat v re\u00e1ln\u00e9m \u010dase ucelenou vizualizaci designu.<\/p>\n<p>Valeo se zav\u00e1zalo, \u017ee bude v roce 2050 uhl\u00edkov\u011b neutr\u00e1ln\u00ed a bude chr\u00e1nit p\u0159\u00edrodn\u00ed zdroje p\u0159ijet\u00edm z\u00e1sad ob\u011bhov\u00e9ho hospod\u00e1\u0159stv\u00ed. To za\u010d\u00edn\u00e1 ve f\u00e1zi koncepce produktu v\u00fdb\u011brem spr\u00e1vn\u00e9ho materi\u00e1lu, technologie a designu. Na veletrhu IAA Mobility 2023 p\u0159edstav\u00ed Valeo novou \u0159adu st\u011bra\u010d\u016f pod obchodn\u00ed zna\u010dkou Canopy. Je to prvn\u00ed st\u011bra\u010d navr\u017een\u00fd ke sn\u00ed\u017een\u00ed emis\u00ed CO2 o 61 % ve srovn\u00e1n\u00ed s nejprod\u00e1van\u011bj\u0161\u00edm typem st\u00edrac\u00edch li\u0161t Valeo na evropsk\u00e9m trhu. Na veletrhu uk\u00e1\u017ee i PURELIGHT, nov\u00fd koncept sv\u011btlomet\u016f navr\u017een\u00fdch s materi\u00e1ly z biologick\u00fdch zdroj\u016f a vyroben\u00fdch aditivn\u00ed metodou. Nov\u00fd koncept umo\u017e\u0148uje opravu a op\u011btovn\u00e9 pou\u017eit\u00ed materi\u00e1l\u016f pro minimalizaci jeho hmotnosti a prodlou\u017een\u00ed jeho \u017eivotn\u00edho cyklu.<\/p>\n","protected":false},"excerpt":{"rendered":"<div class=\"mh-excerpt\"><p>Valeo p\u0159edstav\u00ed na n\u011bmeck\u00e9m veletrhu\u00a0 IAA Mobility v hale A2, na st\u00e1nku C10, sv\u00e1 technologick\u00e1 \u0159e\u0161en\u00ed, od hardwaru po software, na podporu transformace autopr\u016fmyslu.<\/p>\n<\/div>","protected":false},"author":4,"featured_media":95151,"comment_status":"open","ping_status":"open","sticky":false,"template":"","format":"standard","meta":{"footnotes":""},"categories":[22,28],"tags":[],"class_list":["post-95150","post","type-post","status-publish","format-standard","has-post-thumbnail","hentry","category-elektromobily","category-vystavy"],"_links":{"self":[{"href":"https:\/\/www.automakersnews.cz\/index.php\/wp-json\/wp\/v2\/posts\/95150","targetHints":{"allow":["GET"]}}],"collection":[{"href":"https:\/\/www.automakersnews.cz\/index.php\/wp-json\/wp\/v2\/posts"}],"about":[{"href":"https:\/\/www.automakersnews.cz\/index.php\/wp-json\/wp\/v2\/types\/post"}],"author":[{"embeddable":true,"href":"https:\/\/www.automakersnews.cz\/index.php\/wp-json\/wp\/v2\/users\/4"}],"replies":[{"embeddable":true,"href":"https:\/\/www.automakersnews.cz\/index.php\/wp-json\/wp\/v2\/comments?post=95150"}],"version-history":[{"count":0,"href":"https:\/\/www.automakersnews.cz\/index.php\/wp-json\/wp\/v2\/posts\/95150\/revisions"}],"wp:featuredmedia":[{"embeddable":true,"href":"https:\/\/www.automakersnews.cz\/index.php\/wp-json\/wp\/v2\/media\/95151"}],"wp:attachment":[{"href":"https:\/\/www.automakersnews.cz\/index.php\/wp-json\/wp\/v2\/media?parent=95150"}],"wp:term":[{"taxonomy":"category","embeddable":true,"href":"https:\/\/www.automakersnews.cz\/index.php\/wp-json\/wp\/v2\/categories?post=95150"},{"taxonomy":"post_tag","embeddable":true,"href":"https:\/\/www.automakersnews.cz\/index.php\/wp-json\/wp\/v2\/tags?post=95150"}],"curies":[{"name":"wp","href":"https:\/\/api.w.org\/{rel}","templated":true}]}}