{"id":96220,"date":"2023-09-04T07:24:55","date_gmt":"2023-09-04T07:24:55","guid":{"rendered":"https:\/\/www.automakersnews.cz\/?p=96220"},"modified":"2023-09-04T07:24:55","modified_gmt":"2023-09-04T07:24:55","slug":"babis-prodal-medialni-skupinu-mafra","status":"publish","type":"post","link":"https:\/\/www.automakersnews.cz\/index.php\/2023\/09\/04\/babis-prodal-medialni-skupinu-mafra\/","title":{"rendered":"Babi\u0161 prodal medi\u00e1ln\u00ed skupinu Mafra"},"content":{"rendered":"<p><strong>Koncern Agrofert ze sv\u011b\u0159ensk\u00fdch fond\u016f Andreje Babi\u0161e prodal Mafru a firmu Londa investi\u010dn\u00ed skupin\u011b Kaprain Karla Pra\u017e\u00e1ka. Sou\u010d\u00e1st\u00ed transakce je hlavn\u011b pardubick\u00e1 chemi\u010dka Synthesia. Stoprocentn\u00ed pod\u00edl ve v\u0161ech t\u0159ech spole\u010dnostech m\u00e1 Kaprain z\u00edskat po schv\u00e1len\u00ed p\u0159\u00edslu\u0161n\u00fdmi antimonopoln\u00edmi \u00fa\u0159ady.<\/strong><!--more--><\/p>\n<p>\u201eOdprodej t\u011bchto aktiv n\u00e1m umo\u017en\u00ed se do budoucna v\u00edce soust\u0159edit na kl\u00ed\u010dov\u00e9 segmenty na\u0161eho podnik\u00e1n\u00ed, na jejich rychlej\u0161\u00ed rozvoj a\u00a0zejm\u00e9na na rychlej\u0161\u00ed expanzi v\u00a0z\u00e1jmov\u00fdch aktivit\u00e1ch a\u00a0regionech,\u201c prohl\u00e1sil\u00a0<strong>Zbyn\u011bk Pr\u016f\u0161a<\/strong>, p\u0159edseda p\u0159edstavenstva Agrofertu, druh\u00e9ho nejv\u011bt\u0161\u00edho v\u00fdrobce hnojiv v\u00a0Evrop\u011b a\u00a0nejv\u011bt\u0161\u00edho zem\u011bd\u011blsk\u00e9ho a\u00a0potravin\u00e1\u0159sk\u00e9ho koncernu ve st\u0159edn\u00ed Evrop\u011b.<\/p>\n<p>\u201eDnes jsme podepsali na\u0161i doposud nejv\u011bt\u0161\u00ed akvizici. D\u00edky akvizici Synthesie v\u00fdrazn\u011b pos\u00edl\u00edme na evropsk\u00e9m trhu speci\u00e1ln\u00ed chemie a\u00a0staneme se jedn\u00edm z\u00a0nejd\u016fle\u017eit\u011bj\u0161\u00edch hr\u00e1\u010d\u016f v\u00a0regionu,\u201c zhodnotil uzav\u0159en\u00fd obchod Pra\u017e\u00e1k, majitel skupiny Kaprain. Ta u\u017e vlastn\u00ed severo\u010deskou chemi\u010dku Spolchemie, kter\u00e1 pat\u0159\u00ed mezi nejv\u011bt\u0161\u00ed v\u00fdrobce prysky\u0159ic v\u00a0Evrop\u011b a\u00a0m\u00e1 silnou pozici v\u00a0segmentu n\u00e1t\u011brov\u00fdch hmot, i\u00a0slovenskou chemi\u010dku Fortischem. Synergii mezi nimi te\u010f hodl\u00e1 vyu\u017e\u00edt na v\u0161ech \u00farovn\u00edch.<\/p>\n<p><img loading=\"lazy\" decoding=\"async\" class=\"alignnone size-full wp-image-96222\" src=\"http:\/\/www.automakersnews.cz\/wp-content\/uploads\/2023\/09\/Babis-penize.jpg\" alt=\"\" width=\"750\" height=\"469\" srcset=\"https:\/\/www.automakersnews.cz\/wp-content\/uploads\/2023\/09\/Babis-penize.jpg 750w, https:\/\/www.automakersnews.cz\/wp-content\/uploads\/2023\/09\/Babis-penize-300x188.jpg 300w\" sizes=\"auto, (max-width: 750px) 100vw, 750px\" \/><\/p>\n<p>Babi\u0161\u016fv Agrofert\u00a0<a href=\"https:\/\/www.mediar.cz\/andrej-babis-kupuje-mafru-vydavatele-mf-dnes-lidovych-novin-a-metra\/\">Mafru kupoval v\u00a0\u010dervnu 2013 od n\u011bmeck\u00e9 Rheinisch-Bergische Verlagsgesellschaft<\/a>. T\u00fd\u017e rok v\u00a0listopadu pak\u00a0<a href=\"https:\/\/www.mediar.cz\/babisuv-agrofert-kupuje-radia-impuls-a-rockzone-babis-necha-rizeni-jinym\/\">koncern p\u0159evzal i\u00a0Londu, a\u00a0to od n\u011bmeck\u00e9ho Eurocastu a\u00a0zakladatele r\u00e1dia\u00a0<strong>Ivana Ba\u0165ky<\/strong><\/a>. Deset let nato se Agrofert obou v\u00fdznamn\u00fdch tuzemsk\u00fdch medi\u00e1ln\u00edch dom\u016f zbavuje, a\u00a0to kr\u00e1tce\u00a0<a href=\"https:\/\/www.mediar.cz\/zakaz-vlastnictvi-medii-vrcholnymi-politiky-bude-prisnejsi-novelu-uz-podepsal-prezident\/\">po p\u0159ijet\u00ed novely \u201elex Babi\u0161\u201c, tedy z\u00e1kona, kter\u00fd d\u00e1l zp\u0159\u00edsn\u00ed z\u00e1kaz vlastnictv\u00ed m\u00e9di\u00ed vrcholn\u00fdmi politiky<\/a>. Politici tak u\u017e nebudou moci sv\u00e1 m\u00e9dia p\u0159ev\u00e1d\u011bt na osobu bl\u00edzkou nebo do sv\u011b\u0159ensk\u00fdch fond\u016f. P\u0159edchoz\u00ed ustanoven\u00ed o\u00a0z\u00e1kazu vlastnictv\u00ed m\u00e9di\u00ed a\u00a0z\u00edsk\u00e1v\u00e1n\u00ed ve\u0159ejn\u00fdch zak\u00e1zek, dotac\u00ed a\u00a0investi\u010dn\u00edch pob\u00eddek\u00a0<a href=\"https:\/\/www.mediar.cz\/potvrzeno-poslanci-ministri-nemuzou-mit-media\/\">se do z\u00e1kona o\u00a0st\u0159etu z\u00e1jm\u016f dostala za\u010d\u00e1tkem roku 2017<\/a>. Babi\u0161 pot\u00e9 vlo\u017eil akcie sv\u00fdch firem Agrofert a\u00a0SynBiol pr\u00e1v\u011b do sv\u011b\u0159ensk\u00fdch fond\u016f.<\/p>\n<p>Sou\u010d\u00e1st\u00ed skupiny Mafra jsou den\u00edky\u00a0<em><strong>MF Dnes<\/strong><\/em>,\u00a0<em><strong>Lidov\u00e9 noviny<\/strong><\/em>\u00a0a\u00a0<em><strong>Metro<\/strong><\/em>, t\u00fdden\u00edk\u00a0<em><strong>5+2<\/strong><\/em>, zpravodajsk\u00fd web\u00a0<em><strong>iDnes.cz<\/strong><\/em>, bulv\u00e1rn\u00ed\u00a0<em><strong>Expres.cz<\/strong><\/em>, \u010dasopis\u00a0<em><strong>T\u00e9ma<\/strong><\/em>\u00a0i\u00a0\u0159ada \u017eensk\u00fdch (<em><strong>\u017dena a\u00a0\u017eivot<\/strong><\/em>,\u00a0<em><strong>Tina<\/strong><\/em>,\u00a0<em><strong>Claudia<\/strong><\/em>,\u00a0<em><strong>Chvilka pro tebe<\/strong><\/em>,\u00a0<em><strong>Cosmopolitan<\/strong><\/em>,\u00a0<em><strong>Harper\u2019s Bazaar<\/strong><\/em>), lifestylov\u00fdch (<em><strong>Esquire<\/strong><\/em>), bulv\u00e1rn\u00edch (<em><strong>Rytmus \u017eivota<\/strong><\/em>,\u00a0<em><strong>Pestr\u00fd sv\u011bt<\/strong><\/em>,\u00a0<em><strong>\u010cas pro hv\u011bzdy<\/strong><\/em>) i\u00a0televizn\u00edch (<em><strong>T\u00fdden\u00edk Televize<\/strong><\/em>,\u00a0<em><strong>TV Max<\/strong><\/em>,\u00a0<em><strong>TV Revue<\/strong><\/em>,\u00a0<em><strong>TV Plus 14<\/strong><\/em>) magaz\u00edn\u016f, a\u00a0tak\u00e9\u00a0<a href=\"https:\/\/www.mediar.cz\/tema\/tv-ocko\/\">hudebn\u00ed televize \u00d3\u010dko<\/a>. V\u00a0neposledn\u00ed \u0159ad\u011b pak tisk\u00e1rny Mafraprint, zhruba t\u0159etinov\u00fd pod\u00edl v\u00a0distribu\u010dn\u00ed Prvn\u00ed novinov\u00e9 spole\u010dnosti (PNS), skupina Ticketportal, marketingov\u00e1 agentura\u00a0<a href=\"https:\/\/www.mediar.cz\/tema\/acomware\/\">Acomware<\/a>\u00a0a\u00a0tak\u00e9 slovensk\u00e1 divize Mafra Slovakia. Londa krom\u011b Impulsu provozuje rovn\u011b\u017e r\u00e1dio RockZone.<\/p>\n<p>\u201eN\u00e1kupem medi\u00e1ln\u00edch firem Mafra a\u00a0Londa vstupuje skupina Kaprain do zcela nov\u00e9ho segmentu. Zorientov\u00e1n\u00ed se a\u00a0jak\u00e9koli n\u00e1sledn\u00e9 kroky tak potrvaj\u00ed o\u00a0n\u011bco d\u00e9le ne\u017e v\u00a0p\u0159\u00edpad\u011b Synthesie. Dal\u0161\u00ed kroky v\u00a0Maf\u0159e a\u00a0Lond\u011b tak nebudeme minim\u00e1ln\u011b do schv\u00e1len\u00ed ze strany relevantn\u00edch antimonopoln\u00edch \u00fa\u0159ad\u016f komentovat,\u201c\u00a0<a href=\"https:\/\/www.agrofert.cz\/akce-a-aktuality\/skupina-kaprain-prevezme-spolecnosti-synthesia-mafra-a-londa\">uvedl<\/a>\u00a0dnes Agrofert.<\/p>\n<p>To nasv\u011bd\u010duje spekulac\u00edm, \u017ee Kaprain si nakonec ponech\u00e1 Synthesii a\u00a0vlastn\u00edkem Mafry \u2013\u2060 a\u00a0p\u0159\u00edpadn\u011b Londy \u2013\u2060 se brzy stane n\u011bkdo jin\u00fd. Karel Pra\u017e\u00e1k\u00a0<a href=\"https:\/\/byznys.hn.cz\/c1-67239090-prazak-exkluzivne-pro-hn-proc-jsem-koupil-mafru-a-synthesii-dohromady\">dnes \u0159ekl\u00a0<em><strong>Hospod\u00e1\u0159sk\u00fdm novin\u00e1m<\/strong><\/em><\/a>, \u017ee ve h\u0159e jsou v\u0161echny varianty: \u201eMafru si m\u016f\u017eeme nechat a\u00a0d\u00e1l ji rozv\u00edjet, nebo ji prodat jako celek anebo jen jej\u00ed \u010d\u00e1st. Z\u00e1jemc\u016f na trhu je cel\u00e1 \u0159ada. Nejd\u0159\u00edv ale mus\u00edme po\u010dkat na potvrzen\u00ed ze strany antimonopoln\u00edho \u00fa\u0159adu.\u201c<\/p>\n<p><a href=\"https:\/\/neovlivni.cz\/zakulisni-hra-o-mafru-do-hry-se-vraci-tykac\/\">Web\u00a0<strong><em>Neovlivn\u00ed.cz<\/em><\/strong>\u00a0dnes p\u0159i\u0161el s\u00a0informac\u00ed<\/a>, \u017ee medi\u00e1ln\u00ed d\u016fm by mohl p\u0159ej\u00edt do vlastnictv\u00ed uhlobarona\u00a0<strong>Pavla Tyka\u010de<\/strong>, majitele energetick\u00e9 skupiny Sev.en, kter\u00fd\u00a0<a href=\"https:\/\/www.mediar.cz\/pavel-tykac-jedna-o-koupi-mafry-potvrdil-to-ceskemu-rozhlasu\/\">o\u00a0p\u0159evzet\u00ed Mafry tak\u00e9 s\u00a0Agrofertem vyjedn\u00e1val<\/a>. Mezi v\u00e1\u017en\u00e9 z\u00e1jemce o\u00a0Mafru pat\u0159il i\u00a0zbroja\u0159\u00a0<strong>Michal Strnad<\/strong>, majitel Czechoslovak Group, jak\u00a0<a href=\"https:\/\/denikn.cz\/1199201\/agrofert-jedna-o-prodeji-mafry-nejbliz-ke-koupi-vydavatelstvi-je-zbrojar-strnad\/?ref=tit1\">p\u0159ed m\u011bs\u00edcem psal\u00a0<em><strong>Den\u00edk N<\/strong><\/em><\/a>.<\/p>\n<p>V\u00a0\u00favahu p\u0159ipad\u00e1 rovn\u011b\u017e skupina PPF, v\u00a0n\u00ed\u017e Pra\u017e\u00e1k v\u00a0minulosti mana\u017eersky p\u016fsobil a\u00a0<a href=\"https:\/\/www.mediar.cz\/cetin-ze-skupiny-ppf-kupuje-operatora-nej-cz\/\">letos j\u00ed jako majitel Kaprainu prod\u00e1val zkonsolidovanou s\u00ed\u0165 telekomunika\u010dn\u00edch oper\u00e1tor\u016f Nej.cz<\/a>. S\u00a0PPF je Kaprain nad\u00e1le propojen obchodn\u011b, jak\u00a0<a href=\"https:\/\/www.seznamzpravy.cz\/clanek\/ekonomika-firmy-po-mafre-saha-karel-prazak-partak-miliardaru-i-postav-s-problemy-236105\">popsaly\u00a0<em><strong>Seznam Zpr\u00e1vy<\/strong><\/em><\/a>. PPF je vlastn\u00edkem TV Nova a\u00a0p\u0159\u00edpadnou koup\u00ed Mafry, respektive Londy by pos\u00edlila na internetu a\u00a0z\u00e1rove\u0148 vstoupila na pole tisku a\u00a0r\u00e1dia.<\/p>\n<p><strong>Zdroj: mediar.cz<\/strong><\/p>\n","protected":false},"excerpt":{"rendered":"<div class=\"mh-excerpt\"><p>Koncern Agrofert ze sv\u011b\u0159ensk\u00fdch fond\u016f Andreje Babi\u0161e prodal Mafru a firmu Londa investi\u010dn\u00ed skupin\u011b Kaprain Karla Pra\u017e\u00e1ka. Sou\u010d\u00e1st\u00ed transakce je hlavn\u011b pardubick\u00e1 chemi\u010dka Synthesia. Stoprocentn\u00ed <a class=\"mh-excerpt-more\" href=\"https:\/\/www.automakersnews.cz\/index.php\/2023\/09\/04\/babis-prodal-medialni-skupinu-mafra\/\" title=\"Babi\u0161 prodal medi\u00e1ln\u00ed skupinu Mafra\">[&#8230;]<\/a><\/p>\n<\/div>","protected":false},"author":1,"featured_media":96221,"comment_status":"open","ping_status":"open","sticky":false,"template":"","format":"standard","meta":{"footnotes":""},"categories":[27],"tags":[],"class_list":["post-96220","post","type-post","status-publish","format-standard","has-post-thumbnail","hentry","category-media"],"_links":{"self":[{"href":"https:\/\/www.automakersnews.cz\/index.php\/wp-json\/wp\/v2\/posts\/96220","targetHints":{"allow":["GET"]}}],"collection":[{"href":"https:\/\/www.automakersnews.cz\/index.php\/wp-json\/wp\/v2\/posts"}],"about":[{"href":"https:\/\/www.automakersnews.cz\/index.php\/wp-json\/wp\/v2\/types\/post"}],"author":[{"embeddable":true,"href":"https:\/\/www.automakersnews.cz\/index.php\/wp-json\/wp\/v2\/users\/1"}],"replies":[{"embeddable":true,"href":"https:\/\/www.automakersnews.cz\/index.php\/wp-json\/wp\/v2\/comments?post=96220"}],"version-history":[{"count":0,"href":"https:\/\/www.automakersnews.cz\/index.php\/wp-json\/wp\/v2\/posts\/96220\/revisions"}],"wp:featuredmedia":[{"embeddable":true,"href":"https:\/\/www.automakersnews.cz\/index.php\/wp-json\/wp\/v2\/media\/96221"}],"wp:attachment":[{"href":"https:\/\/www.automakersnews.cz\/index.php\/wp-json\/wp\/v2\/media?parent=96220"}],"wp:term":[{"taxonomy":"category","embeddable":true,"href":"https:\/\/www.automakersnews.cz\/index.php\/wp-json\/wp\/v2\/categories?post=96220"},{"taxonomy":"post_tag","embeddable":true,"href":"https:\/\/www.automakersnews.cz\/index.php\/wp-json\/wp\/v2\/tags?post=96220"}],"curies":[{"name":"wp","href":"https:\/\/api.w.org\/{rel}","templated":true}]}}