{"id":96226,"date":"2023-09-04T08:03:52","date_gmt":"2023-09-04T08:03:52","guid":{"rendered":"https:\/\/www.automakersnews.cz\/?p=96226"},"modified":"2023-09-04T08:03:52","modified_gmt":"2023-09-04T08:03:52","slug":"citroen-startuje-8-rocnik-roadshow","status":"publish","type":"post","link":"https:\/\/www.automakersnews.cz\/index.php\/2023\/09\/04\/citroen-startuje-8-rocnik-roadshow\/","title":{"rendered":"Citro\u00ebn startuje 8. ro\u010dn\u00edk Roadshow"},"content":{"rendered":"<p><strong>Citro\u00ebn chyst\u00e1 osm\u00fd ro\u010dn\u00edk akce Roadshow, kter\u00e1 se op\u011bt s podtitulem Electric Experience ponese zejm\u00e9na v duchu elektromobility. Bude se konat u obchodn\u00edch center na celkem t\u0159in\u00e1cti m\u00edstech po cel\u00e9 \u010cesk\u00e9 republice v<\/strong><strong>\u00a0<\/strong><strong>term\u00ednu od 7. do 24. z\u00e1\u0159\u00ed. <\/strong><!--more--><\/p>\n<p>N\u00e1v\u0161t\u011bvn\u00edci budou m\u00edt mo\u017enost prohl\u00e9dnout si a otestovat leto\u0161n\u00ed novinku Citro\u00ebn C4 X s elegantn\u00edm designem a nad\u010dasov\u00fdm charakterem prostorn\u00e9ho \u010dty\u0159dve\u0159ov\u00e9ho vozu, ur\u010denou pro z\u00e1kazn\u00edky, kte\u0159\u00ed hledaj\u00ed atraktivn\u00ed alternativu k hatchback\u016fm a SUV na trhu voz\u016f st\u0159edn\u00ed t\u0159\u00eddy, v dieselov\u00e9 a elektrick\u00e9 verzi.<\/p>\n<p>D\u00e1l vlajkovou lo\u010f zna\u010dky \u2013 model C5 X Plug-In Hybrid, SUV C5 Aircross Plug-In Hybrid, obl\u00edben\u00e9 Berlingo s dieselov\u00fdm i elektrick\u00fdm motorem nebo designov\u00fd hatchback C4 a \u00eb-C4.<\/p>\n<p>Hosty \u010dek\u00e1 bohat\u00fd doprovodn\u00fd program, kter\u00fd se i letos ponese v\u00a0charitativn\u00edm duchu. Proto\u017ee je Citro\u00ebn ji\u017e t\u0159et\u00edm rokem hrd\u00fdm partnerem profesion\u00e1ln\u00edho cyklistick\u00e9ho t\u00fdmu AG2R, um\u00edst\u00ed na stanovi\u0161t\u00edch b\u011bhem roadshow cyklistick\u00fd trena\u017e\u00e9r a za ka\u017ed\u00fd na\u0161lapan\u00fd kilometr v\u011bnuje 15 K\u010d \u2013 letos op\u011bt podpo\u0159\u00edme v\u00edkendovou akci pro maminky, kter\u00e9 se staraj\u00ed o d\u011bti se speci\u00e1ln\u00edmi pot\u0159ebami a trp\u00ed r\u016fzn\u00fdmi t\u011b\u017ek\u00fdmi diagn\u00f3zami. Spole\u010dn\u011b tak pom\u016f\u017eeme doplnit energii tam, kde chyb\u00ed. Ka\u017ed\u00fd jezdec obdr\u017e\u00ed mal\u00fd d\u00e1rek, nejlep\u0161\u00ed \u00fa\u010dastn\u00edk z\u00edsk\u00e1 bal\u00ed\u010dek reklamn\u00edch p\u0159edm\u011bt\u016f AG2R CITRO\u00cbN TEAMU.<\/p>\n<p><img loading=\"lazy\" decoding=\"async\" class=\"alignnone size-large wp-image-96228\" src=\"http:\/\/www.automakersnews.cz\/wp-content\/uploads\/2023\/09\/CITROEN_ROADSHOW_2022_brana-1024x768.jpg\" alt=\"\" width=\"1024\" height=\"768\" srcset=\"https:\/\/www.automakersnews.cz\/wp-content\/uploads\/2023\/09\/CITROEN_ROADSHOW_2022_brana-1024x768.jpg 1024w, https:\/\/www.automakersnews.cz\/wp-content\/uploads\/2023\/09\/CITROEN_ROADSHOW_2022_brana-300x225.jpg 300w, https:\/\/www.automakersnews.cz\/wp-content\/uploads\/2023\/09\/CITROEN_ROADSHOW_2022_brana-768x576.jpg 768w, https:\/\/www.automakersnews.cz\/wp-content\/uploads\/2023\/09\/CITROEN_ROADSHOW_2022_brana-1536x1152.jpg 1536w, https:\/\/www.automakersnews.cz\/wp-content\/uploads\/2023\/09\/CITROEN_ROADSHOW_2022_brana-678x509.jpg 678w, https:\/\/www.automakersnews.cz\/wp-content\/uploads\/2023\/09\/CITROEN_ROADSHOW_2022_brana-326x245.jpg 326w, https:\/\/www.automakersnews.cz\/wp-content\/uploads\/2023\/09\/CITROEN_ROADSHOW_2022_brana-80x60.jpg 80w, https:\/\/www.automakersnews.cz\/wp-content\/uploads\/2023\/09\/CITROEN_ROADSHOW_2022_brana.jpg 2000w\" sizes=\"auto, (max-width: 1024px) 100vw, 1024px\" \/><\/p>\n<p>Speci\u00e1ln\u00edm hostem bude automobilov\u00e1 z\u00e1vodnice B\u00e1ra Holick\u00e1, kter\u00e1 se chyst\u00e1 na rallye Dakar s\u00a0Kachnou neboli ikonick\u00fdm vozem Citro\u00ebn 2CV. S\u00a0navig\u00e1torkou Luci\u00ed Engovou sestav\u00ed siln\u00fd t\u00fdm pro zdol\u00e1n\u00ed v\u00fdzvy pou\u0161t\u011b a sv\u00e9 pl\u00e1ny a speci\u00e1ln\u011b upraven\u00e9 auto p\u0159edstav\u00ed 13. z\u00e1\u0159\u00ed na pra\u017esk\u00e9 roadshow u obchodn\u00edho centra ve \u0160t\u011brboholech.<\/p>\n<p>Sou\u010d\u00e1st\u00ed programu roadshow bude i eduka\u010dn\u00ed pylon, u kter\u00e9ho na\u0161i specialist\u00e9 sezn\u00e1m\u00ed n\u00e1v\u0161t\u011bvn\u00edky s\u00a0re\u00e1ln\u00fdmi mo\u017enostmi a v\u00fdhodami elektromobility a vysv\u011btl\u00ed v\u0161e kolem provozu a nab\u00edjen\u00ed. D\u011bti se budou moci zabavit v\u00a0d\u011btsk\u00e9m koutku a bude se tak\u00e9 <strong>sout\u011b\u017eit o z\u00e1p\u016fj\u010dku nov\u00e9ho vozu C4 X na jeden m\u011bs\u00edc s<\/strong><strong>\u00a0<\/strong><strong>plnou n\u00e1dr\u017e\u00ed.<\/strong><\/p>\n<p>Jako v\u017edy bude od 10 do 18 hod k\u00a0dispozici kamion s\u00a0pohodln\u00fdm z\u00e1zem\u00edm a ob\u010derstven\u00edm. Vy\u0161kolen\u00fd person\u00e1l pom\u016f\u017ee p\u0159i p\u0159ed\u00e1n\u00ed vozidla i b\u011bhem zku\u0161ebn\u00ed j\u00edzdy.<\/p>\n","protected":false},"excerpt":{"rendered":"<div class=\"mh-excerpt\"><p>Citro\u00ebn chyst\u00e1 osm\u00fd ro\u010dn\u00edk akce Roadshow, kter\u00e1 se op\u011bt s podtitulem Electric Experience ponese zejm\u00e9na v duchu elektromobility. Bude se konat u obchodn\u00edch center na <a class=\"mh-excerpt-more\" href=\"https:\/\/www.automakersnews.cz\/index.php\/2023\/09\/04\/citroen-startuje-8-rocnik-roadshow\/\" title=\"Citro\u00ebn startuje 8. ro\u010dn\u00edk Roadshow\">[&#8230;]<\/a><\/p>\n<\/div>","protected":false},"author":1,"featured_media":96227,"comment_status":"open","ping_status":"open","sticky":false,"template":"","format":"standard","meta":{"footnotes":""},"categories":[10,30],"tags":[],"class_list":["post-96226","post","type-post","status-publish","format-standard","has-post-thumbnail","hentry","category-eventy","category-marketing"],"_links":{"self":[{"href":"https:\/\/www.automakersnews.cz\/index.php\/wp-json\/wp\/v2\/posts\/96226","targetHints":{"allow":["GET"]}}],"collection":[{"href":"https:\/\/www.automakersnews.cz\/index.php\/wp-json\/wp\/v2\/posts"}],"about":[{"href":"https:\/\/www.automakersnews.cz\/index.php\/wp-json\/wp\/v2\/types\/post"}],"author":[{"embeddable":true,"href":"https:\/\/www.automakersnews.cz\/index.php\/wp-json\/wp\/v2\/users\/1"}],"replies":[{"embeddable":true,"href":"https:\/\/www.automakersnews.cz\/index.php\/wp-json\/wp\/v2\/comments?post=96226"}],"version-history":[{"count":0,"href":"https:\/\/www.automakersnews.cz\/index.php\/wp-json\/wp\/v2\/posts\/96226\/revisions"}],"wp:featuredmedia":[{"embeddable":true,"href":"https:\/\/www.automakersnews.cz\/index.php\/wp-json\/wp\/v2\/media\/96227"}],"wp:attachment":[{"href":"https:\/\/www.automakersnews.cz\/index.php\/wp-json\/wp\/v2\/media?parent=96226"}],"wp:term":[{"taxonomy":"category","embeddable":true,"href":"https:\/\/www.automakersnews.cz\/index.php\/wp-json\/wp\/v2\/categories?post=96226"},{"taxonomy":"post_tag","embeddable":true,"href":"https:\/\/www.automakersnews.cz\/index.php\/wp-json\/wp\/v2\/tags?post=96226"}],"curies":[{"name":"wp","href":"https:\/\/api.w.org\/{rel}","templated":true}]}}