{"id":96258,"date":"2023-09-04T08:58:41","date_gmt":"2023-09-04T08:58:41","guid":{"rendered":"https:\/\/www.automakersnews.cz\/?p=96258"},"modified":"2023-09-04T08:58:41","modified_gmt":"2023-09-04T08:58:41","slug":"harley-davidson-slavil-120-let-v-praze","status":"publish","type":"post","link":"https:\/\/www.automakersnews.cz\/index.php\/2023\/09\/04\/harley-davidson-slavil-120-let-v-praze\/","title":{"rendered":"Harley-Davidson slavil 120 let v Praze"},"content":{"rendered":"<p><b>Harley-Davidson oslavil o v\u00edkendu\u00a0 sv\u00fdch 120 let v r\u00e1mci All American Festu, kter\u00fd se konal na hole\u0161ovick\u00e9m v\u00fdstavi\u0161ti v Praze. Z automobilov\u00e9 sekce p\u0159edstavil sv\u00e9 americk\u00e9 vozy TUcar, k vid\u011bn\u00ed byly tak\u00e9 obrn\u011bnce \u010desk\u00e9 arm\u00e1dy.<br \/>\n<\/b><!--more--><\/p>\n<p>Veletrhu op\u011bt nechybla velkolep\u00e1 <b>spanil\u00e1 j\u00edzda stovek Harley\u016f\u00a0<\/b><b>centrem Prahy a d\u00e1le Custom Bike Show<\/b>, v\u00fdstava,\u00a0<b>historick\u00e9 expon\u00e1ty<\/b>,\u00a0<b>demo truck<\/b>\u00a0s nejnov\u011bj\u0161\u00edmi modely,\u00a0<b>offroadov\u00e1 exhibice<\/b> dakarov\u00e9ho z\u00e1vodn\u00edka Davida Pabi\u0161ky, <b>market z\u00f3na<\/b>,\u00a0<b>rockov\u00e9<\/b>\u00a0<b>kapely<\/b>,\u00a0<b>Pole Dance Battle<\/b>,\u00a0<b>tattoo<\/b>,\u00a0<b>sout\u011b\u017ee<\/b>,\u00a0\u00a0<b>H.O.G. z\u00f3na.<\/b><\/p>\n<p>Vozy americk\u00e9 provenience p\u0159edstavil ve vlastn\u00ed expozici autorizovan\u00fd dealer TUCAR.<\/p>\n<p><img loading=\"lazy\" decoding=\"async\" class=\"alignnone size-large wp-image-96289\" src=\"http:\/\/www.automakersnews.cz\/wp-content\/uploads\/2023\/09\/TUCAR-stanek-1024x768.jpg\" alt=\"\" width=\"1024\" height=\"768\" srcset=\"https:\/\/www.automakersnews.cz\/wp-content\/uploads\/2023\/09\/TUCAR-stanek-1024x768.jpg 1024w, https:\/\/www.automakersnews.cz\/wp-content\/uploads\/2023\/09\/TUCAR-stanek-300x225.jpg 300w, https:\/\/www.automakersnews.cz\/wp-content\/uploads\/2023\/09\/TUCAR-stanek-768x576.jpg 768w, https:\/\/www.automakersnews.cz\/wp-content\/uploads\/2023\/09\/TUCAR-stanek-1536x1152.jpg 1536w, https:\/\/www.automakersnews.cz\/wp-content\/uploads\/2023\/09\/TUCAR-stanek-678x509.jpg 678w, https:\/\/www.automakersnews.cz\/wp-content\/uploads\/2023\/09\/TUCAR-stanek-326x245.jpg 326w, https:\/\/www.automakersnews.cz\/wp-content\/uploads\/2023\/09\/TUCAR-stanek-80x60.jpg 80w, https:\/\/www.automakersnews.cz\/wp-content\/uploads\/2023\/09\/TUCAR-stanek.jpg 2040w\" sizes=\"auto, (max-width: 1024px) 100vw, 1024px\" \/><\/p>\n","protected":false},"excerpt":{"rendered":"<div class=\"mh-excerpt\"><p>Harley-Davidson oslavil o v\u00edkendu\u00a0 sv\u00fdch 120 let v r\u00e1mci All American Festu, kter\u00fd se konal na hole\u0161ovick\u00e9m v\u00fdstavi\u0161ti v Praze. Z automobilov\u00e9 sekce p\u0159edstavil sv\u00e9 <a class=\"mh-excerpt-more\" href=\"https:\/\/www.automakersnews.cz\/index.php\/2023\/09\/04\/harley-davidson-slavil-120-let-v-praze\/\" title=\"Harley-Davidson slavil 120 let v Praze\">[&#8230;]<\/a><\/p>\n<\/div>","protected":false},"author":1,"featured_media":96288,"comment_status":"open","ping_status":"open","sticky":false,"template":"","format":"standard","meta":{"footnotes":""},"categories":[46],"tags":[],"class_list":["post-96258","post","type-post","status-publish","format-standard","has-post-thumbnail","hentry","category-motocykly"],"_links":{"self":[{"href":"https:\/\/www.automakersnews.cz\/index.php\/wp-json\/wp\/v2\/posts\/96258","targetHints":{"allow":["GET"]}}],"collection":[{"href":"https:\/\/www.automakersnews.cz\/index.php\/wp-json\/wp\/v2\/posts"}],"about":[{"href":"https:\/\/www.automakersnews.cz\/index.php\/wp-json\/wp\/v2\/types\/post"}],"author":[{"embeddable":true,"href":"https:\/\/www.automakersnews.cz\/index.php\/wp-json\/wp\/v2\/users\/1"}],"replies":[{"embeddable":true,"href":"https:\/\/www.automakersnews.cz\/index.php\/wp-json\/wp\/v2\/comments?post=96258"}],"version-history":[{"count":0,"href":"https:\/\/www.automakersnews.cz\/index.php\/wp-json\/wp\/v2\/posts\/96258\/revisions"}],"wp:featuredmedia":[{"embeddable":true,"href":"https:\/\/www.automakersnews.cz\/index.php\/wp-json\/wp\/v2\/media\/96288"}],"wp:attachment":[{"href":"https:\/\/www.automakersnews.cz\/index.php\/wp-json\/wp\/v2\/media?parent=96258"}],"wp:term":[{"taxonomy":"category","embeddable":true,"href":"https:\/\/www.automakersnews.cz\/index.php\/wp-json\/wp\/v2\/categories?post=96258"},{"taxonomy":"post_tag","embeddable":true,"href":"https:\/\/www.automakersnews.cz\/index.php\/wp-json\/wp\/v2\/tags?post=96258"}],"curies":[{"name":"wp","href":"https:\/\/api.w.org\/{rel}","templated":true}]}}