{"id":96376,"date":"2023-09-04T13:34:05","date_gmt":"2023-09-04T13:34:05","guid":{"rendered":"https:\/\/www.automakersnews.cz\/?p=96376"},"modified":"2023-09-04T13:34:37","modified_gmt":"2023-09-04T13:34:37","slug":"seat-dementoval-ukonceni-vyroby-aut","status":"publish","type":"post","link":"https:\/\/www.automakersnews.cz\/index.php\/2023\/09\/04\/seat-dementoval-ukonceni-vyroby-aut\/","title":{"rendered":"SEAT dementoval ukon\u010den\u00ed v\u00fdroby aut"},"content":{"rendered":"<p class=\"c_du g_fx speakable\" data-dot=\"ogm-article-perex\"><strong>Kauzou dne je d\u011bn\u00ed kolem SEATu.\u00a0 Podle n\u011bkter\u00fdch zdroj\u016f se m\u00e1 \u0161pan\u011blsk\u00e1 zna\u010dka soust\u0159edit jen na mikromobilitu a v\u00fdrobu aut p\u0159evezme sp\u0159\u00edzn\u011bn\u00e1 zna\u010dka CUPRA. SEAT tyto informace dementoval.<\/strong><!--more--><\/p>\n<div class=\"ogm-container _6231b388c0086990921bf42b\">\n<div class=\"g_fR\" data-e2e=\"ogm-article-layout\">\n<article class=\"g_fT\" role=\"article\" aria-labelledby=\"accessibility-article\">\n<h6 class=\"c_aF c_aJ\"><strong><span style=\"font-size: 16px;\">Uveden\u00e1 m\u00e9dia se odvol\u00e1vaj\u00ed na rozhovor <\/span><span style=\"font-size: 16px;\">\u0161\u00e9fa zna\u010dky VW Thomase Sch\u00e4fera <\/span><span style=\"font-size: 16px;\">pro britsk\u00fd Autocar. Kdy\u017e byl v pond\u011bl\u00ed Sch\u00e4fer na mnichovsk\u00e9m autosalonu t\u00e1z\u00e1n <\/span><span style=\"font-size: 16px;\">na budoucnost Seatu, \u0159ekl: \u201eBudoucnost\u00ed Seatu je Cupra.\u201c<\/span><\/strong><\/h6>\n<div class=\"g_fS\" data-dot=\"ogm-article-content\">\n<div class=\"e_do e_dA\">\n<div class=\"e_du speakable\" data-dot=\"mol-paragraph\">\n<p class=\"c_du\"><span class=\"c_dN\">Sch\u00e4fer uvedl, \u017ee st\u00e1vaj\u00edc\u00ed modely Seatu se budou i\u00a0nad\u00e1le vyr\u00e1b\u011bt ve sv\u00fdch sou\u010dasn\u00fdch \u017eivotn\u00edch cyklech, ale zna\u010dka nakonec dostane jinou roli.<\/span><\/p>\n<\/div>\n<div class=\"e_du speakable\" data-dot=\"mol-paragraph\">\n<p class=\"c_du\"><span class=\"c_dN\">Jm\u00e9no Seat z\u016fstane a\u00a0nebude vy\u0159azeno a\u00a0Sch\u00e4fer \u0159ekl, \u017ee koncern Volkswagen \u201epro n\u011bj najde jinou roli\u201c. Zna\u010dka se m\u00edsto toho pravd\u011bpodobn\u011b zam\u011b\u0159\u00ed na jin\u00e1 vozidla a\u00a0\u0159e\u0161en\u00ed mobility, jako jsou elektrick\u00e9 sk\u00fatry, jak to za\u010dalo d\u011blat se Seatem Mo.<\/span><\/p>\n<p><span style=\"font-size: 16px;\">Z\u00e1m\u011br, aby Cupra nahradila roli Seatu, byl podle Sch\u00e4fera v pl\u00e1nu koncernu ji\u017e d\u00e1vno, ale \u00fasp\u011bch Cupry tento postoj jen upevnil.<\/span><\/p>\n<figure id=\"attachment_416\" aria-describedby=\"caption-attachment-416\" style=\"width: 1024px\" class=\"wp-caption alignnone\"><img loading=\"lazy\" decoding=\"async\" class=\"size-full wp-image-416\" src=\"http:\/\/www.automakersnews.cz\/wp-content\/uploads\/2022\/08\/Skoda_Thomas-Schaefer.jpg\" alt=\"\" width=\"1024\" height=\"711\" srcset=\"https:\/\/www.automakersnews.cz\/wp-content\/uploads\/2022\/08\/Skoda_Thomas-Schaefer.jpg 1024w, https:\/\/www.automakersnews.cz\/wp-content\/uploads\/2022\/08\/Skoda_Thomas-Schaefer-300x208.jpg 300w, https:\/\/www.automakersnews.cz\/wp-content\/uploads\/2022\/08\/Skoda_Thomas-Schaefer-768x533.jpg 768w\" sizes=\"auto, (max-width: 1024px) 100vw, 1024px\" \/><figcaption id=\"caption-attachment-416\" class=\"wp-caption-text\">Thomas Sch\u00e4fer<\/figcaption><\/figure>\n<p><strong>Dementi SEATu<\/strong><\/p>\n<\/div>\n<div class=\"e_eY js-ad e_a0\">\n<div class=\"c_f c_w c_A e_ea e_eb b_e\">Automobilka pozd\u011bji slova Sch\u00e4fera m\u00edrnila s t\u00edm, \u017ee nap\u0159\u00edklad hodl\u00e1 modernizovat modely Ibiza, Arona a Leon. \u201eHodl\u00e1me nab\u00edzet plug-in hybridn\u00ed a \u00fasporn\u00e9 vozy a\u017e do konce \u00e9ry spalovac\u00edch motor\u016f,\u201c uvedla automobilka.<\/div>\n<div><\/div>\n<div>Je\u0161t\u011b siln\u011bj\u0161\u00ed vyj\u00e1d\u0159en\u00ed n\u00e1m zaslal \u010desk\u00fd import SEATu: &#8222;V n\u011bkter\u00fdch m\u00e9di\u00edch se objevily nep\u0159esn\u00e9 informace, fakticky je zna\u010dka siln\u011bj\u0161\u00ed ne\u017e kdy jindy,&#8220; uvedla firma s t\u00edm, \u017ee aktu\u00e1ln\u011b chyst\u00e1 nov\u00e9 verze \u0159ady model\u016f.<\/div>\n<\/div>\n<\/div>\n<\/div>\n<\/article>\n<\/div>\n<\/div>\n<div><\/div>\n<div class=\"ogm-container _6231b388c0086990921bf42b\">\n<div class=\"g_fR\" data-e2e=\"ogm-article-layout\">\n<article class=\"g_fT\" role=\"article\" aria-labelledby=\"accessibility-article\">\n<div class=\"g_fS\" data-dot=\"ogm-article-content\">\n<div class=\"e_do e_dA\">\n<div class=\"c_aK e_ea\">\n<div class=\"c_aL\">\n<div class=\"c_f c_w c_A\"><img loading=\"lazy\" decoding=\"async\" class=\"alignnone size-large wp-image-6190\" src=\"http:\/\/www.automakersnews.cz\/wp-content\/uploads\/2022\/12\/Zlin-CUPRA-GARAGE-4-1024x682.jpg\" alt=\"\" width=\"1024\" height=\"682\" \/><\/div>\n<\/div>\n<\/div>\n<div class=\"e_du speakable\" data-dot=\"mol-paragraph\">\n<p class=\"c_du\"><span class=\"c_dN\">Cupra za\u010dala jen jako ozna\u010den\u00ed verz\u00ed v\u00fdkonn\u00fdch seat\u016f, v\u00a0roce 2018\u00a0se ale form\u00e1ln\u011b odd\u011blila. Nejprve \u0161lo o\u00a0p\u0159ezna\u010dkov\u00e1n\u00ed v\u00fdkonn\u00fdch verz\u00ed seat\u016f a\u00a0v\u00a0roce 2020\u00a0uvedla na trh prvn\u00ed samostatn\u00fd model,\u00a0<a class=\"c_an\" href=\"https:\/\/www.novinky.cz\/clanek\/auto-automoto-testy-test-cupry-formentor-vz5-blesk-do-nepohody-40411583#utm_content=ribbonnews&amp;utm_term=formentor&amp;utm_medium=hint&amp;utm_source=search.seznam.cz\" target=\"_blank\" rel=\"noopener\">crossover Formentor<\/a>. Cupry pot\u00e9 dostaly i\u00a0motory z\u00a0b\u011b\u017en\u00fdch verz\u00ed seat\u016f, u\u017e tak nejde jen o\u00a0nejv\u00fdkonn\u011bj\u0161\u00ed z\u00a0\u0159ady.<\/span><\/p>\n<\/div>\n<div class=\"e_du speakable\" data-dot=\"mol-paragraph\"><\/div>\n<div class=\"e_du speakable\" data-dot=\"mol-paragraph\">\n<p><strong>Zdroj: novinky.cz, SEAT<\/strong><\/p>\n<\/div>\n<\/div>\n<\/div>\n<\/article>\n<\/div>\n<\/div>\n","protected":false},"excerpt":{"rendered":"<div class=\"mh-excerpt\"><p>Kauzou dne je d\u011bn\u00ed kolem SEATu.\u00a0 Podle n\u011bkter\u00fdch zdroj\u016f se m\u00e1 \u0161pan\u011blsk\u00e1 zna\u010dka soust\u0159edit jen na mikromobilitu a v\u00fdrobu aut p\u0159evezme sp\u0159\u00edzn\u011bn\u00e1 zna\u010dka CUPRA. SEAT <a class=\"mh-excerpt-more\" href=\"https:\/\/www.automakersnews.cz\/index.php\/2023\/09\/04\/seat-dementoval-ukonceni-vyroby-aut\/\" title=\"SEAT dementoval ukon\u010den\u00ed v\u00fdroby aut\">[&#8230;]<\/a><\/p>\n<\/div>","protected":false},"author":1,"featured_media":69424,"comment_status":"open","ping_status":"open","sticky":false,"template":"","format":"standard","meta":{"footnotes":""},"categories":[2],"tags":[],"class_list":["post-96376","post","type-post","status-publish","format-standard","has-post-thumbnail","hentry","category-news"],"_links":{"self":[{"href":"https:\/\/www.automakersnews.cz\/index.php\/wp-json\/wp\/v2\/posts\/96376","targetHints":{"allow":["GET"]}}],"collection":[{"href":"https:\/\/www.automakersnews.cz\/index.php\/wp-json\/wp\/v2\/posts"}],"about":[{"href":"https:\/\/www.automakersnews.cz\/index.php\/wp-json\/wp\/v2\/types\/post"}],"author":[{"embeddable":true,"href":"https:\/\/www.automakersnews.cz\/index.php\/wp-json\/wp\/v2\/users\/1"}],"replies":[{"embeddable":true,"href":"https:\/\/www.automakersnews.cz\/index.php\/wp-json\/wp\/v2\/comments?post=96376"}],"version-history":[{"count":0,"href":"https:\/\/www.automakersnews.cz\/index.php\/wp-json\/wp\/v2\/posts\/96376\/revisions"}],"wp:featuredmedia":[{"embeddable":true,"href":"https:\/\/www.automakersnews.cz\/index.php\/wp-json\/wp\/v2\/media\/69424"}],"wp:attachment":[{"href":"https:\/\/www.automakersnews.cz\/index.php\/wp-json\/wp\/v2\/media?parent=96376"}],"wp:term":[{"taxonomy":"category","embeddable":true,"href":"https:\/\/www.automakersnews.cz\/index.php\/wp-json\/wp\/v2\/categories?post=96376"},{"taxonomy":"post_tag","embeddable":true,"href":"https:\/\/www.automakersnews.cz\/index.php\/wp-json\/wp\/v2\/tags?post=96376"}],"curies":[{"name":"wp","href":"https:\/\/api.w.org\/{rel}","templated":true}]}}