{"id":96945,"date":"2023-09-05T09:13:09","date_gmt":"2023-09-05T09:13:09","guid":{"rendered":"https:\/\/www.automakersnews.cz\/?p=96945"},"modified":"2023-09-05T09:16:15","modified_gmt":"2023-09-05T09:16:15","slug":"cartec-stavi-showroom-pro-rolls-royce","status":"publish","type":"post","link":"https:\/\/www.automakersnews.cz\/index.php\/2023\/09\/05\/cartec-stavi-showroom-pro-rolls-royce\/","title":{"rendered":"CarTec stav\u00ed showroom pro Rolls-Royce"},"content":{"rendered":"<p class=\"v1Bullets\"><strong><span style=\"font-family: Helvetica;\">Majitel CarTecu Karel Kadlec po\u0159\u00e1dal rozlu\u010dkovou recepci, b\u011bhem n\u00ed\u017e pozvan\u00ed host\u00e9 oslavili dosavadn\u00ed \u00fasp\u011bchy spojen\u00e9 se st\u00e1vaj\u00edc\u00edm showroomem zna\u010dky Rolls-Royce. Nov\u00fd showroom pro luxusn\u00ed vozy chce otev\u0159\u00edt p\u0159\u00ed\u0161t\u00ed rok.<\/span><\/strong><!--more--><\/p>\n<p class=\"v1Bullets\"><span style=\"font-family: Helvetica;\"> Od otev\u0159en\u00ed dealerstv\u00ed v roce 2016 dos\u00e1hly dod\u00e1vky nov\u00fdch automobil\u016f a certifikovan\u00fdch pou\u017eit\u00fdch model\u016f v r\u00e1mci programu Provenance v\u00edce ne\u017e 200 voz\u016f s vrcholem v rekordn\u00edm roce 2022.<\/span><\/p>\n<p class=\"v1Bullets\"><span style=\"font-family: Helvetica;\">Jedin\u00e9 zastoupen\u00ed zna\u010dky Rolls-Royce v\u00a0\u010cesk\u00e9 republice je rodinnou firmou n\u00e1le\u017eej\u00edc\u00ed pod spole\u010dnost CarTec Group a do nov\u00e9 podoby sv\u00e9ho reprezentativn\u00edho salonu investuje v\u00fdznamn\u00e9 prost\u0159edky. Otev\u0159en\u00ed je napl\u00e1nov\u00e1no na druh\u00e9 \u010dtvrtlet\u00ed roku 2024.<\/span><\/p>\n<p class=\"v1Bullets\"><span style=\"font-family: Helvetica;\">Majitel dealerstv\u00ed Karel Kadlec vysv\u011btluje: \u201eTouha po dokonalosti typick\u00e1 pro Rolls-Royce je i\u00a0na\u0161\u00ed podnikatelskou filozofi\u00ed. Na\u0161e odhodl\u00e1n\u00ed b\u00fdt perfektn\u00ed ve v\u0161ech sm\u011brech je kl\u00ed\u010dem k\u00a0dal\u0161\u00edm \u00fasp\u011bch\u016fm a naplno se odraz\u00ed i ve zcela nov\u011b pojat\u00e9m showroomu, kter\u00fd zajist\u00ed na\u0161im klient\u016fm nev\u0161edn\u00ed z\u00e1\u017eitky. Z\u00e1kazn\u00edci zna\u010dky Rolls-Royce se \u0159ad\u00ed mezi nejn\u00e1ro\u010dn\u011bj\u0161\u00ed osobnosti a\u00a0od zna\u010dek, s\u00a0nimi\u017e p\u0159ich\u00e1zej\u00ed do kontaktu, pr\u00e1vem o\u010dek\u00e1vaj\u00ed jen to nejlep\u0161\u00ed.&#8220;<\/span><\/p>\n<p class=\"v1Bullets\"><span style=\"font-family: Helvetica;\">Stavebn\u00ed pr\u00e1ce na showroomu za\u010d\u00ednaj\u00ed tento t\u00fdden. Projekt zahrnuje rovn\u011b\u017e prom\u011bnu servisn\u00edho z\u00e1zem\u00ed, aby bylo p\u0159ipraveno na p\u0159\u00edchod pln\u011b elektrick\u00e9ho modelu Spectre v\u00a0n\u00e1sleduj\u00edc\u00edch m\u011bs\u00edc\u00edch. Dod\u00e1n\u00ed prvn\u00edho vozu Spectre \u010desk\u00e9mu z\u00e1kazn\u00edkovi je napl\u00e1nov\u00e1no je\u0161t\u011b p\u0159ed koncem leto\u0161n\u00edho roku.<\/span><\/p>\n<p><strong>Po dobu stavby se showrrom p\u0159esune do CarTecu<\/strong><\/p>\n<p class=\"v1Bullets\"><span style=\"font-family: Helvetica;\">Po dobu rekonstrukce budou zaji\u0161t\u011bny ve\u0161ker\u00e9 prodejn\u00ed a servisn\u00ed slu\u017eby, a\u010dkoliv v\u00a0konkr\u00e9tn\u00edch etap\u00e1ch se po\u010d\u00edt\u00e1 s\u00a0jist\u00fdmi omezen\u00edmi. Po nezbytn\u011b kr\u00e1tk\u00e9 obdob\u00ed se prodejn\u00ed \u010d\u00e1st p\u0159esune do\u00a0sousedn\u00edho showroomu spole\u010dnosti CarTec.<\/span><\/p>\n<p class=\"v1Bullets\"><span style=\"font-family: Helvetica;\">Pavel Kalou\u0161, brand mana\u017eer zna\u010dky Rolls-Royce, zd\u016fraz\u0148uje: \u201eNov\u00fd showroom nab\u00eddne na\u0161im z\u00e1kazn\u00edk\u016fm exkluzivn\u00ed a fascinuj\u00edc\u00ed z\u00e1\u017eitky, \u0161it\u00e9 p\u0159esn\u011b na m\u00edru ka\u017ed\u00e9mu z\u00e1jemci, a t\u00edm jim otev\u0159e br\u00e1ny do okouzluj\u00edc\u00edho sv\u011bta Rolls-Royce se v\u0161\u00edm, co tato zna\u010dka p\u0159edstavuje. Klienti z\u00edskaj\u00ed ide\u00e1ln\u00ed prost\u0159ed\u00ed, v\u00a0n\u011bm\u017e se mohou dopodrobna sezn\u00e1mit s\u00a0bezkonkuren\u010dn\u00ed \u00farovn\u00ed skute\u010dn\u00e9ho\u00a0luxusu a nechat se inspirovat p\u0159i n\u00e1vrhu sv\u00e9ho velmi osobn\u00edho, jedine\u010dn\u00e9ho automobilu.&#8220;<\/span><\/p>\n<p class=\"v1Bullets\"><span style=\"font-family: Helvetica;\">Ojedin\u011bl\u00e9 pocity vyvol\u00e1 ji\u017e samotn\u00fd vstup p\u016fsobiv\u00fdmi dve\u0159mi, kter\u00e9 p\u0159ipom\u00ednaj\u00ed nezam\u011bnitelnou p\u0159\u00ed\u010f voz\u016f Rolls-Royce, naz\u00fdvanou Pantheon. K p\u0159\u00edjemn\u00e9 a nenucen\u00e9 atmosf\u00e9\u0159e luxusn\u00edho salonu pat\u0159\u00ed ateli\u00e9r Bespoke, kde si klienti mohou zbl\u00edzka prohl\u00e9dnout a\u00a0osobn\u011b probrat \u0161irok\u00e9 mo\u017enosti individualizace sv\u00e9ho vozu. Dal\u0161\u00ed \u010d\u00e1st showroomu je navr\u017eena jako komfortn\u00ed lounge se zaj\u00edmav\u00fdmi um\u011bleck\u00fdmi d\u00edly a p\u0159edm\u011bty, kter\u00e9 podn\u011bcuj\u00ed nov\u00e9 n\u00e1pady a konverzaci jako sou\u010d\u00e1st kreativn\u00edho procesu p\u0159i n\u00e1vrhu unik\u00e1tn\u00ed zak\u00e1zky. Zvolen\u00e9 materi\u00e1ly a povrchov\u00e9 \u00fapravy interi\u00e9ru showroomu budou monochromatick\u00e9 s\u00a0le\u0161t\u011bn\u00fdmi kovov\u00fdmi prvky, aby je\u0161t\u011b v\u00edce vynikly vozy vystaven\u00e9 v\u00a0\u010d\u00e1sti nazvan\u00e9 galerie.<\/span><\/p>\n<p class=\"v1Bullets\"><span style=\"font-family: Helvetica;\">Frank Tiemann, vedouc\u00ed korpor\u00e1tn\u00ed komunikace pro st\u0159edn\u00ed a v\u00fdchodn\u00ed Evropu a st\u0159edn\u00ed Asii, Rolls-Royce Motor Cars, \u0159\u00edk\u00e1: \u201ePo v\u00edce ne\u017e stolet\u00ed posouv\u00e1 Rolls-Royce Motor Cars hranice,\u00a0vytv\u00e1\u0159\u00ed novou realitu v automobilov\u00e9 sf\u00e9\u0159e i mimo ni a p\u0159edstavuje tak skute\u010dn\u00fd vrchol ve sv\u011bt\u011b luxusu. R\u00e1d bych pod\u011bkoval Karlu Kadlecovi i Pavlu Kalou\u0161ovi a cel\u00e9mu t\u00fdmu za\u00a0mimo\u0159\u00e1dn\u00e9 nasazen\u00ed, s jak\u00fdm pom\u00e1haj\u00ed p\u0159ekon\u00e1vat o\u010dek\u00e1v\u00e1n\u00ed na\u0161ich z\u00e1kazn\u00edk\u016f a uv\u00e1d\u011bt na\u0161i zna\u010dku do jejich \u017eivot\u016f.<span dir=\"RTL\" lang=\"AR-SA\">&#8222;<\/span><\/span><\/p>\n<p><img loading=\"lazy\" decoding=\"async\" class=\"alignnone size-large wp-image-96950\" src=\"http:\/\/www.automakersnews.cz\/wp-content\/uploads\/2023\/09\/Rolls_showroom-RR-02-midres-1024x724.jpg\" alt=\"\" width=\"1024\" height=\"724\" \/><\/p>\n","protected":false},"excerpt":{"rendered":"<div class=\"mh-excerpt\"><p>Majitel CarTecu Karel Kadlec po\u0159\u00e1dal rozlu\u010dkovou recepci, b\u011bhem n\u00ed\u017e pozvan\u00ed host\u00e9 oslavili dosavadn\u00ed \u00fasp\u011bchy spojen\u00e9 se st\u00e1vaj\u00edc\u00edm showroomem zna\u010dky Rolls-Royce. Nov\u00fd showroom pro luxusn\u00ed vozy <a class=\"mh-excerpt-more\" href=\"https:\/\/www.automakersnews.cz\/index.php\/2023\/09\/05\/cartec-stavi-showroom-pro-rolls-royce\/\" title=\"CarTec stav\u00ed showroom pro Rolls-Royce\">[&#8230;]<\/a><\/p>\n<\/div>","protected":false},"author":1,"featured_media":96946,"comment_status":"open","ping_status":"open","sticky":false,"template":"","format":"standard","meta":{"footnotes":""},"categories":[39],"tags":[],"class_list":["post-96945","post","type-post","status-publish","format-standard","has-post-thumbnail","hentry","category-dealeri"],"_links":{"self":[{"href":"https:\/\/www.automakersnews.cz\/index.php\/wp-json\/wp\/v2\/posts\/96945","targetHints":{"allow":["GET"]}}],"collection":[{"href":"https:\/\/www.automakersnews.cz\/index.php\/wp-json\/wp\/v2\/posts"}],"about":[{"href":"https:\/\/www.automakersnews.cz\/index.php\/wp-json\/wp\/v2\/types\/post"}],"author":[{"embeddable":true,"href":"https:\/\/www.automakersnews.cz\/index.php\/wp-json\/wp\/v2\/users\/1"}],"replies":[{"embeddable":true,"href":"https:\/\/www.automakersnews.cz\/index.php\/wp-json\/wp\/v2\/comments?post=96945"}],"version-history":[{"count":0,"href":"https:\/\/www.automakersnews.cz\/index.php\/wp-json\/wp\/v2\/posts\/96945\/revisions"}],"wp:featuredmedia":[{"embeddable":true,"href":"https:\/\/www.automakersnews.cz\/index.php\/wp-json\/wp\/v2\/media\/96946"}],"wp:attachment":[{"href":"https:\/\/www.automakersnews.cz\/index.php\/wp-json\/wp\/v2\/media?parent=96945"}],"wp:term":[{"taxonomy":"category","embeddable":true,"href":"https:\/\/www.automakersnews.cz\/index.php\/wp-json\/wp\/v2\/categories?post=96945"},{"taxonomy":"post_tag","embeddable":true,"href":"https:\/\/www.automakersnews.cz\/index.php\/wp-json\/wp\/v2\/tags?post=96945"}],"curies":[{"name":"wp","href":"https:\/\/api.w.org\/{rel}","templated":true}]}}