{"id":96952,"date":"2023-09-05T09:12:19","date_gmt":"2023-09-05T09:12:19","guid":{"rendered":"https:\/\/www.automakersnews.cz\/?p=96952"},"modified":"2023-09-05T09:35:43","modified_gmt":"2023-09-05T09:35:43","slug":"novy-obchodni-reditel-v-mastercardu","status":"publish","type":"post","link":"https:\/\/www.automakersnews.cz\/index.php\/2023\/09\/05\/novy-obchodni-reditel-v-mastercardu\/","title":{"rendered":"Nov\u00fd obchodn\u00ed \u0159editel v Mastercardu"},"content":{"rendered":"<p><strong>Obchodn\u00edm \u0159editelem spole\u010dnosti Mastercard pro \u010ceskou republiku a Slovensko byl k 1. z\u00e1\u0159\u00ed jmenov\u00e1n Tom\u00e1\u0161 Chumchal. Ve sv\u00e9 funkci bude m\u00edt zodpov\u011bdnost za prodejn\u00ed strategii a \u0159\u00edzen\u00ed obchodn\u00edch t\u00fdm\u016f v obou zem\u00edch.<\/strong><span id=\"more-1935\"><\/span><!--more--><\/p>\n<p>Tom\u00e1\u0161 Chumchal nastoupil do spole\u010dnosti Mastercard v\u00a0roce 2021. Jako obchodn\u00ed mana\u017eer m\u011bl dosud na starosti spolupr\u00e1ci s\u00a0kl\u00ed\u010dov\u00fdmi \u010desk\u00fdmi bankami.<\/p>\n<p>P\u0159ed n\u00e1stupem do Mastercard p\u016fsobil v\u00a0Lucembursku, kde \u0159\u00eddil obchodn\u00ed partnerstv\u00ed s\u00a0p\u0159edn\u00edmi partnery spole\u010dnosti Amazon Web Services v\u00a0\u010cesku, na Slovensku, v\u00a0Ma\u010farsku a na Malt\u011b. P\u0159ed t\u00edm pracoval 8 let pro spole\u010dnosti v\u00a0oblasti IT a technologi\u00ed.<\/p>\n<p>Tom\u00e1\u0161 vystudoval Vysokou \u0161kolu b\u00e1\u0148skou \u2013 Technickou univerzitu Ostrava, r\u00e1d sportuje, voln\u00fd \u010das tr\u00e1v\u00ed nejrad\u011bji se svou rodinou nebo na hor\u00e1ch a r\u00e1d by poko\u0159il Korunu Evropy, tedy zdolal nejvy\u0161\u0161\u00ed hory v\u0161ech evropsk\u00fdch zem\u00ed.<\/p>\n<p><strong>Zdroj: Czechbanking.cz<\/strong><\/p>\n","protected":false},"excerpt":{"rendered":"<div class=\"mh-excerpt\"><p>Obchodn\u00edm \u0159editelem spole\u010dnosti Mastercard pro \u010ceskou republiku a Slovensko byl k 1. z\u00e1\u0159\u00ed jmenov\u00e1n Tom\u00e1\u0161 Chumchal. Ve sv\u00e9 funkci bude m\u00edt zodpov\u011bdnost za prodejn\u00ed strategii <a class=\"mh-excerpt-more\" href=\"https:\/\/www.automakersnews.cz\/index.php\/2023\/09\/05\/novy-obchodni-reditel-v-mastercardu\/\" title=\"Nov\u00fd obchodn\u00ed \u0159editel v Mastercardu\">[&#8230;]<\/a><\/p>\n<\/div>","protected":false},"author":1,"featured_media":96953,"comment_status":"open","ping_status":"open","sticky":false,"template":"","format":"standard","meta":{"footnotes":""},"categories":[52,3],"tags":[],"class_list":["post-96952","post","type-post","status-publish","format-standard","has-post-thumbnail","hentry","category-kariera","category-personalie"],"_links":{"self":[{"href":"https:\/\/www.automakersnews.cz\/index.php\/wp-json\/wp\/v2\/posts\/96952","targetHints":{"allow":["GET"]}}],"collection":[{"href":"https:\/\/www.automakersnews.cz\/index.php\/wp-json\/wp\/v2\/posts"}],"about":[{"href":"https:\/\/www.automakersnews.cz\/index.php\/wp-json\/wp\/v2\/types\/post"}],"author":[{"embeddable":true,"href":"https:\/\/www.automakersnews.cz\/index.php\/wp-json\/wp\/v2\/users\/1"}],"replies":[{"embeddable":true,"href":"https:\/\/www.automakersnews.cz\/index.php\/wp-json\/wp\/v2\/comments?post=96952"}],"version-history":[{"count":0,"href":"https:\/\/www.automakersnews.cz\/index.php\/wp-json\/wp\/v2\/posts\/96952\/revisions"}],"wp:featuredmedia":[{"embeddable":true,"href":"https:\/\/www.automakersnews.cz\/index.php\/wp-json\/wp\/v2\/media\/96953"}],"wp:attachment":[{"href":"https:\/\/www.automakersnews.cz\/index.php\/wp-json\/wp\/v2\/media?parent=96952"}],"wp:term":[{"taxonomy":"category","embeddable":true,"href":"https:\/\/www.automakersnews.cz\/index.php\/wp-json\/wp\/v2\/categories?post=96952"},{"taxonomy":"post_tag","embeddable":true,"href":"https:\/\/www.automakersnews.cz\/index.php\/wp-json\/wp\/v2\/tags?post=96952"}],"curies":[{"name":"wp","href":"https:\/\/api.w.org\/{rel}","templated":true}]}}