{"id":96996,"date":"2023-09-06T05:53:56","date_gmt":"2023-09-06T05:53:56","guid":{"rendered":"https:\/\/www.automakersnews.cz\/?p=96996"},"modified":"2023-09-06T05:53:56","modified_gmt":"2023-09-06T05:53:56","slug":"astra-sports-tourer-electric-na-podzim","status":"publish","type":"post","link":"https:\/\/www.automakersnews.cz\/index.php\/2023\/09\/06\/astra-sports-tourer-electric-na-podzim\/","title":{"rendered":"Astra Sports Tourer Electric na podzim"},"content":{"rendered":"<p><strong>Na veletrhu IAA Mobility v Mnichov\u011b (5. a\u017e 10. z\u00e1\u0159\u00ed) p\u0159edv\u00e1d\u00ed Opel ve sv\u011btov\u00e9 premi\u00e9\u0159e Astru Sports Tourer Electric. V\u016fz, jedno z v\u016fbec prvn\u00edch BEV kombi t\u00e9to t\u0159\u00eddy na trhu, pr\u00e1v\u011b vstupuje na n\u011bmeck\u00fd trh. U \u010desk\u00fdch dealer\u016f se BEV modely Astra Electric a Astra Sports Tourer Electric objev\u00ed na podzim.<\/strong><!--more--><\/p>\n<p>Novou Astru Sports Tourer Electric je mo\u017en\u00e9 v N\u011bmecku z\u00edskat na leasing u\u017e za 359 \u20ac m\u011bs\u00ed\u010dn\u011b, z\u00e1kladn\u00ed cen\u00edkov\u00e1 cena pak \u010din\u00ed 43 490 \u20ac (doporu\u010den\u00e1 cena pro N\u011bmecko v\u010detn\u011b DPH). Z\u00e1kladn\u00ed p\u011btidve\u0159ov\u00fd hatchback Astra Electric m\u00e1 z\u00e1kladn\u00ed n\u011bmeckou cenovku 41 990 \u20ac, m\u011bs\u00ed\u010dn\u00ed leasingov\u00e1 spl\u00e1tka \u010din\u00ed jen 339 \u20ac.<\/p>\n<p>Astra Sports Tourer Electric na jedno nabit\u00ed ujede a\u017e 413 km (dle WLTP). BEV kombi p\u0159itom v\u00e1\u017e\u00ed jen 1760 kilogram\u016f, co\u017e je m\u00e9n\u011b ne\u017e u v\u011bt\u0161iny konkurent\u016f. Nov\u00e1 Astra Sports Tourer Electric je ji\u017e ve standardn\u00ed v\u00fdbav\u011b vybavena mnoha elektronick\u00fdmi pomocn\u00edky a komfortn\u00edmi prvky.<\/p>\n<p>Pat\u0159\u00ed mezi n\u011b klimatizace, kompletn\u00ed LED osv\u011btlen\u00ed nebo pln\u011b digit\u00e1ln\u00ed kokpit Pure Panel\u00ae se dv\u011bma 10-palcov\u00fdmi displeji. Astra Sports Tourer Electric v nejvy\u0161\u0161\u00ed v\u00fdbav\u011b GS umoc\u0148uje komfort \u0159idi\u010de ergonomick\u00fdmi sportovn\u00edmi sedadly s certifik\u00e1tem AGR.<\/p>\n<p>Syst\u00e9m varov\u00e1n\u00ed p\u0159ed \u010deln\u00ed sr\u00e1\u017ekou obsahuje nav\u00edc za\u0159\u00edzen\u00ed pro rozpozn\u00e1v\u00e1n\u00ed dopravn\u00edch zna\u010dek a adaptivn\u00ed tempomat, kter\u00fd dok\u00e1\u017ee v\u016fz \u00fapln\u011b zastavit. Kamera Intelli-Vision se zorn\u00fdm \u00fahlem 360 stup\u0148\u016f zaru\u010duje p\u0159ehled o cel\u00e9m okol\u00ed vozu. Sportovn\u00ed styling Astry ST Electric ve v\u00fdbav\u011b GS podtrhuj\u00ed krom\u011b \u010dern\u00fdch kryt\u016f vn\u011bj\u0161\u00edch zp\u011btn\u00fdch zrc\u00e1tek a 18-palcov\u00fdch kol z lehk\u00e9 slitiny i karbonov\u011b \u010dern\u00e1 st\u0159echa a \u010dern\u00e9 \u010daloun\u011bn\u00ed stropu.<\/p>\n<p><img loading=\"lazy\" decoding=\"async\" class=\"alignnone wp-image-96999\" src=\"http:\/\/www.automakersnews.cz\/wp-content\/uploads\/2023\/09\/Opel-Astra-2-small-300x200.jpg\" alt=\"\" width=\"884\" height=\"589\" srcset=\"https:\/\/www.automakersnews.cz\/wp-content\/uploads\/2023\/09\/Opel-Astra-2-small-300x200.jpg 300w, https:\/\/www.automakersnews.cz\/wp-content\/uploads\/2023\/09\/Opel-Astra-2-small-1024x683.jpg 1024w, https:\/\/www.automakersnews.cz\/wp-content\/uploads\/2023\/09\/Opel-Astra-2-small-768x512.jpg 768w, https:\/\/www.automakersnews.cz\/wp-content\/uploads\/2023\/09\/Opel-Astra-2-small.jpg 1200w\" sizes=\"auto, (max-width: 884px) 100vw, 884px\" \/><\/p>\n<p><strong>Prostorn\u00fd spole\u010dn\u00edk pro ka\u017ed\u00fd den:<\/strong><\/p>\n<p>Astra Sports Tourer Electric je v\u0161estrann\u00e1. Trak\u010dn\u00ed elektromotor m\u00e1 v\u00fdkon 115 kW\/156 k a jeho maxim\u00e1ln\u00ed to\u010div\u00fd moment 270 Nm je k dispozici u\u017e od prvn\u00edho se\u0161l\u00e1pnut\u00ed plynov\u00e9ho ped\u00e1lu. N\u00edzk\u00e1 pohotovostn\u00ed hmotnost kolem 1760 kg p\u0159isp\u00edv\u00e1 k dynamice j\u00edzdy a hospod\u00e1rn\u00e9mu provozu. A zat\u00edmco mnoho jin\u00fdch konkuren\u010dn\u00edch elektromobil\u016f m\u00e1 rychlost omezenou na 150 km\/h nebo 160 km\/h, Astra Sports Tourer Electric se dok\u00e1\u017ee rozjet a\u017e na 170 km\/h.<\/p>\n<p>V z\u00e1vislosti na osobn\u00edch preferenc\u00edch si \u0159idi\u010d m\u016f\u017ee vybrat jeden ze t\u0159ech j\u00edzdn\u00edch re\u017eim\u016f: Eco, Normal a Sport. Energie je ulo\u017eena v kompaktn\u00ed Li-Ion baterii o kapacit\u011b 54 kWh, kter\u00e1 vynik\u00e1 n\u00edzkou hmotnost\u00ed a garantuje dlouh\u00fd dojezd a kr\u00e1tkou dobu nab\u00edjen\u00ed. Astra Sports Tourer dok\u00e1\u017ee ujet a\u017e 413 km (WLTP) bez lok\u00e1ln\u00edch emis\u00ed, jej\u00ed normovan\u00e1 energetick\u00e1 spot\u0159eba tedy \u010din\u00ed jen 15,0 kWh elektrick\u00e9 energie na 100 km j\u00edzdy (WLTP).<\/p>\n<p>Syst\u00e9m rekupera\u010dn\u00edho brzd\u011bn\u00ed zaji\u0161\u0165uje rekuperaci energie b\u011bhem j\u00edzdy. A pokud je t\u0159eba baterii dob\u00edt z vn\u011bj\u0161\u00edho zdroje, znamen\u00e1 to jen kr\u00e1tkou zast\u00e1vku u dob\u00edjec\u00edho stojanu: Na 80 % sv\u00e9 kapacity se baterie Astry Sports Tourer Electric nabije u DC nab\u00edje\u010dky 100 kW b\u011bhem pouh\u00fdch cca 30 minut. Krom\u011b toho je pln\u011b elektrick\u00e1 Astra Sports Tourer s\u00e9riov\u011b vybavena t\u0159\u00edf\u00e1zovou palubn\u00ed nab\u00edje\u010dkou o v\u00fdkonu 11 kW pro nab\u00edjen\u00ed z dom\u00e1c\u00ed s\u00edt\u011b.<\/p>\n<p>Rozm\u011bry Astry Sports Tourer Electric \u010din\u00ed 4,64 x 1,86 x 1,48 m (d x \u0161 x v), manipulaci se zavazadly usnad\u0148uje n\u00edzko polo\u017een\u00e1 hrana zavazadeln\u00edku ve v\u00fd\u0161ce jen 60 cm. Trak\u010dn\u00ed baterie je integrov\u00e1na do podlahov\u00e9 struktury, tak\u017ee neub\u00edr\u00e1 v interi\u00e9ru m\u00edsto pro cestuj\u00edc\u00ed a zavazadla. V z\u00e1kladn\u00edm p\u011btim\u00edstn\u00e9m uspo\u0159\u00e1d\u00e1n\u00ed nab\u00edz\u00ed Astra Sports Tourer Electric prostor pro zavazadla o objemu 516 litr\u016f, po sklopen\u00ed zadn\u00edch sedadel se objem zv\u011bt\u0161\u00ed a\u017e na 1553 litr\u016f. V\u00fdhodou ulo\u017een\u00ed baterie do podlahy je i n\u00edzko polo\u017een\u00e9 t\u011b\u017ei\u0161t\u011b, co\u017e zvy\u0161uje stabilitu j\u00edzdy v zat\u00e1\u010dk\u00e1ch.<\/p>\n<p><strong>Intelli-Drive 2.0, Intelli-Lux LED\u00ae: \u0160pi\u010dkov\u00e9 prvky a u\u017eite\u010dn\u00e9 sady v\u00fdbav<\/strong><\/p>\n<p>Na p\u0159\u00e1n\u00ed montovan\u00fd syst\u00e9m Intelli-Drive 2.0 integruje \u0159adu elektronick\u00fdch asistent\u016f a poprv\u00e9 je kombinuje s poloautomatick\u00fdm syst\u00e9mem j\u00edzdy v pruz\u00edch a inteligentn\u00edm adaptivn\u00edm asistentem. Pokud je zam\u00fd\u0161len\u00fd j\u00edzdn\u00ed pruh voln\u00fd, asistent mal\u00fdmi pohyby volantu navede Astru Sports Tourer Electric do po\u017eadovan\u00e9ho j\u00edzdn\u00edho pruhu.<\/p>\n<p>Krom\u011b senzor\u016f vyu\u017e\u00edv\u00e1 syst\u00e9m Intelli-Drive 2.0 tak\u00e9 informace z okoln\u00edch s\u00edt\u00ed. Komfort a bezpe\u010dnost zejm\u00e9na ano\u010dn\u00edch j\u00edzdy zvy\u0161uj\u00ed tak\u00e9 LED matrixov\u00e9 adaptivn\u00ed sv\u011btlomety Intelli-Lux LED\u00ae Pixel Light s celkem 168 LED elementy. Aby Opel z\u00e1kazn\u00edk\u016fm usnadnil v\u00fdb\u011br v\u00fdbav, p\u0159ipravil pro Astru Sports Tourer Electric praktick\u00e9 sady v\u00fdbav, kter\u00e9 jsou navr\u017eeny tak, aby vyhovovaly r\u016fzn\u00fdm skupin\u00e1m klient\u016f. Nab\u00eddka sah\u00e1 od technick\u00e9 sady se sv\u011btlomety Intelli-Lux LED\u00ae Pixel Light, bezdr\u00e1tov\u00fdm nab\u00edjen\u00edm a st\u0159e\u0161n\u00edmi li\u017einami a\u017e po sadu Comfort s vyh\u0159\u00edv\u00e1n\u00edm sedadel i volantu nebo s elektrick\u00fdm posuvn\u00fdm sklen\u011bn\u00fdm st\u0159e\u0161n\u00edm oknem, vyh\u0159\u00edvan\u00fdm \u010deln\u00edm sklem ThermaTec\u00ae \u010di bezdotykov\u00fdm otv\u00edr\u00e1n\u00edm v\u00edka zavazadlov\u00e9ho prostoru.<\/p>\n<p><img loading=\"lazy\" decoding=\"async\" class=\"alignnone wp-image-96998\" src=\"http:\/\/www.automakersnews.cz\/wp-content\/uploads\/2023\/09\/Opel-Astra-3-small-300x184.jpg\" alt=\"\" width=\"858\" height=\"526\" srcset=\"https:\/\/www.automakersnews.cz\/wp-content\/uploads\/2023\/09\/Opel-Astra-3-small-300x184.jpg 300w, https:\/\/www.automakersnews.cz\/wp-content\/uploads\/2023\/09\/Opel-Astra-3-small-1024x626.jpg 1024w, https:\/\/www.automakersnews.cz\/wp-content\/uploads\/2023\/09\/Opel-Astra-3-small-768x470.jpg 768w, https:\/\/www.automakersnews.cz\/wp-content\/uploads\/2023\/09\/Opel-Astra-3-small.jpg 1200w\" sizes=\"auto, (max-width: 858px) 100vw, 858px\" \/><\/p>\n","protected":false},"excerpt":{"rendered":"<div class=\"mh-excerpt\"><p>Na veletrhu IAA Mobility v Mnichov\u011b (5. a\u017e 10. z\u00e1\u0159\u00ed) p\u0159edv\u00e1d\u00ed Opel ve sv\u011btov\u00e9 premi\u00e9\u0159e Astru Sports Tourer Electric. V\u016fz, jedno z v\u016fbec prvn\u00edch BEV <a class=\"mh-excerpt-more\" href=\"https:\/\/www.automakersnews.cz\/index.php\/2023\/09\/06\/astra-sports-tourer-electric-na-podzim\/\" title=\"Astra Sports Tourer Electric na podzim\">[&#8230;]<\/a><\/p>\n<\/div>","protected":false},"author":4,"featured_media":96997,"comment_status":"open","ping_status":"open","sticky":false,"template":"","format":"standard","meta":{"footnotes":""},"categories":[44,22,70],"tags":[],"class_list":["post-96996","post","type-post","status-publish","format-standard","has-post-thumbnail","hentry","category-ceny-novinek","category-elektromobily","category-veletrhy"],"_links":{"self":[{"href":"https:\/\/www.automakersnews.cz\/index.php\/wp-json\/wp\/v2\/posts\/96996","targetHints":{"allow":["GET"]}}],"collection":[{"href":"https:\/\/www.automakersnews.cz\/index.php\/wp-json\/wp\/v2\/posts"}],"about":[{"href":"https:\/\/www.automakersnews.cz\/index.php\/wp-json\/wp\/v2\/types\/post"}],"author":[{"embeddable":true,"href":"https:\/\/www.automakersnews.cz\/index.php\/wp-json\/wp\/v2\/users\/4"}],"replies":[{"embeddable":true,"href":"https:\/\/www.automakersnews.cz\/index.php\/wp-json\/wp\/v2\/comments?post=96996"}],"version-history":[{"count":0,"href":"https:\/\/www.automakersnews.cz\/index.php\/wp-json\/wp\/v2\/posts\/96996\/revisions"}],"wp:featuredmedia":[{"embeddable":true,"href":"https:\/\/www.automakersnews.cz\/index.php\/wp-json\/wp\/v2\/media\/96997"}],"wp:attachment":[{"href":"https:\/\/www.automakersnews.cz\/index.php\/wp-json\/wp\/v2\/media?parent=96996"}],"wp:term":[{"taxonomy":"category","embeddable":true,"href":"https:\/\/www.automakersnews.cz\/index.php\/wp-json\/wp\/v2\/categories?post=96996"},{"taxonomy":"post_tag","embeddable":true,"href":"https:\/\/www.automakersnews.cz\/index.php\/wp-json\/wp\/v2\/tags?post=96996"}],"curies":[{"name":"wp","href":"https:\/\/api.w.org\/{rel}","templated":true}]}}