{"id":97057,"date":"2023-09-05T12:26:31","date_gmt":"2023-09-05T12:26:31","guid":{"rendered":"https:\/\/www.automakersnews.cz\/?p=97057"},"modified":"2023-09-05T12:29:00","modified_gmt":"2023-09-05T12:29:00","slug":"akce-flotila-roku-letos-v-hradci-kralove","status":"publish","type":"post","link":"https:\/\/www.automakersnews.cz\/index.php\/2023\/09\/05\/akce-flotila-roku-letos-v-hradci-kralove\/","title":{"rendered":"Akce Flotila roku letos v Hradci Kr\u00e1lov\u00e9"},"content":{"rendered":"<p><strong>Vydavatel \u010dasopisu Flotila Martin \u0160idl\u00e1k chyst\u00e1 testovac\u00ed den, kter\u00fd letos po\u0159\u00e1d\u00e1 s LeasePlanem(Drivalia), \u010cEZem a <a href=\"https:\/\/www.linkedin.com\/company\/cesk%C3%A1-leasingov%C3%A1-a-financni-asociace-clfa\/\" data-attribute-index=\"6\" data-entity-type=\"MINI_COMPANY\">\u010ceskou leasingovou a finan\u010dn\u00ed asociac\u00ed (\u010cLFA)<\/a>. Akce Flotila rolu bude 21. z\u00e1\u0159\u00ed v Hradci Kr\u00e1lov\u00e9, \u0161\u00e9fredaktor magaz\u00ednu zavzpom\u00ednal i na sv\u00e9 za\u010d\u00e1tky.<\/strong><!--more--><\/p>\n<p>Na 21.9. v Hradci Kr\u00e1lov\u00e9 slibuje Flotila na 80 nejnov\u011bj\u0161\u00edch model\u016f aut 28 zna\u010dek, z nich\u017e n\u011bkter\u00e9 budou u n\u00e1s v\u016fbec poprv\u00e9. Na ter\u00e9nn\u00edm polygonu v\u00e1s bude hostit Emil Frey.<\/p>\n<p>&#8222;Flotilu vyd\u00e1v\u00e1me spolu se Zde\u0148kem Jaklem u\u017e 13 let, jen o rok m\u00e9n\u011b je s n\u00e1mi i <a href=\"https:\/\/www.linkedin.com\/in\/ACoAAAd2xMsB5BsYaGyWhwzGAeZqBuMAuThdIv4\" data-attribute-index=\"0\" data-entity-type=\"MINI_PROFILE\">Michal \u017d\u010f\u00e1rsk\u00fd<\/a>. Ur\u010dit\u011b byly chv\u00edle, kdy jsem nev\u011bd\u011bl, jak d\u00e1l. Hned dvakr\u00e1t v posledn\u00edch t\u0159ech letech m\u011b cht\u011bl n\u011bkdo podv\u00e9st nebo okr\u00e1st v moment\u011b, kdy usoudil, \u017ee u\u017e jsem ho toho nau\u010dil dost. Ale jak z lacin\u00e9 marketingov\u00e9 p\u0159\u00edru\u010dky &#8211; pr\u00e1v\u011b tohle mi pomohlo to nevzdat a naopak dok\u00e1zat v\u0161em, \u017ee jsme nejv\u011bt\u0161\u00ed a nejlep\u0161\u00ed \ud83d\ude01 \ud83d\udcaa A po\u0159\u00e1d se sna\u017e\u00edme p\u0159id\u00e1vat n\u011bco nov\u00e9ho,&#8220; uvedl Martin na s\u00edti Linkedin.<\/p>\n<p><strong>Zdroj: Martin \u0160idl\u00e1k, LinkedIn<\/strong><\/p>\n<p>&nbsp;<\/p>\n","protected":false},"excerpt":{"rendered":"<div class=\"mh-excerpt\"><p>Vydavatel \u010dasopisu Flotila Martin \u0160idl\u00e1k chyst\u00e1 testovac\u00ed den, kter\u00fd letos po\u0159\u00e1d\u00e1 s LeasePlanem(Drivalia), \u010cEZem a \u010ceskou leasingovou a finan\u010dn\u00ed asociac\u00ed (\u010cLFA). Akce Flotila rolu bude <a class=\"mh-excerpt-more\" href=\"https:\/\/www.automakersnews.cz\/index.php\/2023\/09\/05\/akce-flotila-roku-letos-v-hradci-kralove\/\" title=\"Akce Flotila roku letos v Hradci Kr\u00e1lov\u00e9\">[&#8230;]<\/a><\/p>\n<\/div>","protected":false},"author":1,"featured_media":5307,"comment_status":"open","ping_status":"open","sticky":false,"template":"","format":"standard","meta":{"footnotes":""},"categories":[10,25,27],"tags":[],"class_list":["post-97057","post","type-post","status-publish","format-standard","has-post-thumbnail","hentry","category-eventy","category-fleety","category-media"],"_links":{"self":[{"href":"https:\/\/www.automakersnews.cz\/index.php\/wp-json\/wp\/v2\/posts\/97057","targetHints":{"allow":["GET"]}}],"collection":[{"href":"https:\/\/www.automakersnews.cz\/index.php\/wp-json\/wp\/v2\/posts"}],"about":[{"href":"https:\/\/www.automakersnews.cz\/index.php\/wp-json\/wp\/v2\/types\/post"}],"author":[{"embeddable":true,"href":"https:\/\/www.automakersnews.cz\/index.php\/wp-json\/wp\/v2\/users\/1"}],"replies":[{"embeddable":true,"href":"https:\/\/www.automakersnews.cz\/index.php\/wp-json\/wp\/v2\/comments?post=97057"}],"version-history":[{"count":0,"href":"https:\/\/www.automakersnews.cz\/index.php\/wp-json\/wp\/v2\/posts\/97057\/revisions"}],"wp:featuredmedia":[{"embeddable":true,"href":"https:\/\/www.automakersnews.cz\/index.php\/wp-json\/wp\/v2\/media\/5307"}],"wp:attachment":[{"href":"https:\/\/www.automakersnews.cz\/index.php\/wp-json\/wp\/v2\/media?parent=97057"}],"wp:term":[{"taxonomy":"category","embeddable":true,"href":"https:\/\/www.automakersnews.cz\/index.php\/wp-json\/wp\/v2\/categories?post=97057"},{"taxonomy":"post_tag","embeddable":true,"href":"https:\/\/www.automakersnews.cz\/index.php\/wp-json\/wp\/v2\/tags?post=97057"}],"curies":[{"name":"wp","href":"https:\/\/api.w.org\/{rel}","templated":true}]}}