{"id":97519,"date":"2023-09-06T06:23:01","date_gmt":"2023-09-06T06:23:01","guid":{"rendered":"https:\/\/www.automakersnews.cz\/?p=97519"},"modified":"2023-09-06T07:32:02","modified_gmt":"2023-09-06T07:32:02","slug":"v-mnichove-zacala-vystava-iaa-mobility","status":"publish","type":"post","link":"https:\/\/www.automakersnews.cz\/index.php\/2023\/09\/06\/v-mnichove-zacala-vystava-iaa-mobility\/","title":{"rendered":"V Mnichov\u011b za\u010dala v\u00fdstava IAA Mobility"},"content":{"rendered":"<div class=\"ogm-container _60116e91fef1d683d7e3e83c\">\n<div class=\"e_hU\" data-e2e=\"ogm-article-layout\">\n<article class=\"e_iB\" role=\"article\" aria-labelledby=\"accessibility-article\">\n<div class=\"e_iC\" data-dot=\"ogm-article-content\">\n<div class=\"c_ey mol-rich-content--for-article\">\n<div class=\"c_aK speakable\" data-dot=\"mol-paragraph\">\n<p class=\"b_aK\"><span class=\"atm-text-decorator\"><strong>Mnichov host\u00ed od 5. z\u00e1\u0159\u00ed autosalon IAA Mobility, kter\u00fd se prezentuje hlavn\u011b jako akce pro elektrickou mobilitu. Letos tam vystavuj\u00ed tradi\u010dn\u011b hlavn\u011b N\u011bmci, ale uk\u00e1zala se tak\u00e9 \u0159ada \u010d\u00ednsk\u00fdch zna\u010dek. Co je k vid\u011bn\u00ed? Situaci popsal port\u00e1l Auto.cz.<\/strong><br \/>\n<\/span><\/p>\n<\/div>\n<\/div>\n<\/div>\n<\/article>\n<\/div>\n<\/div>\n<p><!--more--><\/p>\n<p>Jedn\u00edm z nejv\u011bt\u0161\u00edch tah\u00e1k\u016f autosalonu se stala premi\u00e9ra konceptu <a href=\"https:\/\/www.auto.cz\/nove-bmw-neue-klasse-bude-v-roce-2025-bude-mit-minimalisticky-design-i-novy-elektropohon-149866\">BMW Neue Klasse<\/a>, kter\u00fd m\u00e1 p\u0159edstavovat budoucnost zna\u010dky. Koncept s\u00e1z\u00ed na minimalistick\u00fd design a po\u010d\u00edt\u00e1 s\u00a0novou generac\u00ed elektrick\u00e9ho pohonu, kter\u00e1 nab\u00eddne a\u017e o 25 procent vy\u0161\u0161\u00ed \u00fa\u010dinnost vozu a a\u017e o 30 procent del\u0161\u00ed dojezd. Pobyt na palub\u011b by m\u011bla zp\u0159\u00edjemnit nov\u00e1 generace syst\u00e9mu iDrive. Na silnice by m\u011bla novinka vyrazit v\u00a0roce 2025.<\/p>\n<p>Svou premi\u00e9ru zde v\u0161ak maj\u00ed i nov\u00e9 modely zna\u010dky <strong>Mini<\/strong>. <a href=\"https:\/\/www.auto.cz\/nove-mini-countryman-je-vetsi-nez-kdy-drive-a-jen-elektricke-149858\">Crossover Countryman<\/a> s\u00e1z\u00ed na hranat\u011bj\u0161\u00ed design, v\u010detn\u011b n\u011bkolika styl\u016f sv\u011bteln\u00e9ho podpisu. V\u00a0interi\u00e9ru z\u016fst\u00e1v\u00e1 charakteristick\u00fd st\u0159edov\u00fd displej, kter\u00fd se nau\u010dil \u0159adu nov\u00fdch funkc\u00ed. Technika je sd\u00edlen\u00e1 s\u00a0BMW iX1, pod kapotou tedy najdeme elektrick\u00e9 pohonn\u00e9 \u00fastroj\u00ed. Na elekt\u0159inu s\u00e1z\u00ed i nov\u00fd <a href=\"https:\/\/www.autorevue.cz\/dve-nabite-novinky-mini-uz-vubec-nejsou-male-cooper-i-countryman-maji-uvnitr-diskoteku\">Mini Cooper<\/a> v\u00a0p\u00e1t\u00e9 generaci, kter\u00fd rovn\u011b\u017e citeln\u011b povyrostl, kulat\u00e9ho stylu a sv\u011btel se v\u0161ak nevzdal.<\/p>\n<p><strong>Volkswagen<\/strong> se na autosalonu pochlubil viz\u00ed ostr\u00e9ho hatchbacku budoucnosti, jak jinak ne\u017e s\u00a0elektrick\u00fdm pohonem, kter\u00fd vych\u00e1z\u00ed z\u00a0konceptu VW ID. 2all. Novinka s\u00a0ozna\u010den\u00edm <a href=\"https:\/\/www.auto.cz\/volkswagen-predstavil-koncept-gti-pro-dobu-elektrickou-v-prodeji-bude-od-roku-2027-149874\">ID. GTI Concept<\/a> nab\u00eddne jeden elektromotor, sportovn\u00ed vzhled a v\u00a0produk\u010dn\u00ed verzi m\u00e1 b\u00fdt p\u0159edstavena v\u00a0roce 2026. Svou velikost\u00ed by se p\u0159itom nov\u00fd model mohl za\u0159adit mezi Polo a Golf.<\/p>\n<p><strong>Mercedes-Benz All Terrain<\/strong><\/p>\n<div class=\"art-link box--white mb-15\">\n<article class=\"list-article list-article--h-mini-b \" data-track-element-id=\"articleBodyList-149642\" data-track-list=\"{&quot;item&quot;: {&quot;elementId&quot;:&quot;ArticleBodyList-149642&quot;,&quot;type&quot;:&quot;article&quot;,&quot;list&quot;:&quot;ArticleBodyList&quot;,&quot;systemId&quot;:&quot;auto&quot;,&quot;id&quot;:&quot;149642&quot;,&quot;versionId&quot;:&quot;1693980917&quot;,&quot;title&quot;:&quot;Veletrh IAA Mobility v Mnichov\u011b se bl\u00ed\u017e\u00ed! Bude na\u0161lapan\u00fd, ceny vstupn\u00e9ho zar\u00e1\u017e\u00ed&quot;,&quot;url&quot;:&quot;https:\/\/www.auto.cz\/veletrh-iaa-mobility-v-mnichove-se-blizi-bude-naslapany-ceny-vstupneho-zarazi-149642&quot;,&quot;colset&quot;:&quot;&quot;,&quot;category&quot;:[&quot;Tituln\u00ed strana&quot;,&quot;Novinky&quot;],&quot;premium&quot;:false,&quot;source&quot;:&quot;siteLatest&quot;} }\">\n<div class=\"list-article__left\">Zaj\u00edmav\u00e9 novinky p\u0159edstavila rovn\u011b\u017e zna\u010dka <strong>Mercedes-Benz<\/strong>. Ta p\u0159ivezla produk\u010dn\u00ed model t\u0159\u00eddy E All-Terrain, tedy elegantn\u00ed komb\u00edk v\u00a0pohork\u00e1ch, op\u011bt rozv\u00ed\u0159ila zv\u011bsti o v\u00fdvoji men\u0161\u00edho modelu t\u0159\u00eddy G a vyvezla nov\u00fd elektrick\u00fd koncept t\u0159\u00eddy CLA, kter\u00fd by nem\u011bl m\u00edt daleko k\u00a0produk\u010dn\u00ed podob\u011b.<\/div>\n<\/article>\n<\/div>\n<p>Koncept kompaktn\u00edho elektromobilu, zhruba ekvivalentu t\u0159\u00eddy C, s\u00e1z\u00ed na aerodynamick\u00fd design, evidentn\u011b inspirovan\u00fd konceptem Vision EQXX. Z\u00e1kladem je platforma MMA, vzadu by pak m\u011bl b\u00fdt um\u00edst\u011bn elektromotor o v\u00fdkonu 175 kW. Velikost baterie sice zna\u010dka nezve\u0159ejnila, dojezd by se v\u0161ak m\u011bl pohybovat a\u017e kolem 750 kilometr\u016f. D\u00edky 800V architektu\u0159e p\u0159itom m\u016f\u017eeme o\u010dek\u00e1vat i rychl\u00e9 dob\u00edjen\u00ed a podporu pos\u00edl\u00e1n\u00ed elektrick\u00e9 energie z vozu do dom\u00e1cnosti \u010di do s\u00edt\u011b.<\/p>\n<p><strong>Renault p\u0159edv\u00e1d\u00ed Sc\u00e9nic E-Tech<\/strong><\/p>\n<div class=\"art-link box--white mb-15\">\n<article class=\"list-article list-article--h-mini-b \" data-track-element-id=\"articleBodyList-149319\" data-track-list=\"{&quot;item&quot;: {&quot;elementId&quot;:&quot;ArticleBodyList-149319&quot;,&quot;type&quot;:&quot;article&quot;,&quot;list&quot;:&quot;ArticleBodyList&quot;,&quot;systemId&quot;:&quot;autorevue&quot;,&quot;id&quot;:&quot;149319&quot;,&quot;versionId&quot;:&quot;1693980917&quot;,&quot;title&quot;:&quot;Autosalon \u017deneva se vr\u00e1t\u00ed! Organiz\u00e1to\u0159i si to dob\u0159e pojistili&quot;,&quot;url&quot;:&quot;https:\/\/www.autorevue.cz\/autosalon-zeneva-se-vrati-v-obvyklem-terminu-organizatori-si-to-velmi-dobre-pojistili&quot;,&quot;colset&quot;:&quot;&quot;,&quot;category&quot;:[&quot;Tituln\u00ed strana&quot;,&quot;Novinky&quot;,&quot;AutoRevue&quot;],&quot;premium&quot;:false,&quot;source&quot;:&quot;siteLatest&quot;} }\">\n<div class=\"list-article__left\">Francouzsk\u00e1 zna\u010dka <strong>Renault<\/strong> si pro mnichovsk\u00fd autosalon p\u0159ipravila premi\u00e9ru modelu <a href=\"https:\/\/www.auto.cz\/renault-scenic-e-tech-oficialne-vyhradne-na-elektrinu-a-se-stylem-suv-149863\">Sc\u00e9nic E-Tech<\/a>, kter\u00fd ozna\u010duje jako elektromobil pro rodinu se stylem SUV. D\u00edky elektrick\u00e9 architektu\u0159e by m\u011bl v\u016fz nab\u00eddnout bohat\u00fd vnit\u0159n\u00ed prostor, v\u010detn\u011b chytr\u00fdch \u00falo\u017en\u00fdch p\u0159ihr\u00e1dek, a chyb\u011bt nebudou ani inovativn\u00ed modern\u00ed technologie. K\u00a0dispozici budou dv\u011b verze elektrick\u00e9ho pohonn\u00e9ho syst\u00e9mu, p\u0159i\u010dem\u017e v\u00fdkonn\u011bj\u0161\u00ed slibuje v\u00fdkon 160 kW, dojezd p\u0159es 620 km a nab\u00edjen\u00ed p\u0159i v\u00fdkonu p\u0159es 150 kW.<\/div>\n<\/article>\n<\/div>\n<p>V\u00a0Mnichov\u011b se ov\u0161em na\u017eivo uk\u00e1zal rovn\u011b\u017e koncept <a href=\"https:\/\/www.autorevue.cz\/takto-vypada-budoucnost-opelu-interier-uz-nemohl-byt-prehlednejsi\">Opel Experimental<\/a>, Tesla p\u0159ivezla modernizovan\u00fd <a href=\"https:\/\/www.auto.cz\/oblibena-tesla-model-3-prosla-modernizaci-ma-ujet-az-678-km-149843\">Model 3<\/a> a zna\u010dka MG p\u0159edstavila svou \u0161irokou modelovou paletu, v\u010detn\u011b extr\u00e9mn\u00edho roadsteru <a href=\"https:\/\/www.auto.cz\/sportak-mg-cyberster-ma-oficialni-specifikaci-rychlost-je-extremni-dojezd-tak-akorat-149806\">Cyberster<\/a>.<\/p>\n<p><strong>Zdroj: auto.cz, archiv<\/strong><\/p>\n<p><img loading=\"lazy\" decoding=\"async\" class=\"alignnone size-full wp-image-97516\" src=\"http:\/\/www.automakersnews.cz\/wp-content\/uploads\/2023\/09\/Cyberster_front.png\" alt=\"\" width=\"640\" height=\"360\" srcset=\"https:\/\/www.automakersnews.cz\/wp-content\/uploads\/2023\/09\/Cyberster_front.png 640w, https:\/\/www.automakersnews.cz\/wp-content\/uploads\/2023\/09\/Cyberster_front-300x169.png 300w\" sizes=\"auto, (max-width: 640px) 100vw, 640px\" \/><\/p>\n","protected":false},"excerpt":{"rendered":"<div class=\"mh-excerpt\"><p>Mnichov host\u00ed od 5. z\u00e1\u0159\u00ed autosalon IAA Mobility, kter\u00fd se prezentuje hlavn\u011b jako akce pro elektrickou mobilitu. Letos tam vystavuj\u00ed tradi\u010dn\u011b hlavn\u011b N\u011bmci, ale uk\u00e1zala <a class=\"mh-excerpt-more\" href=\"https:\/\/www.automakersnews.cz\/index.php\/2023\/09\/06\/v-mnichove-zacala-vystava-iaa-mobility\/\" title=\"V Mnichov\u011b za\u010dala v\u00fdstava IAA Mobility\">[&#8230;]<\/a><\/p>\n<\/div>","protected":false},"author":1,"featured_media":97521,"comment_status":"open","ping_status":"open","sticky":false,"template":"","format":"standard","meta":{"footnotes":""},"categories":[55,28],"tags":[],"class_list":["post-97519","post","type-post","status-publish","format-standard","has-post-thumbnail","hentry","category-alternativni-pohony","category-vystavy"],"_links":{"self":[{"href":"https:\/\/www.automakersnews.cz\/index.php\/wp-json\/wp\/v2\/posts\/97519","targetHints":{"allow":["GET"]}}],"collection":[{"href":"https:\/\/www.automakersnews.cz\/index.php\/wp-json\/wp\/v2\/posts"}],"about":[{"href":"https:\/\/www.automakersnews.cz\/index.php\/wp-json\/wp\/v2\/types\/post"}],"author":[{"embeddable":true,"href":"https:\/\/www.automakersnews.cz\/index.php\/wp-json\/wp\/v2\/users\/1"}],"replies":[{"embeddable":true,"href":"https:\/\/www.automakersnews.cz\/index.php\/wp-json\/wp\/v2\/comments?post=97519"}],"version-history":[{"count":0,"href":"https:\/\/www.automakersnews.cz\/index.php\/wp-json\/wp\/v2\/posts\/97519\/revisions"}],"wp:featuredmedia":[{"embeddable":true,"href":"https:\/\/www.automakersnews.cz\/index.php\/wp-json\/wp\/v2\/media\/97521"}],"wp:attachment":[{"href":"https:\/\/www.automakersnews.cz\/index.php\/wp-json\/wp\/v2\/media?parent=97519"}],"wp:term":[{"taxonomy":"category","embeddable":true,"href":"https:\/\/www.automakersnews.cz\/index.php\/wp-json\/wp\/v2\/categories?post=97519"},{"taxonomy":"post_tag","embeddable":true,"href":"https:\/\/www.automakersnews.cz\/index.php\/wp-json\/wp\/v2\/tags?post=97519"}],"curies":[{"name":"wp","href":"https:\/\/api.w.org\/{rel}","templated":true}]}}