{"id":97621,"date":"2023-09-07T05:55:24","date_gmt":"2023-09-07T05:55:24","guid":{"rendered":"https:\/\/www.automakersnews.cz\/?p=97621"},"modified":"2023-09-07T05:55:24","modified_gmt":"2023-09-07T05:55:24","slug":"scania-otevira-montazni-linku-na-baterie","status":"publish","type":"post","link":"https:\/\/www.automakersnews.cz\/index.php\/2023\/09\/07\/scania-otevira-montazni-linku-na-baterie\/","title":{"rendered":"Scania otev\u00edr\u00e1 mont\u00e1\u017en\u00ed linku na baterie"},"content":{"rendered":"<p><strong>Scania ve sv\u00e9m \u0161v\u00e9dsk\u00e9m s\u00eddle v S\u00f6dert\u00e4lje slavnostn\u011b zah\u00e1jila mont\u00e1\u017e akumul\u00e1tor\u016f pro bateriov\u00e1 elektrick\u00e1 vozidla. Zah\u00e1jen\u00ed provozu v nov\u00e9m z\u00e1vod\u011b umo\u017e\u0148uje s\u00e9riovou v\u00fdrobu v\u00fdkonn\u00fdch n\u00e1kladn\u00edch elektromobil\u016f.<\/strong><!--more--><\/p>\n<p>\u201eJsem nesm\u00edrn\u011b hrd\u00fd na v\u0161echny kolegy, kte\u0159\u00ed se sv\u00fdm srdcem a umem na zprovozn\u011bn\u00ed linky pod\u00edleli. Na\u0161\u00edm c\u00edlem ve spole\u010dnosti Scania je podpora p\u0159echodu na udr\u017eiteln\u00fd p\u0159epravn\u00ed syst\u00e9m. Zprovozn\u011bn\u00edm mont\u00e1\u017e\u00ed akumul\u00e1tor\u016f jsme dos\u00e1hli jednoho z kl\u00ed\u010dov\u00fdch faktor\u016f umo\u017e\u0148uj\u00edc\u00edch urychlit p\u0159echod na elektrifikaci,&#8220; \u0159\u00edk\u00e1 Christian Levin, prezident a gener\u00e1ln\u00ed \u0159editel spole\u010dnost\u00ed Scania a TRATON Group.<\/p>\n<p><strong>Mont\u00e1\u017e v\u00fdkonn\u00fdch bateri\u00ed ur\u010den\u00fdch pro n\u00e1kladn\u00ed vozidla<\/strong><\/p>\n<p>V roce 2030 maj\u00ed b\u00fdt prodeje spole\u010dnosti Scania z 50 % tvo\u0159eny elektrick\u00fdmi vozidly. V del\u0161\u00edm \u010dasov\u00e9m horizontu bude mo\u017en\u00e9 elektrifikovat ka\u017ed\u00fd typ dopravy. \u201eP\u0159echod na elektrifikovan\u00e1 \u0159e\u0161en\u00ed znamen\u00e1 nejv\u011bt\u0161\u00ed transformaci v historii dopravy a roku 2023 skute\u010dn\u011b za\u010d\u00edn\u00e1. Prokazateln\u00e9 miln\u00edky t\u00e9to transformace p\u0159ich\u00e1zej\u00ed jeden za druh\u00fdm a investice 1,5 miliardy SEK do tohoto mont\u00e1\u017en\u00edho provozu je jedn\u00edm z nich,&#8220; pokra\u010duje Levin.<\/p>\n<p>V dubnu p\u0159edstavily spole\u010dnosti Scania a Northvolt spole\u010dn\u011b vyvinut\u00fd bateriov\u00fd \u010dl\u00e1nek, speci\u00e1ln\u011b navr\u017een\u00fd pro t\u011b\u017ekou n\u00e1kladn\u00ed dopravu s vynikaj\u00edc\u00edmi parametry a jedine\u010dn\u011b n\u00edzkou uhl\u00edkovou stopou. \u010cl\u00e1nek se vyr\u00e1b\u00ed v gigafactory Northvolt ETT v severn\u00edm \u0160v\u00e9dsku a od 5. z\u00e1\u0159\u00ed se bude montovat do sad v nov\u00e9m z\u00e1vod\u011b v S\u00f6dert\u00e4lje o rozloze 18 000 m2, co\u017e umo\u017en\u00ed zah\u00e1jen\u00ed s\u00e9riov\u00e9 v\u00fdroby pr\u00e9miov\u00fdch elektrick\u00fdch n\u00e1kladn\u00edch vozidel Scania pro region\u00e1ln\u00ed dopravu.<\/p>\n<p><strong>Umo\u017en\u011bn\u00ed velkos\u00e9riov\u00e9 v\u00fdroby elektrick\u00fdch vozidel <\/strong><\/p>\n<p>Um\u00edst\u011bn\u00edm mont\u00e1\u017en\u00edho z\u00e1vodu v sousedstv\u00ed podvozkov\u00e9 linky v S\u00f6dert\u00e4lje, kter\u00e1 byla letos v l\u00e9t\u011b p\u0159estav\u011bna pro velkos\u00e9riovou v\u00fdrobu elektrick\u00fdch vozidel, byly vytvo\u0159eny podm\u00ednky pro rychl\u00e9 a efektivn\u00ed v\u00fdrobn\u00ed toky. Z\u00e1vod mont\u00e1\u017ee akumul\u00e1tor\u016f je od p\u0159\u00edjmu zbo\u017e\u00ed p\u0159es v\u00fdrobu a\u017e po dod\u00e1n\u00ed vysoce automatizovan\u00fd a zam\u011bstn\u00e1 550 pracovn\u00edk\u016f spole\u010dnosti Scania.<\/p>\n<p>\u201eI p\u0159es rychle se m\u011bn\u00edc\u00ed podnikatelsk\u00e9 prost\u0159ed\u00ed st\u00e1le plat\u00ed n\u00e1\u0161 slib, \u017ee na\u0161i z\u00e1kazn\u00edci budou v\u017edy na prvn\u00edm m\u00edst\u011b. B\u00fdt pr\u00e9miov\u00ed znamen\u00e1, \u017ee dod\u00e1v\u00e1me \u0159e\u0161en\u00ed, kter\u00e1 jsou nejkvalitn\u011bj\u0161\u00ed a udr\u017eiteln\u00e1. \u010cl\u00e1nek, kter\u00fd se nyn\u00ed montuje do modul\u016f a tzv. battery pack\u016f, je toho dokonal\u00fdm p\u0159\u00edkladem. Jeho schopnost poh\u00e1n\u011bt n\u00e1kladn\u00ed automobily po dobu 1,5 milionu kilometr\u016f odpov\u00edd\u00e1 \u017eivotnosti n\u00e1kladn\u00edho vozidla. Je n\u00e1m ct\u00ed, \u017ee m\u016f\u017eeme spole\u010dn\u011b se v\u0161emi na\u0161imi partnery a z\u00e1kazn\u00edky motorem t\u00e9to obrovsk\u00e9 zm\u011bny,&#8220; \u0159\u00edk\u00e1 Marcus Holm, vedouc\u00ed v\u00fdroby a logistiky spole\u010dnosti Scania.<\/p>\n","protected":false},"excerpt":{"rendered":"<div class=\"mh-excerpt\"><p>Scania ve sv\u00e9m \u0161v\u00e9dsk\u00e9m s\u00eddle v S\u00f6dert\u00e4lje slavnostn\u011b zah\u00e1jila mont\u00e1\u017e akumul\u00e1tor\u016f pro bateriov\u00e1 elektrick\u00e1 vozidla. Zah\u00e1jen\u00ed provozu v nov\u00e9m z\u00e1vod\u011b umo\u017e\u0148uje s\u00e9riovou v\u00fdrobu v\u00fdkonn\u00fdch n\u00e1kladn\u00edch <a class=\"mh-excerpt-more\" href=\"https:\/\/www.automakersnews.cz\/index.php\/2023\/09\/07\/scania-otevira-montazni-linku-na-baterie\/\" title=\"Scania otev\u00edr\u00e1 mont\u00e1\u017en\u00ed linku na baterie\">[&#8230;]<\/a><\/p>\n<\/div>","protected":false},"author":4,"featured_media":97622,"comment_status":"open","ping_status":"open","sticky":false,"template":"","format":"standard","meta":{"footnotes":""},"categories":[22,33],"tags":[],"class_list":["post-97621","post","type-post","status-publish","format-standard","has-post-thumbnail","hentry","category-elektromobily","category-vyrobci"],"_links":{"self":[{"href":"https:\/\/www.automakersnews.cz\/index.php\/wp-json\/wp\/v2\/posts\/97621","targetHints":{"allow":["GET"]}}],"collection":[{"href":"https:\/\/www.automakersnews.cz\/index.php\/wp-json\/wp\/v2\/posts"}],"about":[{"href":"https:\/\/www.automakersnews.cz\/index.php\/wp-json\/wp\/v2\/types\/post"}],"author":[{"embeddable":true,"href":"https:\/\/www.automakersnews.cz\/index.php\/wp-json\/wp\/v2\/users\/4"}],"replies":[{"embeddable":true,"href":"https:\/\/www.automakersnews.cz\/index.php\/wp-json\/wp\/v2\/comments?post=97621"}],"version-history":[{"count":0,"href":"https:\/\/www.automakersnews.cz\/index.php\/wp-json\/wp\/v2\/posts\/97621\/revisions"}],"wp:featuredmedia":[{"embeddable":true,"href":"https:\/\/www.automakersnews.cz\/index.php\/wp-json\/wp\/v2\/media\/97622"}],"wp:attachment":[{"href":"https:\/\/www.automakersnews.cz\/index.php\/wp-json\/wp\/v2\/media?parent=97621"}],"wp:term":[{"taxonomy":"category","embeddable":true,"href":"https:\/\/www.automakersnews.cz\/index.php\/wp-json\/wp\/v2\/categories?post=97621"},{"taxonomy":"post_tag","embeddable":true,"href":"https:\/\/www.automakersnews.cz\/index.php\/wp-json\/wp\/v2\/tags?post=97621"}],"curies":[{"name":"wp","href":"https:\/\/api.w.org\/{rel}","templated":true}]}}