{"id":98277,"date":"2023-09-07T11:55:52","date_gmt":"2023-09-07T11:55:52","guid":{"rendered":"https:\/\/www.automakersnews.cz\/?p=98277"},"modified":"2023-09-07T11:55:52","modified_gmt":"2023-09-07T11:55:52","slug":"znacka-ds-opet-na-czech-design-weeku","status":"publish","type":"post","link":"https:\/\/www.automakersnews.cz\/index.php\/2023\/09\/07\/znacka-ds-opet-na-czech-design-weeku\/","title":{"rendered":"Zna\u010dka DS op\u011bt na Czech Design Weeku"},"content":{"rendered":"<p><strong>Zna\u010dka DS Automobiles je letos op\u011bt partnerem Festivalu Czech Design Week. P\u0159ed galeri\u00ed M\u00e1nes, kde tento sv\u00e1tek designu prob\u00edh\u00e1 7.-10. z\u00e1\u0159\u00ed, m\u016f\u017eou n\u00e1v\u0161t\u011bvn\u00edci obdivovat i luxusn\u00ed model DS 4.<\/strong><!--more--><\/p>\n<p>Ten zna\u010dka ned\u00e1vno uvedla v limitovan\u00e9 kolekci ESPRIT DE VOYAGE. Czech Design Week v M\u00e1nesu v Pra\u017esk\u00e9 v\u00fdstavn\u00ed s\u00edni je ka\u017edoro\u010dn\u00ed um\u011bleck\u00e1 prodejn\u00ed p\u0159ehl\u00eddka, kter\u00e1 p\u0159edstavuje \u010desk\u00e9 i zahrani\u010dn\u00ed design\u00e9ry a jejich nejnov\u011bj\u0161\u00ed tvorbu.<\/p>\n<p><img loading=\"lazy\" decoding=\"async\" class=\"alignnone size-large wp-image-98280\" src=\"http:\/\/www.automakersnews.cz\/wp-content\/uploads\/2023\/09\/Czech-Design-Week-X-DS-auto-v-lomu-11-1024x683.jpg\" alt=\"\" width=\"1024\" height=\"683\" srcset=\"https:\/\/www.automakersnews.cz\/wp-content\/uploads\/2023\/09\/Czech-Design-Week-X-DS-auto-v-lomu-11-1024x683.jpg 1024w, https:\/\/www.automakersnews.cz\/wp-content\/uploads\/2023\/09\/Czech-Design-Week-X-DS-auto-v-lomu-11-300x200.jpg 300w, https:\/\/www.automakersnews.cz\/wp-content\/uploads\/2023\/09\/Czech-Design-Week-X-DS-auto-v-lomu-11-768x512.jpg 768w, https:\/\/www.automakersnews.cz\/wp-content\/uploads\/2023\/09\/Czech-Design-Week-X-DS-auto-v-lomu-11-1536x1025.jpg 1536w, https:\/\/www.automakersnews.cz\/wp-content\/uploads\/2023\/09\/Czech-Design-Week-X-DS-auto-v-lomu-11.jpg 2000w\" sizes=\"auto, (max-width: 1024px) 100vw, 1024px\" \/><\/p>\n","protected":false},"excerpt":{"rendered":"<div class=\"mh-excerpt\"><p>Zna\u010dka DS Automobiles je letos op\u011bt partnerem Festivalu Czech Design Week. P\u0159ed galeri\u00ed M\u00e1nes, kde tento sv\u00e1tek designu prob\u00edh\u00e1 7.-10. z\u00e1\u0159\u00ed, m\u016f\u017eou n\u00e1v\u0161t\u011bvn\u00edci obdivovat i <a class=\"mh-excerpt-more\" href=\"https:\/\/www.automakersnews.cz\/index.php\/2023\/09\/07\/znacka-ds-opet-na-czech-design-weeku\/\" title=\"Zna\u010dka DS op\u011bt na Czech Design Weeku\">[&#8230;]<\/a><\/p>\n<\/div>","protected":false},"author":1,"featured_media":98279,"comment_status":"open","ping_status":"open","sticky":false,"template":"","format":"standard","meta":{"footnotes":""},"categories":[19,70],"tags":[],"class_list":["post-98277","post","type-post","status-publish","format-standard","has-post-thumbnail","hentry","category-design","category-veletrhy"],"_links":{"self":[{"href":"https:\/\/www.automakersnews.cz\/index.php\/wp-json\/wp\/v2\/posts\/98277","targetHints":{"allow":["GET"]}}],"collection":[{"href":"https:\/\/www.automakersnews.cz\/index.php\/wp-json\/wp\/v2\/posts"}],"about":[{"href":"https:\/\/www.automakersnews.cz\/index.php\/wp-json\/wp\/v2\/types\/post"}],"author":[{"embeddable":true,"href":"https:\/\/www.automakersnews.cz\/index.php\/wp-json\/wp\/v2\/users\/1"}],"replies":[{"embeddable":true,"href":"https:\/\/www.automakersnews.cz\/index.php\/wp-json\/wp\/v2\/comments?post=98277"}],"version-history":[{"count":0,"href":"https:\/\/www.automakersnews.cz\/index.php\/wp-json\/wp\/v2\/posts\/98277\/revisions"}],"wp:featuredmedia":[{"embeddable":true,"href":"https:\/\/www.automakersnews.cz\/index.php\/wp-json\/wp\/v2\/media\/98279"}],"wp:attachment":[{"href":"https:\/\/www.automakersnews.cz\/index.php\/wp-json\/wp\/v2\/media?parent=98277"}],"wp:term":[{"taxonomy":"category","embeddable":true,"href":"https:\/\/www.automakersnews.cz\/index.php\/wp-json\/wp\/v2\/categories?post=98277"},{"taxonomy":"post_tag","embeddable":true,"href":"https:\/\/www.automakersnews.cz\/index.php\/wp-json\/wp\/v2\/tags?post=98277"}],"curies":[{"name":"wp","href":"https:\/\/api.w.org\/{rel}","templated":true}]}}