{"id":98311,"date":"2023-09-07T12:22:44","date_gmt":"2023-09-07T12:22:44","guid":{"rendered":"https:\/\/www.automakersnews.cz\/?p=98311"},"modified":"2023-09-07T14:03:33","modified_gmt":"2023-09-07T14:03:33","slug":"exmanazer-autopalace-svec-na-nove-pozici","status":"publish","type":"post","link":"https:\/\/www.automakersnews.cz\/index.php\/2023\/09\/07\/exmanazer-autopalace-svec-na-nove-pozici\/","title":{"rendered":"Ex\u0161\u00e9f AutoPalace \u0160vec na nov\u00e9 pozici"},"content":{"rendered":"<p><strong>Ze skupiny AutoPalace letos na ja\u0159e ode\u0161el Franti\u0161ek \u0160vec, kter\u00fd vedl obchodn\u00ed aktivity v\u0161ech dealersk\u00fdch pobo\u010dek skupiny\u00a0 v \u010cR a SR. V srpnu se objevil na nov\u00e9 pozici u konkurence.<\/strong><!--more--><span id=\"more-140688\"><\/span><\/p>\n<p>Franti\u0161ek \u0160vec, v oboru d\u0159\u00edve zn\u00e1m\u00fd p\u0159edev\u0161\u00edm z p\u016fsoben\u00ed v AAA Auto, byl v AutoPalace slavnostn\u011b p\u0159edstaven jako nov\u00fd \u0161\u00e9f v \u010dervnu 2021 v r\u00e1mci programu v\u00fdro\u010dn\u00ed konference \u0159editel\u016f v\u0161ech pobo\u010dek skupiny Auto Palace, kter\u00e1 se uskute\u010dnila v dealerstv\u00ed v Karlov\u00fdch Varech.<\/p>\n<p>P\u0159evzal tehdy veden\u00ed automobilov\u00e9 dealersk\u00e9 skupiny od Karla Kloudy, dlouholet\u00e9ho jednatele v\u0161ech spole\u010dnost\u00ed Auto Palace Group. Ale vydr\u017eel jen dva roky. Letos v kv\u011btnu AP opustil, firma k tomu nezve\u0159ejnila \u017e\u00e1dnou tiskovou zpr\u00e1vu. Jeho pravomoci p\u0159evzala person\u00e1ln\u00ed \u0161\u00e9fka firmy.<\/p>\n<p>V l\u00e9t\u011b se Franti\u0161ek \u0160vec objevil na mana\u017eersk\u00e9 pozici v Opat Group. Co tam d\u011bl\u00e1?\u00a0 Nen\u00ed ji\u017e v roli mana\u017eera automotive, star\u00e1 se jako konzultant o nemovitosti ve skupin\u011b.<\/p>\n<p>&nbsp;<\/p>\n<p>&nbsp;<\/p>\n","protected":false},"excerpt":{"rendered":"<div class=\"mh-excerpt\"><p>Ze skupiny AutoPalace letos na ja\u0159e ode\u0161el Franti\u0161ek \u0160vec, kter\u00fd vedl obchodn\u00ed aktivity v\u0161ech dealersk\u00fdch pobo\u010dek skupiny\u00a0 v \u010cR a SR. V srpnu se objevil <a class=\"mh-excerpt-more\" href=\"https:\/\/www.automakersnews.cz\/index.php\/2023\/09\/07\/exmanazer-autopalace-svec-na-nove-pozici\/\" title=\"Ex\u0161\u00e9f AutoPalace \u0160vec na nov\u00e9 pozici\">[&#8230;]<\/a><\/p>\n<\/div>","protected":false},"author":1,"featured_media":22660,"comment_status":"open","ping_status":"open","sticky":false,"template":"","format":"standard","meta":{"footnotes":""},"categories":[52,3],"tags":[],"class_list":["post-98311","post","type-post","status-publish","format-standard","has-post-thumbnail","hentry","category-kariera","category-personalie"],"_links":{"self":[{"href":"https:\/\/www.automakersnews.cz\/index.php\/wp-json\/wp\/v2\/posts\/98311","targetHints":{"allow":["GET"]}}],"collection":[{"href":"https:\/\/www.automakersnews.cz\/index.php\/wp-json\/wp\/v2\/posts"}],"about":[{"href":"https:\/\/www.automakersnews.cz\/index.php\/wp-json\/wp\/v2\/types\/post"}],"author":[{"embeddable":true,"href":"https:\/\/www.automakersnews.cz\/index.php\/wp-json\/wp\/v2\/users\/1"}],"replies":[{"embeddable":true,"href":"https:\/\/www.automakersnews.cz\/index.php\/wp-json\/wp\/v2\/comments?post=98311"}],"version-history":[{"count":0,"href":"https:\/\/www.automakersnews.cz\/index.php\/wp-json\/wp\/v2\/posts\/98311\/revisions"}],"wp:featuredmedia":[{"embeddable":true,"href":"https:\/\/www.automakersnews.cz\/index.php\/wp-json\/wp\/v2\/media\/22660"}],"wp:attachment":[{"href":"https:\/\/www.automakersnews.cz\/index.php\/wp-json\/wp\/v2\/media?parent=98311"}],"wp:term":[{"taxonomy":"category","embeddable":true,"href":"https:\/\/www.automakersnews.cz\/index.php\/wp-json\/wp\/v2\/categories?post=98311"},{"taxonomy":"post_tag","embeddable":true,"href":"https:\/\/www.automakersnews.cz\/index.php\/wp-json\/wp\/v2\/tags?post=98311"}],"curies":[{"name":"wp","href":"https:\/\/api.w.org\/{rel}","templated":true}]}}