{"id":98906,"date":"2023-09-08T10:08:44","date_gmt":"2023-09-08T10:08:44","guid":{"rendered":"https:\/\/www.automakersnews.cz\/?p=98906"},"modified":"2023-09-11T06:24:23","modified_gmt":"2023-09-11T06:24:23","slug":"moneta-nabidla-zelene-uvery-na-elektroauta","status":"publish","type":"post","link":"https:\/\/www.automakersnews.cz\/index.php\/2023\/09\/08\/moneta-nabidla-zelene-uvery-na-elektroauta\/","title":{"rendered":"MONETA nab\u00eddla zelen\u00e9 \u00fav\u011bry na elektroauta"},"content":{"rendered":"<p><strong>MONETA Money Bank roz\u0161i\u0159uje svou nab\u00eddku zelen\u00fdch \u00fav\u011br\u016f. Nov\u011b sv\u00fdm z\u00e1kazn\u00edk\u016fm nab\u00edz\u00ed speci\u00e1ln\u00ed \u00fav\u011br na elektromobily a hybridy.<\/strong><span id=\"more-1940\"><\/span><!--more--><\/p>\n<p>Klienti jej z\u00edskaj\u00ed nejen na n\u00e1kup nov\u00fdch vozidel, ale i ojetin. V\u00a0r\u00e1mci \u00fav\u011bru je nab\u00edzena zv\u00fdhodn\u011bn\u00e1 \u00farokov\u00e1 sazba, kter\u00e1 je o 1 % ni\u017e\u0161\u00ed ne\u017e ta standardn\u00ed. V\u00fd\u0161i spl\u00e1tek si lze nav\u00edc nastavit dle vlastn\u00edch preferenc\u00ed.<\/p>\n<p>Pro sjedn\u00e1n\u00ed \u00fav\u011bru nen\u00ed stanovena maxim\u00e1ln\u00ed po\u0159izovac\u00ed cena automobilu. Minim\u00e1ln\u00ed v\u00fd\u0161e prvn\u00ed spl\u00e1tky je v\u0161ak 15 % z\u00a0po\u0159izovac\u00ed ceny auta. \u201e<em>U nov\u00e9ho automobilu si m\u016f\u017ee klient rozlo\u017eit \u00fav\u011br na 96 spl\u00e1tek, to sam\u00e9 plat\u00ed u ojet\u00fdch vozidel, kde jsou v\u0161ak v\u00fdjimkou podnikatel\u00e9, kte\u0159\u00ed maj\u00ed stanoven\u00fdch maxim\u00e1ln\u011b 84 spl\u00e1tek<\/em>,\u201c uvedl v\u00a0t\u00e9to souvislosti Vojt\u011bch Neduchal, \u0159editel MONETA Auto. U ojet\u00fdch automobil\u016f nesm\u00ed p\u0159es\u00e1hnout st\u00e1\u0159\u00ed vozidla na za\u010d\u00e1tku financov\u00e1n\u00ed 36 m\u011bs\u00edc\u016f od prvn\u00ed registrace, maxim\u00e1ln\u00ed st\u00e1\u0159\u00ed vozidla na konci financov\u00e1n\u00ed je pak 8 let.<\/p>\n<p>V\u00a0r\u00e1mci \u00fav\u011bru se takt\u00e9\u017e nab\u00edz\u00ed zv\u00fdhodn\u011bn\u00e1 \u00farokov\u00e1 sazba ni\u017e\u0161\u00ed o zhruba 1 % oproti standardn\u00ed sazb\u011b. \u201e<em>Do fin\u00e1ln\u00ed ceny v\u0161ak vstupuje n\u011bkolik prom\u011bnn\u00fdch, jako jsou nap\u0159\u00edklad cena vozidla, v\u00fd\u0161e prvn\u00ed platby, st\u00e1\u0159\u00ed vozidla a d\u00e9lka spl\u00e1cen\u00ed<\/em>,\u201c dodal Vojt\u011bch Neduchal.<\/p>\n<p>Oproti leto\u0161n\u00edmu roku banka zaznamen\u00e1v\u00e1 v\u011bt\u0161\u00ed z\u00e1jem p\u0159edev\u0161\u00edm o nov\u00e1 vozidla s\u00a0hybridn\u00edm pohonem. V\u00a0minul\u00e9m roce byl objem \u00fav\u011br\u016f na hybridn\u00ed vozidla t\u00e9m\u011b\u0159 38 milion\u016f, letos \u010din\u00ed za prvn\u00edch osm m\u011bs\u00edc\u016f v\u00edce ne\u017e 30 milion\u016f. \u201e<em>Neust\u00e1le se sna\u017e\u00edme sv\u00fdmi aktivitami p\u0159isp\u00edvat k ochran\u011b \u017eivotn\u00edho prost\u0159ed\u00ed a udr\u017eitelnosti. Proto jsme r\u00e1di, \u017ee m\u016f\u017eeme podporovat ekologi\u010dt\u011bj\u0161\u00ed alternativy dopravy a usnadnit na\u0161im klient\u016fm p\u0159echod na \u010distou a udr\u017eitelnou budoucnost<\/em>,\u201c potvrdila Zuzana Filipov\u00e1, \u0159editelka komunikace a udr\u017eitelnosti MONETA Money Bank.<\/p>\n","protected":false},"excerpt":{"rendered":"<div class=\"mh-excerpt\"><p>MONETA Money Bank roz\u0161i\u0159uje svou nab\u00eddku zelen\u00fdch \u00fav\u011br\u016f. Nov\u011b sv\u00fdm z\u00e1kazn\u00edk\u016fm nab\u00edz\u00ed speci\u00e1ln\u00ed \u00fav\u011br na elektromobily a hybridy.<\/p>\n<\/div>","protected":false},"author":1,"featured_media":16744,"comment_status":"open","ping_status":"open","sticky":false,"template":"","format":"standard","meta":{"footnotes":""},"categories":[22],"tags":[],"class_list":["post-98906","post","type-post","status-publish","format-standard","has-post-thumbnail","hentry","category-elektromobily"],"_links":{"self":[{"href":"https:\/\/www.automakersnews.cz\/index.php\/wp-json\/wp\/v2\/posts\/98906","targetHints":{"allow":["GET"]}}],"collection":[{"href":"https:\/\/www.automakersnews.cz\/index.php\/wp-json\/wp\/v2\/posts"}],"about":[{"href":"https:\/\/www.automakersnews.cz\/index.php\/wp-json\/wp\/v2\/types\/post"}],"author":[{"embeddable":true,"href":"https:\/\/www.automakersnews.cz\/index.php\/wp-json\/wp\/v2\/users\/1"}],"replies":[{"embeddable":true,"href":"https:\/\/www.automakersnews.cz\/index.php\/wp-json\/wp\/v2\/comments?post=98906"}],"version-history":[{"count":0,"href":"https:\/\/www.automakersnews.cz\/index.php\/wp-json\/wp\/v2\/posts\/98906\/revisions"}],"wp:featuredmedia":[{"embeddable":true,"href":"https:\/\/www.automakersnews.cz\/index.php\/wp-json\/wp\/v2\/media\/16744"}],"wp:attachment":[{"href":"https:\/\/www.automakersnews.cz\/index.php\/wp-json\/wp\/v2\/media?parent=98906"}],"wp:term":[{"taxonomy":"category","embeddable":true,"href":"https:\/\/www.automakersnews.cz\/index.php\/wp-json\/wp\/v2\/categories?post=98906"},{"taxonomy":"post_tag","embeddable":true,"href":"https:\/\/www.automakersnews.cz\/index.php\/wp-json\/wp\/v2\/tags?post=98906"}],"curies":[{"name":"wp","href":"https:\/\/api.w.org\/{rel}","templated":true}]}}