{"id":98908,"date":"2023-09-08T10:07:30","date_gmt":"2023-09-08T10:07:30","guid":{"rendered":"https:\/\/www.automakersnews.cz\/?p=98908"},"modified":"2023-09-08T10:17:51","modified_gmt":"2023-09-08T10:17:51","slug":"skoda-pozastavi-vyrobu-kvuli-slovinsku","status":"publish","type":"post","link":"https:\/\/www.automakersnews.cz\/index.php\/2023\/09\/08\/skoda-pozastavi-vyrobu-kvuli-slovinsku\/","title":{"rendered":"\u0160koda pozastav\u00ed v\u00fdrobu kv\u016fli Slovinsku"},"content":{"rendered":"<p class=\"c_du g_fx speakable\" data-dot=\"ogm-article-perex\"><strong>Tento t\u00fdden jsme p\u0159inesli informaci o probl\u00e9mech koncernu VW s dod\u00e1vkami d\u00edl\u016f ze slovinsk\u00e9 KLS Ljubno, kter\u00e9 vyplavila voda a bahno. Tak\u00e9 \u0160kodovka kv\u016fli tomu pozastav\u00ed od 11. z\u00e1\u0159\u00ed v\u00fdrobu v z\u00e1vod\u011b v Kvasin\u00e1ch na Rychnovsku. \u010c\u00e1ste\u010dn\u011b z\u0159ejm\u011b omez\u00ed i v\u00fdrobu v Mlad\u00e9 Boleslavi.<\/strong><!--more--><\/p>\n<p class=\"c_du g_fx speakable\" data-dot=\"ogm-article-perex\">V\u00fdrobu dodavatele ve Slovinsku zni\u010dily z\u00e1plavy, KLS Ljubno, producent krou\u017ek\u016f pro p\u0159evodovky, hl\u00e1s\u00ed 100 milion\u016f eur \u0161kody.\u00a0 V\u00fdpadek tohoto dodavatele postihl cel\u00fd koncern Volkswagen.<\/p>\n<div class=\"ogm-container _6231b388c0086990921bf42b\">\n<div class=\"g_fR\" data-e2e=\"ogm-article-layout\">\n<article class=\"g_fT\" role=\"article\" aria-labelledby=\"accessibility-article\">\n<h6 id=\"accessibility-article\" class=\"c_aF c_aJ\"><span style=\"font-size: 16px;\">\u201eSpole\u010dnost \u0160koda Auto m\u016f\u017ee potvrdit, \u017ee z\u00e1plavy ve Slovinsku postihly subdodavatele, kter\u00fd dod\u00e1v\u00e1 komponenty pro spalovac\u00ed motory model\u016f zna\u010dky \u0160koda a dal\u0161\u00edch koncernov\u00fdch zna\u010dek. Je vyv\u00edjeno \u00fasil\u00ed o pln\u00e9 obnoven\u00ed v\u00fdroby v tomto z\u00e1vod\u011b. Aktu\u00e1ln\u011b je subdodavatel schopen dod\u00e1vat pouze v omezen\u00e9m rozsahu,\u201c uvedla mluv\u010d\u00ed \u010desk\u00e9 zna\u010dky Ivana Povoln\u00e1.<\/span><\/h6>\n<div class=\"g_fS\" data-dot=\"ogm-article-content\">\n<div class=\"e_do e_dA\">\n<div class=\"e_du speakable\" data-dot=\"mol-paragraph\">\n<p class=\"c_du\"><span class=\"c_dN\">\u201eZ t\u011bchto d\u016fvod\u016f dojde k\u00a0pozastaven\u00ed v\u00fdroby v\u00a0kvasinsk\u00e9m z\u00e1vod\u011b na t\u00fdden od 11.\u00a0z\u00e1\u0159\u00ed 2023.\u00a0V\u00a0tuto chv\u00edli nelze vylou\u010dit zm\u011bny v\u00a0produk\u010dn\u00edch objemech ani v\u00a0z\u00e1vod\u011b v\u00a0Mlad\u00e9 Boleslavi, kde v\u00fdroba zat\u00edm prob\u00edh\u00e1 beze zm\u011bn,\u201c doplnila Povoln\u00e1.<\/span><\/p>\n<\/div>\n<div class=\"e_du speakable\" data-dot=\"mol-paragraph\">\n<p class=\"c_du\"><span class=\"c_dN\">T\u00fdmy automobilky podle n\u00ed pracuj\u00ed na sn\u00ed\u017een\u00ed dopad\u016f v\u00fdpadku d\u00edl\u016f. Automobilka se nechce vyjad\u0159ovat k p\u0159esn\u00fdm po\u010dt\u016fm a model\u016fm.<\/span><\/p>\n<p><strong>Pov\u0161\u00edk: odst\u00e1vka se dotkne v\u0161ech model\u016f<\/strong><\/p>\n<\/div>\n<div class=\"e_du speakable\" data-dot=\"mol-paragraph\">\n<p class=\"c_du\"><span class=\"c_dN\">P\u0159edseda podnikov\u00e9 rady a\u00a0odborov\u00fd p\u0159ed\u00e1k Jaroslav Pov\u0161\u00edk \u0159ekl, \u017ee se omezen\u00ed t\u00fdk\u00e1 v\u0161ech model\u016f krom\u011b pln\u011b elektrick\u00e9ho modelu Enyaq. Situace by se mohla zlep\u0161it v\u00a0t\u00fddnu od 18.\u00a0z\u00e1\u0159\u00ed. T\u00fdmy automobilky podle n\u011bj kv\u016fli chyb\u011bj\u00edc\u00edmu d\u00edlu zkou\u0161\u00ed i\u00a0dodavatele v\u00a0\u010c\u00edn\u011b. Spole\u010dnost se sna\u017e\u00ed udr\u017eet co nejv\u00edce zam\u011bstnanc\u016f ve v\u00fdrob\u011b. \u201eV\u00fdroba modelu Enyaq se (denn\u011b) nav\u00fd\u0161\u00ed o\u00a050\u00a0kus\u016f na 550,\u201c \u0159ekl Pov\u0161\u00edk.<\/span><\/p>\n<p><img loading=\"lazy\" decoding=\"async\" class=\"alignnone size-large wp-image-1524\" src=\"http:\/\/www.automakersnews.cz\/wp-content\/uploads\/2022\/11\/Vyroba-aut-skoda-enyaq-1024x768.jpg\" alt=\"\" width=\"1024\" height=\"768\" \/><\/p>\n<\/div>\n<div class=\"e_du speakable\" data-dot=\"mol-paragraph\">\n<p class=\"c_du\"><span class=\"c_dN\">Zpr\u00e1va o\u00a0zastaven\u00ed v\u00fdroby ve \u0160kod\u011b p\u0159ich\u00e1z\u00ed zhruba dva t\u00fddny potom, co v\u00fdrobu byla nucena zastavit tak\u00e9 kol\u00ednsk\u00e1 Toyota. T\u00e9 chyb\u00ed d\u00edly od dodavatele Novares CZ Zebrak, v\u00a0jeho\u017e skladech vypukl rozs\u00e1hl\u00fd po\u017e\u00e1r.<\/span><\/p>\n<\/div>\n<div class=\"e_du speakable\" data-dot=\"mol-paragraph\">\n<p class=\"c_du\"><span class=\"c_dN\">Odst\u00e1vka v kol\u00ednsk\u00e9m z\u00e1vod\u011b m\u00e1 kv\u016fli tomu trvat nejm\u00e9n\u011b do p\u0159\u00ed\u0161t\u00edho p\u00e1tku. <\/span>Koncem srpna pak Toyota musela kv\u016fli syst\u00e9mov\u00e9 chyb\u011b pozastavit v\u00fdrobu tak\u00e9 ve v\u0161ech sv\u00fdch 14\u00a0japonsk\u00fdch z\u00e1vodech.<\/p>\n<\/div>\n<\/div>\n<\/div>\n<\/article>\n<\/div>\n<\/div>\n","protected":false},"excerpt":{"rendered":"<div class=\"mh-excerpt\"><p>Tento t\u00fdden jsme p\u0159inesli informaci o probl\u00e9mech koncernu VW s dod\u00e1vkami d\u00edl\u016f ze slovinsk\u00e9 KLS Ljubno, kter\u00e9 vyplavila voda a bahno. Tak\u00e9 \u0160kodovka kv\u016fli tomu <a class=\"mh-excerpt-more\" href=\"https:\/\/www.automakersnews.cz\/index.php\/2023\/09\/08\/skoda-pozastavi-vyrobu-kvuli-slovinsku\/\" title=\"\u0160koda pozastav\u00ed v\u00fdrobu kv\u016fli Slovinsku\">[&#8230;]<\/a><\/p>\n<\/div>","protected":false},"author":1,"featured_media":2182,"comment_status":"open","ping_status":"open","sticky":false,"template":"","format":"standard","meta":{"footnotes":""},"categories":[2,41],"tags":[],"class_list":["post-98908","post","type-post","status-publish","format-standard","has-post-thumbnail","hentry","category-news","category-vyroba"],"_links":{"self":[{"href":"https:\/\/www.automakersnews.cz\/index.php\/wp-json\/wp\/v2\/posts\/98908","targetHints":{"allow":["GET"]}}],"collection":[{"href":"https:\/\/www.automakersnews.cz\/index.php\/wp-json\/wp\/v2\/posts"}],"about":[{"href":"https:\/\/www.automakersnews.cz\/index.php\/wp-json\/wp\/v2\/types\/post"}],"author":[{"embeddable":true,"href":"https:\/\/www.automakersnews.cz\/index.php\/wp-json\/wp\/v2\/users\/1"}],"replies":[{"embeddable":true,"href":"https:\/\/www.automakersnews.cz\/index.php\/wp-json\/wp\/v2\/comments?post=98908"}],"version-history":[{"count":0,"href":"https:\/\/www.automakersnews.cz\/index.php\/wp-json\/wp\/v2\/posts\/98908\/revisions"}],"wp:featuredmedia":[{"embeddable":true,"href":"https:\/\/www.automakersnews.cz\/index.php\/wp-json\/wp\/v2\/media\/2182"}],"wp:attachment":[{"href":"https:\/\/www.automakersnews.cz\/index.php\/wp-json\/wp\/v2\/media?parent=98908"}],"wp:term":[{"taxonomy":"category","embeddable":true,"href":"https:\/\/www.automakersnews.cz\/index.php\/wp-json\/wp\/v2\/categories?post=98908"},{"taxonomy":"post_tag","embeddable":true,"href":"https:\/\/www.automakersnews.cz\/index.php\/wp-json\/wp\/v2\/tags?post=98908"}],"curies":[{"name":"wp","href":"https:\/\/api.w.org\/{rel}","templated":true}]}}