{"id":9926,"date":"2022-12-21T10:56:29","date_gmt":"2022-12-21T10:56:29","guid":{"rendered":"https:\/\/www.automakersnews.cz\/?p=9926"},"modified":"2022-12-21T10:56:29","modified_gmt":"2022-12-21T10:56:29","slug":"opel-bilancoval-novinky-roku-2022","status":"publish","type":"post","link":"https:\/\/www.automakersnews.cz\/index.php\/2022\/12\/21\/opel-bilancoval-novinky-roku-2022\/","title":{"rendered":"Opel bilancoval novinky roku 2022"},"content":{"rendered":"<p><strong>Automobilka Opel bilancovala rok 2022, kter\u00fd byl pro zna\u010dku v ka\u017ed\u00e9m ohledu elektrizuj\u00edc\u00ed. Automobilka uvedla na trhy novou generaci modelu Astra, v z\u00e1vodech se p\u0159edvedla tak\u00e9 bateriov\u00e1 Corsa. <\/strong><!--more--><\/p>\n<p>Dal\u0161\u00edmi bestsellery roku 2022 jsou Opel Mokka, na podzim nejprod\u00e1van\u011bj\u0161\u00ed elektromobil sv\u00e9ho segmentu, a Opel Corsa, kter\u00fd letos oslavil 40. narozeniny.<\/p>\n<p>Bateriov\u00e1 Corsa-e Rally m\u011bla \u00fasp\u011b\u0161n\u00fd rok v \u0161ampion\u00e1tu ADAC Opel e-Rally Cup, sv\u011btov\u011b prvn\u00edm jednozna\u010dkov\u00e9m rally-poh\u00e1ru elektromobil\u016f. V bl\u00edzk\u00e9 budoucnosti nab\u00eddne Opel je\u0161t\u011b dynami\u010dt\u011bj\u0161\u00ed z\u00e1\u017eitky d\u00edky model\u016fm nov\u00e9 \u0159ady GSe. Opel z\u00e1rove\u0148 d\u016fsledn\u011b prosazuje inovace pro udr\u017eitelnou mobilitu, u\u017e dnes m\u00e1 n\u011bmeck\u00e1 automobilky ve sv\u00e9m portfoliu 12 elektrifikovan\u00fdch model\u016f.<\/p>\n<p><strong>\u00dasp\u011b\u0161n\u00fd p\u0159\u00edb\u011bh: 160 let Opelu, 40 let Opelu Corsa, 30 let z\u00e1vodu Opel v Eisenachu<\/strong><\/p>\n<p>V roce 2022 oslavil Opel velk\u00e9 v\u00fdro\u010d\u00ed: Pr\u00e1v\u011b p\u0159ed 160 lety polo\u017eil Adam Opel v n\u011bmeck\u00e9m R\u00fcsselsheimu z\u00e1kladn\u00ed k\u00e1men sv\u00e9 spole\u010dnosti, kter\u00e1 se z v\u00fdrobce \u0161ic\u00edch stroj\u016f p\u0159es nejv\u011bt\u0161\u00edho sv\u011btov\u00e9ho v\u00fdrobce j\u00edzdn\u00edch kol vyprofilovala do mezin\u00e1rodn\u011b v\u00fdznamn\u00e9 automobilov\u00e9 zna\u010dky, kter\u00e1 se v\u017edy sna\u017eila zp\u0159\u00edstup\u0148ovat technologie z voz\u016f vy\u0161\u0161\u00edch t\u0159\u00edd \u0161irok\u00e9 \u0161k\u00e1le b\u011b\u017en\u00fdch z\u00e1kazn\u00edk\u016f.<\/p>\n<p>V roce 2022 oslavila kr\u00e1sn\u00e9 40. narozeniny tak\u00e9 mal\u00e1 Corsa, jeden z historicky nej\u00fasp\u011b\u0161n\u011bj\u0161\u00edch p\u0159edstavitel\u016f sv\u00e9 t\u0159\u00eddy. Od roku 1982, kdy vyjela Corsa prvn\u00ed generace, si tyto praktick\u00e9 vozy z\u00edskaly srce milion\u016f z\u00e1kazn\u00edk\u016f \u2013 a \u00fasp\u011b\u0161n\u00e1 tradice pokra\u010duje nad\u00e1le v podob\u011b Corsy u\u017e \u0161est\u00e9 generace. Sou\u010dasn\u00e1 Corsa je jedn\u00edm z nejpopul\u00e1rn\u011bj\u0161\u00edch mal\u00fdch voz\u016f v\u016fbec. Bateriov\u00e1 Corsa-e nav\u00edc z\u00edskala presti\u017en\u00ed ocen\u011bn\u00ed \u201eZlat\u00fd volant 2020\u201c1 a jej\u00ed klon Corsa-e Rally se skv\u011ble prezentuje i v motorsportu.<\/p>\n<p>V\u00fdro\u010d\u00ed oslavil i z\u00e1vod Opelu v n\u011bmeck\u00e9m Eisenachu: Z t\u00e9to kdysi v\u00fdchodon\u011bmeck\u00e9 tov\u00e1rny u\u017e 30 let vyj\u00ed\u017ed\u011bj\u00ed Opely. Z\u00e1vod Opelu v Eisenachu t\u0159i desetilet\u00ed utv\u00e1\u0159el cel\u00fd region a b\u011bhem t\u011bchto let se z\u00e1vod neust\u00e1le modernizoval, tak\u017ee dnes se v n\u011bm vyr\u00e1b\u011bj\u00ed vozy p\u0159ipraven\u00e9 na budoucnost: Opel Grandland &#8211; samoz\u0159ejm\u011b tak\u00e9 jako plug-in hybrid.<\/p>\n<p><strong>Nov\u00fd Opel Astra: St\u011b\u017eejn\u00ed model s \u201epozlacen\u00fdm\u201c volantem<\/strong><\/p>\n<p>Asi nejv\u00fdrazn\u011bj\u0161\u00edm momentem roku 2022 pro zna\u010dku Opel byl n\u00e1stup Astry nov\u00e9 generace! Zcela nov\u00e1 Astra, v po\u0159ad\u00ed u\u017e \u0161est\u00e9 generace, vyjela s takov\u00fdmi novinkami, jako jsou nap\u0159. pln\u011b digit\u00e1ln\u00ed p\u0159\u00edstrojov\u00fd \u0161t\u00edt Pure Panel, \u0161pi\u010dkov\u00e9 adaptivn\u00ed LED matrixov\u00e9 sv\u011btlomety Intelli-Lux LED\u00ae Pixel Light nebo \u010deln\u00ed maska Opel Vizor. A v\u00fdrazn\u00fdm \u201eprvenstv\u00edm\u201c nov\u00e9 Astry bylo samoz\u0159ejm\u011b i uveden\u00ed elektrifikovan\u00e9 hybridn\u00ed verze Astra PHEV.<\/p>\n<p>\u010cten\u00e1\u0159i i odborn\u00e1 porota n\u011bmeck\u00fdch magaz\u00edn\u016f AUTO BILD a BILD am SONNTAG, kter\u00e1 rozhoduje o dr\u017eitel\u00edch presti\u017en\u00ed ceny \u201eZlat\u00fd volant\u201c, uznali, \u017ee s novou Astrou za\u010d\u00edn\u00e1 zcela novou \u00e9ra Opelu. A i proto na podzim p\u0159isoudili trofej \u201eZlat\u00fd volant 2022\u201c model\u016fm Opel Astra\/Astra Sports Tourer.<\/p>\n<p>Nejnov\u011bj\u0161\u00ed vyd\u00e1n\u00ed tradi\u010dn\u00edho bestselleru zna\u010dky Opel za sebou nechalo siln\u00e9 konkurenty v nabit\u00e9 kategorii \u201eNejlep\u0161\u00ed automobilov\u00e1 koup\u011b do 50 000 \u20ac\u201c2. D\u00edky Ast\u0159e toto ocen\u011bn\u00ed, kter\u00e9mu se p\u0159ezd\u00edv\u00e1 \u201eAutomobilov\u00fd Oskar\u201c, putovalo ke zna\u010dce Opel u pot\u0159et\u00ed za sebou: V roce 2020 z\u00edskala Zlat\u00fd volant Corsa-e1 a vloni Mokka-e3. Mokka-e sv\u00fdmi vysp\u011bl\u00fdmi technologiemi a vhodnost\u00ed pro ka\u017edodenn\u00ed provozov\u00e1n\u00ed zaujala velk\u00e9 mno\u017estv\u00ed z\u00e1kazn\u00edk\u016f a v m\u011bs\u00edc\u00edch \u0159\u00edjen a listopad se dokonce stala nejprod\u00e1van\u011bj\u0161\u00edm elektrick\u00fdm vozem B-SUV segmentu na n\u00e1ro\u010dn\u00e9m n\u011bmeck\u00e9m trhu. A v listopadu elektrickou verzi volilo asi 65 procent v\u0161ech z\u00e1jemc\u016f o v\u016fz modelov\u00e9 \u0159ady Opel Mokka.<\/p>\n<p><strong>Dynamika, elekt\u0159ina: Nov\u00e1 \u0159ada \u201eGSe\u201c<\/strong><\/p>\n<p>Rovn\u011b\u017e na podzim 2022 Opel ozn\u00e1mil n\u00e1vrat ikonick\u00e9 \u201ezna\u010dky\u201c GSe. Jen\u017ee zat\u00edmco d\u0159\u00edve tato zkratka znamenala \u201eGrand Sport einspritzung\u201c a upozor\u0148ovala tak na tehdy z\u00e1sadn\u00ed inovaci, toti\u017e vst\u0159ikov\u00e1n\u00ed benzinu, nyn\u00ed se zkratka \u010dte \u201eGrand Sport electric\u201c. Modely Opel GSe kombinuj\u00ed vynikaj\u00edc\u00ed j\u00edzdn\u00ed dynamiku s inovativn\u00ed elektrifikac\u00ed a takto budou ozna\u010dov\u00e1ny nejv\u00fdkonn\u011bj\u0161\u00ed verze ka\u017ed\u00e9 modelov\u00e9 \u0159ady Opel. U\u017e brzy se u prodejc\u016f Opel objev\u00ed GSe plug-in hybridn\u00ed modely Opel Grandland GSe (spot\u0159eba paliva dle WLTP: 1,3 l\/100 km, emise CO2 31\u201329 g\/km) a Astra GSe\/Astra Sports Tourer GSe (spot\u0159eba paliva dle WLTP: 1,2-1,1 l\/100 km, emise CO2 26-25 g\/km).<\/p>\n<p><strong>Opel elektrifikoval motorsport: Skv\u011bl\u00e1 sezona 2022<\/strong><\/p>\n<p>Opel v sezon\u011b 2022 tak\u00e9 doslova elektrifikoval evropsk\u00e9 automobilov\u00e9 sout\u011b\u017ee. Sv\u011btov\u011b prvn\u00ed \u0161ampion\u00e1t elektromobil\u016f ADAC Opel e-Rally Cup, kde startuj\u00ed mlad\u00ed piloti na identick\u00fdch elektromobilech Opel Corsa-e Rally, pokra\u010doval ve sv\u00e9 expanzi a p\u0159edstavil se v \u0159ad\u011b dal\u0161\u00edch evropsk\u00fdch zem\u00ed. Po\u0159adatel\u00e9 tak uk\u00e1zali, jak m\u016f\u017ee elektrick\u00fd rally sport inspirovat a p\u0159\u00ed\u0161t\u00ed rok vstoup\u00ed poh\u00e1r do sv\u00e9 u\u017e t\u0159et\u00ed sez\u00f3ny.<\/p>\n<p>Krom\u011b elektrick\u00fdch voz\u016f Corsa-e Rally ale sb\u00edraly sportovn\u00ed vav\u0159\u00edny i Corsy se spalovac\u00edm motorem: Jezdec Laurent Pellier na Opelu Corsa Rally4 ovl\u00e1dli juniorsk\u00fd evropsk\u00fd rally-\u0161ampion\u00e1t (JERC) a z\u00edskali pro Opel u\u017e p\u00e1t\u00fd juniorsk\u00fd evropsk\u00fd titul!<\/p>\n<p>Celkov\u011b vzato Opel naplno vyu\u017eil v\u0161ech p\u0159\u00edle\u017eitost\u00ed, kter\u00e9 n\u00e1ro\u010dn\u00fd rok 2022 p\u0159inesl a op\u011bt ud\u011blal z\u00e1sadn\u00ed kroky k tomu, aby se do roku 2028 stal v Evrop\u011b pln\u011b elektrickou zna\u010dkou. A to je cesta, kterou se bude spole\u010dnost ub\u00edrat i v nadch\u00e1zej\u00edc\u00edm roce, kdy vyjede nejenom prvn\u00ed pln\u011b elektrick\u00e1 Astra Electric, ale i \u0159ada dal\u0161\u00edch l\u00e1kav\u00fdch novinek.<\/p>\n<p><img loading=\"lazy\" decoding=\"async\" class=\"alignnone wp-image-9928\" src=\"http:\/\/www.automakersnews.cz\/wp-content\/uploads\/2022\/12\/image002-300x60.jpg\" alt=\"\" width=\"735\" height=\"147\" srcset=\"https:\/\/www.automakersnews.cz\/wp-content\/uploads\/2022\/12\/image002-300x60.jpg 300w, https:\/\/www.automakersnews.cz\/wp-content\/uploads\/2022\/12\/image002.jpg 507w\" sizes=\"auto, (max-width: 735px) 100vw, 735px\" \/><\/p>\n","protected":false},"excerpt":{"rendered":"<div class=\"mh-excerpt\"><p>Automobilka Opel bilancovala rok 2022, kter\u00fd byl pro zna\u010dku v ka\u017ed\u00e9m ohledu elektrizuj\u00edc\u00ed. Automobilka uvedla na trhy novou generaci modelu Astra, v z\u00e1vodech se p\u0159edvedla <a class=\"mh-excerpt-more\" href=\"https:\/\/www.automakersnews.cz\/index.php\/2022\/12\/21\/opel-bilancoval-novinky-roku-2022\/\" title=\"Opel bilancoval novinky roku 2022\">[&#8230;]<\/a><\/p>\n<\/div>","protected":false},"author":4,"featured_media":9927,"comment_status":"open","ping_status":"open","sticky":false,"template":"","format":"standard","meta":{"footnotes":""},"categories":[22],"tags":[],"class_list":["post-9926","post","type-post","status-publish","format-standard","has-post-thumbnail","hentry","category-elektromobily"],"_links":{"self":[{"href":"https:\/\/www.automakersnews.cz\/index.php\/wp-json\/wp\/v2\/posts\/9926","targetHints":{"allow":["GET"]}}],"collection":[{"href":"https:\/\/www.automakersnews.cz\/index.php\/wp-json\/wp\/v2\/posts"}],"about":[{"href":"https:\/\/www.automakersnews.cz\/index.php\/wp-json\/wp\/v2\/types\/post"}],"author":[{"embeddable":true,"href":"https:\/\/www.automakersnews.cz\/index.php\/wp-json\/wp\/v2\/users\/4"}],"replies":[{"embeddable":true,"href":"https:\/\/www.automakersnews.cz\/index.php\/wp-json\/wp\/v2\/comments?post=9926"}],"version-history":[{"count":0,"href":"https:\/\/www.automakersnews.cz\/index.php\/wp-json\/wp\/v2\/posts\/9926\/revisions"}],"wp:featuredmedia":[{"embeddable":true,"href":"https:\/\/www.automakersnews.cz\/index.php\/wp-json\/wp\/v2\/media\/9927"}],"wp:attachment":[{"href":"https:\/\/www.automakersnews.cz\/index.php\/wp-json\/wp\/v2\/media?parent=9926"}],"wp:term":[{"taxonomy":"category","embeddable":true,"href":"https:\/\/www.automakersnews.cz\/index.php\/wp-json\/wp\/v2\/categories?post=9926"},{"taxonomy":"post_tag","embeddable":true,"href":"https:\/\/www.automakersnews.cz\/index.php\/wp-json\/wp\/v2\/tags?post=9926"}],"curies":[{"name":"wp","href":"https:\/\/api.w.org\/{rel}","templated":true}]}}