{"id":9931,"date":"2022-12-21T10:59:38","date_gmt":"2022-12-21T10:59:38","guid":{"rendered":"https:\/\/www.automakersnews.cz\/?p=9931"},"modified":"2022-12-21T10:59:38","modified_gmt":"2022-12-21T10:59:38","slug":"kalendar-pirelli-2023-vydrazen","status":"publish","type":"post","link":"https:\/\/www.automakersnews.cz\/index.php\/2022\/12\/21\/kalendar-pirelli-2023-vydrazen\/","title":{"rendered":"Kalend\u00e1\u0159 Pirelli 2023 vydra\u017een"},"content":{"rendered":"<p><strong>Jedin\u00fd v\u00fdtisk kalend\u00e1\u0159e Pirelli ur\u010den\u00fd pro \u010ceskou republiku, konkr\u00e9tn\u011b jeho 49. edice v\u011bnovan\u00e1 m\u00faz\u00e1m, byl vydra\u017een online prost\u0159ednictv\u00edm iDNES.cz za 70 000 korun, co\u017e je nejni\u017e\u0161\u00ed \u010d\u00e1stka za posledn\u00edch 10 let. <\/strong><!--more--><\/p>\n<p>Fascinuj\u00edc\u00ed, inspirativn\u00ed \u017eeny v inscenovan\u00e9m sv\u011bt\u011b talentovan\u00fdch m\u00faz, kter\u00fd na celkem 28 sn\u00edmc\u00edch p\u0159edstavuj\u00ed Cara Delevingne, Guinevere van Seenus, Lauren Wasser, Sasha Pivovarova anebo Emily Ratajkowski, mohou obdivovat dra\u017eitel\u00e9 z firmy Ribo.<\/p>\n<p>Autorka fotografi\u00ed Emma Summerton je p\u00e1tou \u017eenou, kter\u00e1 kalend\u00e1\u0159 od jeho prvn\u00edho vyd\u00e1n\u00ed roku 1964 vytvo\u0159ila. \u201eM\u00fazy p\u0159edstavuj\u00ed podle etymologie zdroj, kter\u00fd nejen inspiroval, ale tak\u00e9 disponoval nad\u00e1n\u00edm v oblasti literatury, v\u011bdy a um\u011bn\u00ed,\u201c vysv\u011btluje Emma Summerton. A stejn\u00e9 jsou \u017eeny, kter\u00e9 p\u00f3zovaly pro ro\u010dn\u00edk kalend\u00e1\u0159e 2023. V\u00fdb\u011br modelek nebyl n\u00e1hodn\u00fd. Ka\u017ed\u00e1 z nich m\u00e1 bl\u00edzko k m\u00faze, kterou na sc\u00e9n\u011b ztv\u00e1r\u0148uje. \u201eKalend\u00e1\u0159 Pirelli 2023 oslavuje m\u00fazy, kter\u00e9 inspirovaly fotografku Emmu Summerton, a v \u0161ir\u0161\u00edm smyslu pozoruhodnou s\u00edlu, v\u00e1\u0161e\u0148 a schopnosti \u017een,\u201c \u0159\u00edk\u00e1 Zden\u011bk Vacl, marketingov\u00fd \u0159editel Pirelli, kter\u00fd charitativn\u00ed dra\u017eby kalend\u00e1\u0159e pom\u00e1h\u00e1 realizovat u\u017e 22 let.<\/p>\n<p><strong>Jsou schopny v\u00fdjime\u010dn\u00fdch, tv\u016fr\u010d\u00edch v\u011bc\u00ed<\/strong><\/p>\n<p>Nap\u0159\u00edklad Guinevere van Seenus je nejen supermodelka, ale tak\u00e9 vyhled\u00e1van\u00e1 fotografka. V kalend\u00e1\u0159i p\u00f3zuje p\u0159ed zrcadlem s dvouokou zrcadlovkou. Lauren Wasser je t\u00e9m\u011b\u0159 cel\u00fd sv\u016fj \u017eivot modelkou, ale tak\u00e9 sportovkyn\u00ed. Jako aktivistku sna\u017e\u00edc\u00ed se o zv\u00fd\u0161en\u00ed pov\u011bdom\u00ed o syndromu toxick\u00e9ho \u0161oku, v jeho\u017e d\u016fsledku p\u0159ed deseti lety p\u0159i\u0161la o \u010d\u00e1st obou doln\u00edch kon\u010detin, a p\u0159esto na sv\u00fdch zlat\u00fdch prot\u00e9z\u00e1ch st\u00e1le dominuje p\u0159ehl\u00eddkov\u00e9mu molu i basketbalov\u00e9mu h\u0159i\u0161ti, ji ale Emma Summerton nezv\u011b\u010dnila.<\/p>\n<p>Aktivistku v kalend\u00e1\u0159i p\u0159edstavuje Ashley Graham, kter\u00e1 je celosv\u011btov\u011b zn\u00e1m\u00e1 pro svou podporou pozitivn\u00edho p\u0159\u00edstupu k t\u011blu. Ashley se poda\u0159ila revoluce sv\u00e9ho druhu v m\u00f3dn\u00edm pr\u016fmyslu, kdy se stala prvn\u00ed plus-size modelkou, kter\u00e1 se objevila na ob\u00e1lce plavkov\u00e9ho vyd\u00e1n\u00ed \u010dasopisu Sports Illustrated. N\u00e1sleduj\u00edc\u00ed rok to zopakovala na ob\u00e1lce americk\u00e9ho Vogue, spolu s Kendall Jenner a Gigi Hadid. Patrick Demarchelier ji tak\u00e9 nafotil pro ob\u00e1lku britsk\u00e9ho Vogue z ledna 2017, kde se do t\u00e9 doby nikdy neobjevila plus-size modelka. V\u0161echny m\u00fazy kalend\u00e1\u0159e Pirelli 2023 do sv\u00fdch postav prom\u00edtly vlastn\u00ed talent, v\u00e1\u0161n\u011b a z\u00e1jmy. Jejich kompletn\u00ed p\u0159\u00edb\u011bhy najdete zde.<\/p>\n<p><strong>Zdra\u017een\u00ed charit\u011b nesv\u011bd\u010d\u00ed, leto\u0161n\u00ed v\u00fdt\u011b\u017eek je v\u00fdrazn\u011b ni\u017e\u0161\u00ed<\/strong><\/p>\n<p>V uplynul\u00e9m roce se kalend\u00e1\u0159 Pirelli vydra\u017eil za 183 000 korun. V roce 2021 se kv\u016fli pandemii kalend\u00e1\u0159 nep\u0159ipravoval, v roce 2020 se vydra\u017eil za 111 111 korun. \u201eNa celkov\u00e9 hodnocen\u00ed leto\u0161n\u00edho roku je je\u0161t\u011b trochu brzy, prosinec je typicky \u201anej\u0161t\u011bd\u0159ej\u0161\u00edm\u2018 m\u011bs\u00edcem na dary pro dobrou v\u011bc, ale inflace a ceny energi\u00ed u\u017e se projevuj\u00ed jak na schopnosti obecn\u011b \u0161t\u011bdr\u00fdch a solid\u00e1rn\u00edch \u010cech\u016f finan\u010dn\u011b p\u0159isp\u00edvat, tak na \u00fabytku firemn\u00edch d\u00e1rc\u016f neziskov\u00e9mu sektoru,\u201c \u0159\u00edk\u00e1 Zden\u011bk Vacl z Pirelli.<\/p>\n<p>Aby mohl leto\u0161n\u00ed v\u00fdt\u011b\u017eek dra\u017eby pomoci v\u00edce pacient\u016fm Masarykova onkologick\u00e9ho \u00fastavu v Brn\u011b, kam tradi\u010dn\u011b sm\u011b\u0159uje, p\u0159isp\u011bje Nadace Agrofert dal\u0161\u00edch 110 000 na n\u00e1kup antidekubitn\u00edch matrac\u00ed, kter\u00e9 slou\u017e\u00ed jako prevence prole\u017eenin. \u201ePostihuj\u00ed a\u017e 20 % pacient\u016f v evropsk\u00fdch nemocnic\u00edch. Na jejich l\u00e9\u010dbu vynakl\u00e1daj\u00ed zdravotn\u00ed syst\u00e9my t\u00e9m\u011b\u0159 \u010dty\u0159i procenta ro\u010dn\u00edho rozpo\u010dtu. Nej\u00fa\u010dinn\u011bj\u0161\u00edm l\u00e9\u010debn\u00fdm postupem v boji proti prole\u017eenin\u00e1m je spr\u00e1vn\u00e1 preventivn\u00ed p\u00e9\u010de. A pr\u00e1v\u011b antidekubitn\u00ed matrace jsou jednou ze z\u00e1sadn\u00edch pom\u016fcek, kter\u00e9 pom\u00e1haj\u00ed vzniku prole\u017eenin p\u0159edch\u00e1zet,\u201c uvedla mluv\u010d\u00ed Masarykova onkologick\u00e9ho \u00fastavu Anna Svobodov\u00e1. V\u00fdt\u011b\u017eek tedy umo\u017en\u00ed n\u00e1kup t\u0159\u00ed t\u011bchto matrac\u00ed.<\/p>\n<p>Celkov\u011b u\u017e aukce kalend\u00e1\u0159\u016f Pirelli p\u0159isp\u011bly tomuto \u0161pi\u010dkov\u00e9mu onkologick\u00e9mu pracovi\u0161ti \u010d\u00e1stkou 4,6 milionu korun. Historicky nejvy\u0161\u0161\u00edho v\u00fdt\u011b\u017eku se dos\u00e1hlo v roce 2007. Letos v aukci zv\u00edt\u011bzila firma Ribo, kter\u00e1 se do n\u00ed zapojila v\u016fbec poprv\u00e9 a pro \u00fa\u010dast se rozhodla v den kon\u00e1n\u00ed aukce. \u201eDne\u0161n\u00ed doba pln\u00e1 nejistoty ohledn\u011b budoucnosti charit\u011b p\u0159irozen\u011b nesv\u011bd\u010d\u00ed. T\u00edm v\u011bt\u0161\u00ed pod\u011bkov\u00e1n\u00ed si v\u00fdherce i ostatn\u00ed \u00fa\u010dastn\u00edci aukce zaslou\u017e\u00ed. A t\u00edm v\u00edce jsme r\u00e1di, \u017ee i leto\u0161n\u00ed aukce velmi konkr\u00e9tn\u00edm zp\u016fsobem pom\u016f\u017ee pacient\u016fm i person\u00e1lu, kter\u00fd se o n\u011b star\u00e1,\u201c \u0159ekla \u0159editelka Nadace Agrofert Zuzana Tornikidis.<\/p>\n<p><img loading=\"lazy\" decoding=\"async\" class=\"alignnone wp-image-9968\" src=\"http:\/\/www.automakersnews.cz\/wp-content\/uploads\/2022\/12\/pirelli-3-300x225.jpg\" alt=\"\" width=\"871\" height=\"653\" srcset=\"https:\/\/www.automakersnews.cz\/wp-content\/uploads\/2022\/12\/pirelli-3-300x225.jpg 300w, https:\/\/www.automakersnews.cz\/wp-content\/uploads\/2022\/12\/pirelli-3-326x245.jpg 326w, https:\/\/www.automakersnews.cz\/wp-content\/uploads\/2022\/12\/pirelli-3-80x60.jpg 80w, https:\/\/www.automakersnews.cz\/wp-content\/uploads\/2022\/12\/pirelli-3.jpg 605w\" sizes=\"auto, (max-width: 871px) 100vw, 871px\" \/><\/p>\n<p><strong>V kalend\u00e1\u0159i po sob\u011b n\u00e1sleduj\u00ed tyto sn\u00edmky:<\/strong><\/p>\n<p>Lila Moss \u2013 V\u011a\u0160TKYN\u011a<\/p>\n<p>Guinevere van Seenus \u2013 FOTOGRAFKA<\/p>\n<p>Adwoa Aboah \u2013 KR\u00c1LOVNA<\/p>\n<p>Karlie Kloss \u2013 V\u011aDKYN\u011a<\/p>\n<p>Sasha Pivovarova \u2013 MAL\u00cd\u0158KA<\/p>\n<p>Lauren Wasser \u2013 ATLETKA<\/p>\n<p>Emily Ratajkowski \u2013 SPISOVATELKA<\/p>\n<p>Cara Delevingne \u2013 PERFORMERKA<\/p>\n<p>Bella Hadid \u2013 V\u00cdLA<\/p>\n<p>Kaya Wilkins \u2013 HUDEBNICE<\/p>\n<p>Precious Lee \u2013 VYPRAV\u011a\u010cKA<\/p>\n<p>He Cong \u2013 MUDRCOVNA<\/p>\n<p>Adut Akech \u2013 LOVKYN\u011a SN\u016e<\/p>\n<p>Ashley Graham \u2013 AKTIVISTKA<\/p>\n<p><img loading=\"lazy\" decoding=\"async\" class=\"alignnone wp-image-9969\" src=\"http:\/\/www.automakersnews.cz\/wp-content\/uploads\/2022\/12\/pirelli-4-300x225.jpg\" alt=\"\" width=\"719\" height=\"539\" srcset=\"https:\/\/www.automakersnews.cz\/wp-content\/uploads\/2022\/12\/pirelli-4-300x225.jpg 300w, https:\/\/www.automakersnews.cz\/wp-content\/uploads\/2022\/12\/pirelli-4-326x245.jpg 326w, https:\/\/www.automakersnews.cz\/wp-content\/uploads\/2022\/12\/pirelli-4-80x60.jpg 80w, https:\/\/www.automakersnews.cz\/wp-content\/uploads\/2022\/12\/pirelli-4.jpg 605w\" sizes=\"auto, (max-width: 719px) 100vw, 719px\" \/><\/p>\n<p><strong>MILOSTN\u00c9 DOPISY M\u00daZE:<\/strong><\/p>\n<p><strong>KALEND\u00c1\u0158 NA ROK 2023 V P\u0158\u00cdB\u011aHU EMMY SUMMERTON<\/strong><\/p>\n<p>Kdy\u017e si t\u00fdm Pirelli poprv\u00e9 prohl\u00e9dl katalog prac\u00ed Emmy Summerton, zaujala ho jej\u00ed schopnost spojovat re\u00e1ln\u00e9 a surrealistick\u00e9 a vytv\u00e1\u0159et tak modern\u00ed, okouzluj\u00edc\u00ed sv\u011bt mal\u00ed\u0159sk\u00e9 stylizace. Kdy\u017e za\u010dala koncept sv\u00e9ho projektu nasti\u0148ovat, \u010derpala inspiraci p\u0159edev\u0161\u00edm ze sv\u00e9ho vlastn\u00edho portfolia a z um\u011bleck\u00fdch t\u00e9mat, ke kter\u00fdm se v pr\u016fb\u011bhu sv\u00e9 um\u011bleck\u00e9 kari\u00e9ry obracela. Pat\u0159\u00ed k nim surrealismus a magick\u00fd realismus, kr\u00e1sa a divok\u00e1 p\u0159\u00edroda, l\u00e1ska ke kv\u011btin\u00e1m, v\u011btv\u00edm a s\u00edla zv\u00ed\u0159ec\u00ed \u0159\u00ed\u0161e. A rovn\u011b\u017e symbolika, kterou zauj\u00edm\u00e1 v um\u011bn\u00ed, poezii, hudb\u011b a literatu\u0159e.<\/p>\n<p>Emma v za\u010d\u00e1tku p\u0159i\u0161la se sm\u011bs\u00ed tematick\u00fdch \u00fatr\u017ek\u016f, kter\u00e9 spolu zd\u00e1nliv\u011b nesouvisely, ale podle jej\u00edho n\u00e1zoru se vz\u00e1jemn\u011b dopl\u0148ovaly: \u0161lo o t\u00e9mata, kter\u00e1 v n\u00ed od d\u011btstv\u00ed hluboce rezonovala. Za zm\u00ednku stoj\u00ed zejm\u00e9na d\u00edlo Vali Myersov\u00e9, boh\u00e9msk\u00e9 Australanky, kterou objevila je\u0161t\u011b na um\u011bleck\u00e9 \u0161kole, a jej\u00ed pubert\u00e1ln\u00ed posedlost Marilyn Monroe. K dal\u0161\u00edm inspira\u010dn\u00edm zdroj\u016fm pat\u0159\u00ed p\u00edsn\u011b dal\u0161\u00ed Australanky, zp\u011bva\u010dky Chrissy Amphlett, kter\u00e1 se pozd\u011bji stala Emminou p\u0159\u00edtelkyn\u00ed, obraz italsk\u00e9 here\u010dky Monicy Vitti, ztracen\u00e9 v my\u0161lenk\u00e1ch na ostrov\u011b s rozpu\u0161t\u011bn\u00fdmi vlasy, kter\u00fd j\u00ed v\u017edy p\u0159ipom\u00ednal jej\u00ed matku. D\u00e1le to byli surrealist\u00e9, nap\u0159\u00edklad mexick\u00e1 mal\u00ed\u0159ka britsk\u00e9ho p\u016fvodu Leonora Carrington, jedna ze zakladatelek hnut\u00ed za osvobozen\u00ed \u017een, jej\u00ed\u017e symbolick\u00e1 zobrazen\u00ed Emmu v\u017edy p\u0159itahovala. Se stejnou fascinac\u00ed vn\u00edmala snov\u00e9 obrazy Mexi\u010dana Remedia Varo a Ameri\u010danku Gertrude Abercrombie, kter\u00e1 ve sv\u00fdch d\u00edlech \u010dasto zobrazovala mal\u00e9 sovy a ko\u010dky.<\/p>\n<p>D\u016fv\u011bru ve svou vlastn\u00ed kreativitu Emma z\u00edskala d\u00edky sv\u00e9 matce, se kterou v d\u011btstv\u00ed vyr\u00e1b\u011bla vlastn\u00ed oble\u010den\u00ed. D\u016fle\u017eit\u00fd vliv na ni m\u011bl i jej\u00ed d\u011bde\u010dek, kter\u00fd ji inspiroval k jin\u00e9mu pohledu na sv\u011bt. Pro ni a jej\u00ed sestry chystal projekce vlastn\u00edch fotografi\u00ed, nebo prom\u00edtal sv\u00e9 nejobl\u00edben\u011bj\u0161\u00ed filmy, poslouchal s nimi hudbu \u010di tan\u010dil na zahrad\u011b. \u201eHodn\u011b z m\u00e9 tendence vypr\u00e1v\u011bt p\u0159\u00edb\u011bhy skrze vizualitu poch\u00e1z\u00ed od m\u00e9ho d\u011bde\u010dka. Byla jsem divok\u00e9 d\u00edt\u011b a on m\u011b, stejn\u011b jako moje matka, v\u017edy velmi podporoval. Oba mi v\u0161t\u00edpili citov\u00fd vztah ke zv\u00ed\u0159at\u016fm a p\u0159\u00edrod\u011b, a proto z\u016fst\u00e1vaj\u00ed v m\u00e9 tvorb\u011b t\u00e9m\u011b\u0159 v\u017edy p\u0159\u00edtomni.\u201c<\/p>\n<p>P\u0159ed zah\u00e1jen\u00edm focen\u00ed se Emma sama sebe pt\u00e1: \u201eKdo je ta \u017eena v m\u00e9m p\u0159\u00edb\u011bhu?\u201c Je to toti\u017e v\u017edy ona, zejm\u00e9na jej\u00ed lidskost, co ji skute\u010dn\u011b inspiruje. \u201eAbyste ve druh\u00fdch na\u0161li hloubku, mus\u00edte b\u00fdt zraniteln\u00ed,\u201c \u0159\u00edk\u00e1. Kalend\u00e1\u0159 v hled\u00e1n\u00ed odpov\u011bd\u00ed na ot\u00e1zky za\u010d\u00edn\u00e1 slovy \u2013 \u201eKdo je ta \u017eena, koho miluje, jak miluje?\u201c \u2013 Emma si v duchu p\u0159edstavovala, k\u00fdm by ka\u017ed\u00e1 z \u017een mohla b\u00fdt. Nit, kter\u00e1 by je v\u0161echny spojovala, ale st\u00e1le chyb\u011bla. Ozna\u010dit je jako \u201em\u00fazy\u201c se j\u00ed proto stalo vhodn\u00fdm sty\u010dn\u00fdm bodem: v\u0161echny \u017eeny p\u0159ed objektivem budou modelkami, ale tak\u00e9 m\u00fazami. Ka\u017ed\u00e1 z nich bude portr\u00e9tov\u00e1na podle toho, jak se jev\u00ed sv\u011btu, jak ji vid\u00ed oko fotografa.<\/p>\n<p>V\u00fdchoz\u00edm bodem pro Emminu my\u0161lenku byla m\u00faza \u2013 fotografka, pro kterou vybrala Guinevere van Seenus. D\u00e1le p\u0159i\u0161la na \u0159adu Sasha Pivovarova, modelka, ale tak\u00e9 mal\u00ed\u0159ka. Pivovarovou si p\u0159edstavila, jak kresl\u00ed na zdi v prostoru, kter\u00fd evokuje barevn\u00e1 a boh\u00e9msk\u00e1 d\u00edla Valiho Myerse. \u201eJsou tam smy\u010dky a kruhy, kter\u00e9 se spojuj\u00ed, proto\u017ee Sasha st\u00edr\u00e1 rozd\u00edl mezi prac\u00ed modelky a malov\u00e1n\u00edm, vytv\u00e1\u0159\u00ed tak kr\u00e1snou synergii,\u201c \u0159\u00edk\u00e1 Emma Summerton.<\/p>\n<p>Zbytek u\u017e do sebe zapadl s\u00e1m. Modelka, here\u010dka a hudebnice Cara Delevingne se stala performerkou, kter\u00e1 navzdory v\u0161emu v\u017edy v\u00edt\u011bzn\u011b vyjde ze sv\u00e9ho fantastick\u00e9ho vnit\u0159n\u00edho sv\u011bta; Karlie Kloss je v\u011bdkyn\u00ed, kter\u00e1 r\u00e1da u\u010d\u00ed k\u00f3dov\u00e1n\u00ed ve futuristick\u00e9 krajin\u011b virtu\u00e1ln\u00ed reality; Bella Hadid je v\u00edlou, kter\u00e1 ze sebe odhaluje jen tolik, kolik chce, abyste v\u011bd\u011bli; Ashley Graham je aktivistkou, kter\u00e1 odpo\u010d\u00edvaj\u00edc\u00ed na pohovce z\u00e1\u0159\u00ed oble\u010den\u00e1 do brn\u011bn\u00ed a vyz\u00fdvav\u011b hled\u00ed do kamery; Lauren Wasser je atletkou zobrazenou na pust\u00e9, t\u00e9m\u011b\u0159 m\u011bs\u00ed\u010dn\u00ed krajin\u011b jako mimozemsk\u00e1 kr\u00e1lovna p\u0159ipraven\u00e1 k boji; Adut Akech je lovkyn\u00ed sn\u016f zt\u011bles\u0148uj\u00edc\u00ed poetick\u00fd p\u0159\u00edb\u011bh sv\u00e9ho \u017eivota o vykoupen\u00ed; Adwoa Aboah je kr\u00e1lovnou, jej\u00ed\u017e klid a kr\u00e1lovsk\u00e9 chov\u00e1n\u00ed pop\u00edraj\u00ed jej\u00ed vnit\u0159n\u00ed boje, kter\u00e9 sn\u00e1\u0161\u00ed s eleganc\u00ed Nefertiti; Lila Mossov\u00e1 je v\u011b\u0161tkyn\u00ed, je mlad\u00e1, ale svou moudrou du\u0161\u00ed spjat\u00e1 se zem\u00ed; Emily Ratajkowski je spisovatelkou odr\u00e1\u017eej\u00edc\u00ed \u010d\u00e1st sv\u00e9 tv\u00e1\u0159e v zrcadle, jako by se ptala: \u201eJak\u00e1 si mysl\u00ed\u0161, \u017ee doopravdy jsem?\u201c.<\/p>\n<p>Kaya Wilkins je hudebnic\u00ed, jej\u00ed\u017e texty se inspiruj\u00ed havranem, je zobrazen\u00e1 v boh\u00e9msk\u00e9m prost\u0159ed\u00ed; Precious Lee je vyprav\u011b\u010dkou, jej\u00ed\u017e sv\u011bty vypov\u00eddaj\u00ed o cest\u011b, kterou vykresluje nap\u0159\u00ed\u010d v\u0161emi m\u00e9dii v\u010detn\u011b filmu; He Cong je mudrcovnou vykreslenou ve sv\u00e9m vrozen\u00e9m klidu a laskavosti.<\/p>\n<p>Emma Summerton v\u017edy usiluje o nav\u00e1z\u00e1n\u00ed osobn\u00ed spolupr\u00e1ce se sv\u00fdmi modely, vstupuje s nimi do \u0161ir\u0161\u00edho, hlub\u0161\u00edho rozhovoru. Kalend\u00e1\u0159 Pirelli 2023 je pro Emmu poctou jak tv\u016fr\u010d\u00edmu procesu, tak zp\u016fsobu, jak\u00fdm ka\u017ed\u00e1 m\u00faza promlouv\u00e1 ke v\u0161em spole\u010dn\u00e9mu vl\u00e1knu lidsk\u00fdch emoc\u00ed a inspirace.<\/p>\n<p><img loading=\"lazy\" decoding=\"async\" class=\"alignnone wp-image-9966\" src=\"http:\/\/www.automakersnews.cz\/wp-content\/uploads\/2022\/12\/pirelii-2-300x225.jpg\" alt=\"\" width=\"895\" height=\"671\" srcset=\"https:\/\/www.automakersnews.cz\/wp-content\/uploads\/2022\/12\/pirelii-2-300x225.jpg 300w, https:\/\/www.automakersnews.cz\/wp-content\/uploads\/2022\/12\/pirelii-2-326x245.jpg 326w, https:\/\/www.automakersnews.cz\/wp-content\/uploads\/2022\/12\/pirelii-2-80x60.jpg 80w, https:\/\/www.automakersnews.cz\/wp-content\/uploads\/2022\/12\/pirelii-2.jpg 605w\" sizes=\"auto, (max-width: 895px) 100vw, 895px\" \/><\/p>\n","protected":false},"excerpt":{"rendered":"<div class=\"mh-excerpt\"><p>Jedin\u00fd v\u00fdtisk kalend\u00e1\u0159e Pirelli ur\u010den\u00fd pro \u010ceskou republiku, konkr\u00e9tn\u011b jeho 49. edice v\u011bnovan\u00e1 m\u00faz\u00e1m, byl vydra\u017een online prost\u0159ednictv\u00edm iDNES.cz za 70 000 korun, co\u017e je <a class=\"mh-excerpt-more\" href=\"https:\/\/www.automakersnews.cz\/index.php\/2022\/12\/21\/kalendar-pirelli-2023-vydrazen\/\" title=\"Kalend\u00e1\u0159 Pirelli 2023 vydra\u017een\">[&#8230;]<\/a><\/p>\n<\/div>","protected":false},"author":4,"featured_media":9936,"comment_status":"open","ping_status":"open","sticky":false,"template":"","format":"standard","meta":{"footnotes":""},"categories":[10,2,47],"tags":[],"class_list":["post-9931","post","type-post","status-publish","format-standard","has-post-thumbnail","hentry","category-eventy","category-news","category-pneu"],"_links":{"self":[{"href":"https:\/\/www.automakersnews.cz\/index.php\/wp-json\/wp\/v2\/posts\/9931","targetHints":{"allow":["GET"]}}],"collection":[{"href":"https:\/\/www.automakersnews.cz\/index.php\/wp-json\/wp\/v2\/posts"}],"about":[{"href":"https:\/\/www.automakersnews.cz\/index.php\/wp-json\/wp\/v2\/types\/post"}],"author":[{"embeddable":true,"href":"https:\/\/www.automakersnews.cz\/index.php\/wp-json\/wp\/v2\/users\/4"}],"replies":[{"embeddable":true,"href":"https:\/\/www.automakersnews.cz\/index.php\/wp-json\/wp\/v2\/comments?post=9931"}],"version-history":[{"count":0,"href":"https:\/\/www.automakersnews.cz\/index.php\/wp-json\/wp\/v2\/posts\/9931\/revisions"}],"wp:featuredmedia":[{"embeddable":true,"href":"https:\/\/www.automakersnews.cz\/index.php\/wp-json\/wp\/v2\/media\/9936"}],"wp:attachment":[{"href":"https:\/\/www.automakersnews.cz\/index.php\/wp-json\/wp\/v2\/media?parent=9931"}],"wp:term":[{"taxonomy":"category","embeddable":true,"href":"https:\/\/www.automakersnews.cz\/index.php\/wp-json\/wp\/v2\/categories?post=9931"},{"taxonomy":"post_tag","embeddable":true,"href":"https:\/\/www.automakersnews.cz\/index.php\/wp-json\/wp\/v2\/tags?post=9931"}],"curies":[{"name":"wp","href":"https:\/\/api.w.org\/{rel}","templated":true}]}}