{"id":99698,"date":"2023-09-11T06:24:55","date_gmt":"2023-09-11T06:24:55","guid":{"rendered":"https:\/\/www.automakersnews.cz\/?p=99698"},"modified":"2023-09-12T06:37:03","modified_gmt":"2023-09-12T06:37:03","slug":"kia-slavi-30-let-limitovanou-edici","status":"publish","type":"post","link":"https:\/\/www.automakersnews.cz\/index.php\/2023\/09\/11\/kia-slavi-30-let-limitovanou-edici\/","title":{"rendered":"Kia slav\u00ed 30 let limitovanou edic\u00ed"},"content":{"rendered":"<p><strong>Kia uv\u00e1d\u00ed na trh ak\u010dn\u00ed EDICI 30 pro modely Kia Ceed hatchback, Ceed Sportswagon a SUV Sportage. Speci\u00e1ln\u00ed nab\u00eddkou oslavuje zna\u010dka 30 let sv\u00e9ho p\u016fsoben\u00ed na tuzemsk\u00e9m trhu, jako\u017eto 30 let od zah\u00e1jen\u00ed v\u00fdroby modelu Sportage. <\/strong><!--more--><\/p>\n<p>Za tuto dobu se Kia dostala mezi p\u011bt nejobl\u00edben\u011bj\u0161\u00edch automobilek v\u00a0\u010cesk\u00e9 republice a pozici v\u00a0TOP 5 dr\u017e\u00ed ji\u017e t\u0159et\u00edm rokem v \u0159ad\u011b. S\u00a0aktu\u00e1ln\u00edm pod\u00edlem 5,24 % sm\u011b\u0159uje Kia k zavr\u0161en\u00ed jubilejn\u00edho 30. roku s\u00a0nejvy\u0161\u0161\u00edm po\u010dtem prodan\u00fdch aut v\u00a0historii.<\/p>\n<p>\u201eChci pod\u011bkovat v\u0161em na\u0161im z\u00e1kazn\u00edk\u016fm i fanou\u0161k\u016fm. V\u00a0po\u010dtu prodan\u00fdch voz\u016f pozorujeme za prvn\u00edch osm m\u011bs\u00edc\u016f meziro\u010dn\u00ed n\u00e1r\u016fst o 12 % a absolutn\u00ed \u010d\u00edsla n\u00e1m d\u00e1vaj\u00ed sign\u00e1l, \u017ee bychom na konci roku mohli dos\u00e1hnout nejvy\u0161\u0161\u00edch prodej\u016f v\u00a0historii. Ak\u010dn\u00ed EDICE 30 je proto pomysln\u00fdm d\u00e1rkem, kter\u00fd m\u016f\u017ee ud\u011blat radost jak na\u0161im skaln\u00edm p\u0159\u00edznivc\u016fm, tak i nov\u00fdm z\u00e1kazn\u00edk\u016fm,\u201c uvedl Arno\u0161t Barna, gener\u00e1ln\u00ed \u0159editel Kia Czech, a dodal: \u201eModely Ceed spole\u010dn\u011b se Sportage generuj\u00ed p\u0159ibli\u017en\u011b 72 % na\u0161ich prodej\u016f. Bylo tak logick\u00fdm krokem roz\u0161\u00ed\u0159it na\u0161i nab\u00eddku o EDICI 30 pr\u00e1v\u011b u t\u011bchto model\u016f, kter\u00e9 jsou nej\u010dast\u011bj\u0161\u00ed volbou na\u0161ich z\u00e1kazn\u00edk\u016f.\u201c<\/p>\n<p>V\u0161echny modely zahrnut\u00e9 do v\u00fdro\u010dn\u00ed EDICE 30 spojuje barva laku \u0160ed\u00e1 Wolf a \u010dern\u011b leskl\u00e1 maska chladi\u010de. Zat\u00edmco modely z \u0159ady Ceed jsou k dispozici v jedin\u00e9 variant\u011b motorizace 1,5 T-GDi s 6stup\u0148ovou manu\u00e1ln\u00ed p\u0159evodovkou, v p\u0159\u00edpad\u011b Sportage je nab\u00eddka pohonn\u00fdch jednotek v r\u00e1mci EDICE 30 \u0161ir\u0161\u00ed. Vedle varianty s \u010dist\u011b spalovac\u00edm motorem 1,6 T-GDi s 6stup\u0148ovou manu\u00e1ln\u00ed p\u0159evodovkou, pohonem p\u0159edn\u00edch kol a v\u00fdkonem 110 kW\/150 k je k dispozici mild-hybridn\u00ed motorizace s automatickou p\u0159evodovkou 1,6 T-GDi MHEV se 7stup\u0148ovou dvouspojkovou p\u0159evodovkou, pohonem p\u0159edn\u00edch kol, kombinovan\u00e9m syst\u00e9mov\u00e9m v\u00fdkonu 110 kW\/150 k a pln\u011b hybridn\u00ed 1,6 T-GDi HEV s 6stup\u0148ovou automatickou p\u0159evodovkou, pohonem p\u0159edn\u00edch kol a kombinovan\u00fdm syst\u00e9mov\u00fdm v\u00fdkonem 169 kW\/230 k. V\u00fdbava model\u016f vych\u00e1z\u00ed ze stupn\u011b Exclusive, byla v\u0161ak dopln\u011bna o \u0159adu vizu\u00e1ln\u00edch i funk\u010dn\u00edch prvk\u016f.<\/p>\n<p>Modely Ceed hatchback a Ceed Sportswagon dostaly v\u00a0r\u00e1mci EDICE 30 nav\u00edc 17&#8243; kola z lehk\u00e9 slitiny s pneumatikami 225\/45 R17, p\u0159edn\u00ed Full LED sv\u011btlomety, vyh\u0159\u00edvan\u00e1, elektricky ovl\u00e1dan\u00e1 a sklopn\u00e1 \u010dern\u011b lakovan\u00e1 zp\u011btn\u00e1 zrc\u00e1tka, bedern\u00ed op\u011brky pro p\u0159edn\u00ed sedadla, v\u00fd\u0161kov\u011b staviteln\u00e9 sedadlo spolujezdce, 10,25&#8243; integrovanou GPS navigac\u00ed s\u00a0podporou DAB, Kia Connect, Android Auto\/Apple CarPlay a zadn\u00ed parkovac\u00ed kameru.<\/p>\n<p>V\u00a0interi\u00e9ru jsou sou\u010d\u00e1st\u00ed standardn\u00ed v\u00fdbavy vyh\u0159\u00edvan\u00e1 sedadla a volant, \u010daloun\u011bn\u00ed interi\u00e9ru je provedeno v\u00a0kombinaci l\u00e1tka\/um\u011bl\u00e1 k\u016f\u017ee. Karos\u00e1\u0159sk\u00e1 varianta\u00a0<strong>Ceed hatchback<\/strong>\u00a0m\u00e1 ve standardn\u00ed v\u00fdbav\u011b je\u0161t\u011b zadn\u00ed LED sv\u011btlomety \u201epl\u00e1stnicov\u00e9ho\u201c typu, p\u0159i\u010dem\u017e ak\u010dn\u00ed cena t\u00e9to\u00a0<strong>EDICE 30<\/strong>\u00a0za\u010d\u00edn\u00e1 na\u00a0<strong>559 980 korun<\/strong>. Verze Sportswagon je nav\u00edc vybavena p\u0159edn\u00edmi LED mlhov\u00fdmi sv\u011btlomety a v\u00a0interi\u00e9ru d\u011blen\u00fdmi zadn\u00edmi op\u011bradly v pom\u011bru 40:20:40. Ak\u010dn\u00ed cena Kia\u00a0<strong>Ceed Sportswagon EDICE 30\u00a0<\/strong>\u010din\u00ed\u00a0<strong>584\u00a0980 korun<\/strong>.<\/p>\n<p>U modelu Sportage nab\u00edz\u00ed EDICE 30 oproti stupni Exclusive 18\u201c kola z lehk\u00e9 slitiny u verze HEV, resp. 19\u201c u dvou zb\u00fdvaj\u00edc\u00edch motorizac\u00ed, zatmaven\u00e1 skla, zadn\u00ed Full LED sv\u011btlomety, bezkl\u00ed\u010dov\u00fd vstup Smart Key, 12,3&#8243; digit\u00e1ln\u00ed p\u0159\u00edstrojov\u00fd \u0161t\u00edt, elektricky staviteln\u00e1 p\u0159edn\u00ed sedadla a \u010daloun\u011bn\u00ed sedadel v kombinaci semi\u0161\/um\u011bl\u00e1 k\u016f\u017ee.\u00a0<strong>Ak\u010dn\u00ed cena Kia Sportage<\/strong>\u00a0<strong>EDICE 30<\/strong>\u00a0za\u010d\u00edn\u00e1 s\u00a0motorizac\u00ed\u00a0<strong>1,6 T-GDi GPF 4<\/strong><strong>\u00d7<\/strong><strong>2 6MT 150 k\/110 kW<\/strong>\u00a0na\u00a0<strong>779\u00a0980 korun\u00a0<\/strong><sup>(1).<\/sup>\u00a0U varianty MHEV se sedmistup\u0148ovou dvouspojkovou automatickou p\u0159evodovkou 7DCT si z\u00e1kazn\u00edk p\u0159iplat\u00ed 70\u00a0000 korun. Ak\u010dn\u00ed cena s\u00a0nejvy\u0161\u0161\u00ed motorizac\u00ed\u00a0<strong>1,6 T-GDi 4<\/strong><strong>\u00d7<\/strong><strong>2 HEV 6AT 230 k\/169 kW<\/strong>\u00a0\u010din\u00ed\u00a0<strong>959 980 korun<\/strong>.<\/p>\n<p>Prodej v\u0161ech model\u016f v pojet\u00ed EDICE 30 byl zah\u00e1jen za\u010d\u00e1tkem z\u00e1\u0159\u00ed 2023.<\/p>\n<p><img loading=\"lazy\" decoding=\"async\" class=\"alignnone wp-image-99701\" src=\"http:\/\/www.automakersnews.cz\/wp-content\/uploads\/2023\/09\/kia-2-300x181.jpg\" alt=\"\" width=\"729\" height=\"440\" srcset=\"https:\/\/www.automakersnews.cz\/wp-content\/uploads\/2023\/09\/kia-2-300x181.jpg 300w, https:\/\/www.automakersnews.cz\/wp-content\/uploads\/2023\/09\/kia-2-1024x619.jpg 1024w, https:\/\/www.automakersnews.cz\/wp-content\/uploads\/2023\/09\/kia-2-768x464.jpg 768w, https:\/\/www.automakersnews.cz\/wp-content\/uploads\/2023\/09\/kia-2-1536x928.jpg 1536w, https:\/\/www.automakersnews.cz\/wp-content\/uploads\/2023\/09\/kia-2-2048x1237.jpg 2048w\" sizes=\"auto, (max-width: 729px) 100vw, 729px\" \/><\/p>\n","protected":false},"excerpt":{"rendered":"<div class=\"mh-excerpt\"><p>Kia uv\u00e1d\u00ed na trh ak\u010dn\u00ed EDICI 30 pro modely Kia Ceed hatchback, Ceed Sportswagon a SUV Sportage. Speci\u00e1ln\u00ed nab\u00eddkou oslavuje zna\u010dka 30 let sv\u00e9ho p\u016fsoben\u00ed <a class=\"mh-excerpt-more\" href=\"https:\/\/www.automakersnews.cz\/index.php\/2023\/09\/11\/kia-slavi-30-let-limitovanou-edici\/\" title=\"Kia slav\u00ed 30 let limitovanou edic\u00ed\">[&#8230;]<\/a><\/p>\n<\/div>","protected":false},"author":4,"featured_media":99702,"comment_status":"open","ping_status":"open","sticky":false,"template":"","format":"standard","meta":{"footnotes":""},"categories":[23],"tags":[],"class_list":["post-99698","post","type-post","status-publish","format-standard","has-post-thumbnail","hentry","category-vyroci"],"_links":{"self":[{"href":"https:\/\/www.automakersnews.cz\/index.php\/wp-json\/wp\/v2\/posts\/99698","targetHints":{"allow":["GET"]}}],"collection":[{"href":"https:\/\/www.automakersnews.cz\/index.php\/wp-json\/wp\/v2\/posts"}],"about":[{"href":"https:\/\/www.automakersnews.cz\/index.php\/wp-json\/wp\/v2\/types\/post"}],"author":[{"embeddable":true,"href":"https:\/\/www.automakersnews.cz\/index.php\/wp-json\/wp\/v2\/users\/4"}],"replies":[{"embeddable":true,"href":"https:\/\/www.automakersnews.cz\/index.php\/wp-json\/wp\/v2\/comments?post=99698"}],"version-history":[{"count":0,"href":"https:\/\/www.automakersnews.cz\/index.php\/wp-json\/wp\/v2\/posts\/99698\/revisions"}],"wp:featuredmedia":[{"embeddable":true,"href":"https:\/\/www.automakersnews.cz\/index.php\/wp-json\/wp\/v2\/media\/99702"}],"wp:attachment":[{"href":"https:\/\/www.automakersnews.cz\/index.php\/wp-json\/wp\/v2\/media?parent=99698"}],"wp:term":[{"taxonomy":"category","embeddable":true,"href":"https:\/\/www.automakersnews.cz\/index.php\/wp-json\/wp\/v2\/categories?post=99698"},{"taxonomy":"post_tag","embeddable":true,"href":"https:\/\/www.automakersnews.cz\/index.php\/wp-json\/wp\/v2\/tags?post=99698"}],"curies":[{"name":"wp","href":"https:\/\/api.w.org\/{rel}","templated":true}]}}