{"id":99705,"date":"2023-09-12T09:16:40","date_gmt":"2023-09-12T09:16:40","guid":{"rendered":"https:\/\/www.automakersnews.cz\/?p=99705"},"modified":"2023-09-12T09:16:40","modified_gmt":"2023-09-12T09:16:40","slug":"gebruder-weiss-rozsiruje-jenec","status":"publish","type":"post","link":"https:\/\/www.automakersnews.cz\/index.php\/2023\/09\/12\/gebruder-weiss-rozsiruje-jenec\/","title":{"rendered":"Gebr\u00fcder Weiss roz\u0161i\u0159uje Jene\u010d"},"content":{"rendered":"<p><strong>V\u00a0srpnu za\u010daly p\u016flro\u010dn\u00ed stavebn\u00ed pr\u00e1ce na roz\u0161i\u0159ov\u00e1n\u00ed centr\u00e1ly Gebr\u00fcder Weiss v\u00a0Jen\u010di u Prahy, kde vzniknou dv\u011b nov\u00e9 skladov\u00e9 haly s\u00a0plochou\u00a0<\/strong><strong>4 400 metr\u016f \u010dtvere\u010dn\u00edch a\u00a0<\/strong><strong>kapacitou 5 000 paletov\u00fdch m\u00edst. <\/strong><!--more--><\/p>\n<p>Roz\u0161\u00ed\u0159en\u00ed st\u00e1vaj\u00edc\u00edho prostoru podpo\u0159\u00ed vysok\u00e9 standardy kvality slu\u017eeb, kter\u00e9 poskytujeme na\u0161im z\u00e1kazn\u00edk\u016fm v oblasti kontraktn\u00ed logistiky a logistick\u00fdch \u0159e\u0161en\u00ed na m\u00edru. Skv\u011bl\u00e1 vybavenost hal zase p\u0159inese podn\u011btn\u00e9 a p\u0159\u00edjemn\u00e9 pracovn\u00ed prost\u0159ed\u00ed na\u0161im zam\u011bstnanc\u016fm. Ob\u011b tyto hodnoty jsou pro na\u0161i spole\u010dnost kl\u00ed\u010dov\u00e9.<\/p>\n<p><em>\u201eInvestice do modern\u00edho vybaven\u00ed skladov\u00fdch hal je mo\u017en\u00e1 d\u00edky\u00a0<\/em><em>dlouhodob\u00e9mu \u00fasp\u011bchu Gebr\u00fcder Weiss na \u010desk\u00e9m trhu, za kter\u00fdm stoj\u00ed p\u00edle a skv\u011bl\u00e1 pr\u00e1ce na\u0161ich zam\u011bstnanc\u016f,\u201c<\/em>uv\u00e1d\u00ed Karel \u0160indel\u00e1\u0159, oblastn\u00ed \u0159editel Gebr\u00fcder Weiss \u010cR pro oblast \u010cechy.<\/p>\n<p>Nosnost st\u0159ech dvou nov\u00fdch skladov\u00fdch hal je uzp\u016fsobena tak, aby umo\u017enila instalaci fotovoltaick\u00e9 elektr\u00e1rny, se kterou se po\u010d\u00edt\u00e1 je\u0161t\u011b do konce roku 2023. Fotovoltaick\u00e9 panely pro v\u00fdrobu sol\u00e1rn\u00ed energie jsou v\u00a0pl\u00e1nu i v dal\u0161\u00edch pobo\u010dk\u00e1ch Gebr\u00fcder Weiss, nap\u0159\u00edklad v Syrovic\u00edch u Brna, a to s\u00a0ohledem na pln\u011bn\u00ed na\u0161eho c\u00edle, dos\u00e1hnout do roku 2030 uhl\u00edkov\u00e9 neutrality.<\/p>\n<p>Nechyb\u00ed ani dal\u0161\u00ed modern\u00ed v\u00fdbava skladov\u00fdch hal na z\u00e1klad\u011b nov\u00fdch technologi\u00ed \u2013 vybaveny budou nap\u0159\u00edklad inteligentn\u00edm LED osv\u011btlen\u00edm, jeho\u017e \u010didla reaguj\u00ed na intenzitu venkovn\u00edho sv\u011btla a tak\u00e9 na pohyb lid\u00ed \u010di techniky. Topen\u00ed zajist\u00ed tepeln\u00e1 \u010derpadla, d\u00edky kter\u00fdm bude mo\u017en\u00e9 sklad z\u00e1rove\u0148 v letn\u00edch m\u011bs\u00edc\u00edch chladit. Na m\u00edst\u011b bude i syst\u00e9m pro monitoring teploty a vlhkosti vzduchu.<\/p>\n<p>&#8222;<em>Dostavba<\/em>\u00a0<em>modern\u00edch hal p\u0159inese roz\u0161\u00ed\u0159en\u00ed logistick\u00e9 plochy pro kontraktn\u00ed logistiku, a to i v oblasti skladov\u00e1n\u00ed nebezpe\u010dn\u00e9ho zbo\u017e\u00ed, kde p<\/em><em>\u0159ibude v\u00edce ne\u017e 300 paletov\u00fdch m\u00edst pro ho\u0159laviny 1. a 2. t\u0159\u00eddy a tak\u00e9 plocha pro skladov\u00e1n\u00ed kapaln\u00fdch peroxid\u016f v teplotn\u00edm re\u017eimu,\u201c\u00a0<\/em>\u0159\u00edk\u00e1 obchodn\u00ed a marketingov\u00fd \u0159editel Gebr\u00fcder Weiss \u010cR Jan Kodada a dod\u00e1v\u00e1:\u00a0<em>\u201eRoz\u0161\u00ed\u0159en\u00ed Jene\u010dsk\u00e9ho are\u00e1lu\u00a0<\/em><em>podpo\u0159\u00ed v<\/em><em>ysok\u00fd standard slu\u017eeb pro na\u0161e z\u00e1kazn\u00edky a z\u00e1rove\u0148 je d\u016fle\u017eit\u00fdm krokem v\u00a0oblasti\u00a0 udr\u017eitelnosti, co\u017e pat\u0159\u00ed k hlavn\u00edm firemn\u00edm hodnot\u00e1m\u00a0 Gebr\u00fcder Weiss.\u201c<\/em><\/p>\n","protected":false},"excerpt":{"rendered":"<div class=\"mh-excerpt\"><p>V\u00a0srpnu za\u010daly p\u016flro\u010dn\u00ed stavebn\u00ed pr\u00e1ce na roz\u0161i\u0159ov\u00e1n\u00ed centr\u00e1ly Gebr\u00fcder Weiss v\u00a0Jen\u010di u Prahy, kde vzniknou dv\u011b nov\u00e9 skladov\u00e9 haly s\u00a0plochou\u00a04 400 metr\u016f \u010dtvere\u010dn\u00edch a\u00a0kapacitou 5 <a class=\"mh-excerpt-more\" href=\"https:\/\/www.automakersnews.cz\/index.php\/2023\/09\/12\/gebruder-weiss-rozsiruje-jenec\/\" title=\"Gebr\u00fcder Weiss roz\u0161i\u0159uje Jene\u010d\">[&#8230;]<\/a><\/p>\n<\/div>","protected":false},"author":4,"featured_media":99708,"comment_status":"open","ping_status":"open","sticky":false,"template":"","format":"standard","meta":{"footnotes":""},"categories":[26,2],"tags":[],"class_list":["post-99705","post","type-post","status-publish","format-standard","has-post-thumbnail","hentry","category-logistika","category-news"],"_links":{"self":[{"href":"https:\/\/www.automakersnews.cz\/index.php\/wp-json\/wp\/v2\/posts\/99705","targetHints":{"allow":["GET"]}}],"collection":[{"href":"https:\/\/www.automakersnews.cz\/index.php\/wp-json\/wp\/v2\/posts"}],"about":[{"href":"https:\/\/www.automakersnews.cz\/index.php\/wp-json\/wp\/v2\/types\/post"}],"author":[{"embeddable":true,"href":"https:\/\/www.automakersnews.cz\/index.php\/wp-json\/wp\/v2\/users\/4"}],"replies":[{"embeddable":true,"href":"https:\/\/www.automakersnews.cz\/index.php\/wp-json\/wp\/v2\/comments?post=99705"}],"version-history":[{"count":0,"href":"https:\/\/www.automakersnews.cz\/index.php\/wp-json\/wp\/v2\/posts\/99705\/revisions"}],"wp:featuredmedia":[{"embeddable":true,"href":"https:\/\/www.automakersnews.cz\/index.php\/wp-json\/wp\/v2\/media\/99708"}],"wp:attachment":[{"href":"https:\/\/www.automakersnews.cz\/index.php\/wp-json\/wp\/v2\/media?parent=99705"}],"wp:term":[{"taxonomy":"category","embeddable":true,"href":"https:\/\/www.automakersnews.cz\/index.php\/wp-json\/wp\/v2\/categories?post=99705"},{"taxonomy":"post_tag","embeddable":true,"href":"https:\/\/www.automakersnews.cz\/index.php\/wp-json\/wp\/v2\/tags?post=99705"}],"curies":[{"name":"wp","href":"https:\/\/api.w.org\/{rel}","templated":true}]}}