{"id":99709,"date":"2023-09-13T06:16:22","date_gmt":"2023-09-13T06:16:22","guid":{"rendered":"https:\/\/www.automakersnews.cz\/?p=99709"},"modified":"2023-09-13T06:16:22","modified_gmt":"2023-09-13T06:16:22","slug":"renault-ukazal-elektricky-scenic-e-tech","status":"publish","type":"post","link":"https:\/\/www.automakersnews.cz\/index.php\/2023\/09\/13\/renault-ukazal-elektricky-scenic-e-tech\/","title":{"rendered":"Renault uk\u00e1zal elektrick\u00fd SCENIC E-TECH"},"content":{"rendered":"<p><strong>Renault si pro mnichovsk\u00fd autosalon p\u0159ichystal elektrickou novinku. Po modelu Megane p\u0159i\u0161la na \u0159adu elektrifikace Scenicu, ktery\u0301 chce podle automobilky znovu objevit sebe sama a st\u00e1t se v\u016fd\u010d\u00ed osobnost\u00ed nov\u00e9 generace francouzsk\u00fdch elektromobil\u016f. <\/strong><!--more--><\/p>\n<p>Scenic E-Tech elektricky\u0301 byl podle v\u00fdrobce navr\u017een\u00fd v souladu se strategicky\u0301m pl\u00e1nem Renaulution, nebo\u0165 kombinuje elektrickou modernu, u\u017eite\u010dn\u00e9 a intuitivn\u00ed technologie a udr\u017eiteln\u011bj\u0161\u00ed design.<\/p>\n<p>&#8222;St\u00e1v\u00e1 se prvn\u00edm s\u00e9riovy\u0301m vozem, ktery\u0301 zt\u011bles\u0148uje ambice skupiny Renault st\u00e1t se automobilkou nov\u00e9 generace slou\u017e\u00edc\u00ed ke spr\u00e1vn\u00e9mu p\u0159echodu k \u010dist\u00e9 mobilit\u011b a udr\u017eitelnosti. Zt\u011bles\u0148uje tak strategii udr\u017eiteln\u00e9ho rozvoje prost\u0159ednictv\u00edm t\u0159\u00ed pil\u00ed\u0159\u016f: \u017eivotn\u00edho prost\u0159ed\u00ed, bezpe\u010dnosti a inkluze,&#8220; uvedl Renault.<\/p>\n<p><strong>Scenic, 27 let vy\u0301voje<\/strong><\/p>\n<p>Scenic je na trhu ji\u017e 27 let. Tento model se zrodil v roce 1996 (p\u011bt let po p\u0159edstaven\u00ed stejnojmenn\u00e9ho koncep\u010dn\u00edho vozu v roce 1991) a zp\u016fsobil revoluci na trhu t\u00edm, \u017ee se stal prvn\u00edm kompaktn\u00edm MPV v historii automobilov\u00e9ho pr\u016fmyslu. Jeho n\u00e1zev znamen\u00e1 v p\u0159ekladu &#8222;bezpe\u010dnostn\u00ed koncept zt\u011blesn\u011bny\u0301 v nov\u00e9m inovativn\u00edm voze&#8220;.<\/p>\n<p>Rodiny a jejich cestovn\u00ed zvyklosti, stejn\u011b jako jejich hluboce zako\u0159en\u011bn\u00e9 po\u017eadavky, ty\u0301kaj\u00edc\u00ed se dopadu na \u017eivotn\u00ed prost\u0159ed\u00ed a bezpe\u010dnosti, se v pr\u016fb\u011bhu let vyv\u00edjely a Scenic se neust\u00e1le m\u011bnil, aby p\u0159edv\u00eddal a uspokojoval jejich pot\u0159eby. Dnes Scenic se svy\u0301m 100% elektricky\u0301m motorem znovu p\u0159etv\u00e1\u0159\u00ed rodinny\u0301 v\u016fz segmentu C, zve v\u00e1s na vy\u0301let a z\u00e1rove\u0148 si zachov\u00e1v\u00e1 DNA pr\u016fkopnick\u00e9ho rodinn\u00e9ho vozu. Scenic byl v\u017edy navr\u017een tak, aby byl prvn\u00edm vozem v dom\u00e1cnosti, vozem, ktery\u0301 v\u00e1s odveze na v\u00edkend nebo na dovolenou. Takovy\u0301m z\u016fst\u00e1v\u00e1 i nad\u00e1le, s dojezdem p\u0159esahuj\u00edc\u00edm 620 km podle WLTP se stal prvn\u00edm elektromobilem, ktery\u0301 byl navr\u017een udr\u017eiteln\u011bj\u0161\u00edm zp\u016fsobem s ohledem na blaho svy\u0301ch cestuj\u00edc\u00edch a okoln\u00edho sv\u011bta.<\/p>\n<p><img loading=\"lazy\" decoding=\"async\" class=\"alignnone wp-image-99743\" src=\"http:\/\/www.automakersnews.cz\/wp-content\/uploads\/2023\/09\/Renault-SCENIC-E-TECH-small-2-300x200.jpg\" alt=\"\" width=\"842\" height=\"561\" srcset=\"https:\/\/www.automakersnews.cz\/wp-content\/uploads\/2023\/09\/Renault-SCENIC-E-TECH-small-2-300x200.jpg 300w, https:\/\/www.automakersnews.cz\/wp-content\/uploads\/2023\/09\/Renault-SCENIC-E-TECH-small-2-768x512.jpg 768w, https:\/\/www.automakersnews.cz\/wp-content\/uploads\/2023\/09\/Renault-SCENIC-E-TECH-small-2.jpg 840w\" sizes=\"auto, (max-width: 842px) 100vw, 842px\" \/><\/p>\n<p><strong>Rodinny\u0301 v\u016fz<\/strong><\/p>\n<p>Elektricky\u0301 v\u016fz, ktery\u0301 vyu\u017e\u00edv\u00e1 p\u0159ednost\u00ed platformy CMF-EV vyvinut\u00e9 Alianc\u00ed, na n\u00ed\u017e je zalo\u017een, se m\u016f\u017ee pochlubit kompaktn\u00edmi vn\u011bj\u0161\u00edmi rozm\u011bry ve sv\u00e9 t\u0159\u00edd\u011b a rekordn\u00edm prostorem pro cestuj\u00edc\u00ed. K tomu se p\u0159id\u00e1v\u00e1 kompaktn\u00ed baterie s kapacitou a\u017e 87 kWh, kter\u00e1 je\u0161t\u011b v\u00edce p\u0159isp\u00edv\u00e1 k ide\u00e1ln\u00edm proporc\u00edm vozidla. Vy\u0301kon motoru a\u017e 160 kW (ekvivalent 220 k) znamen\u00e1, \u017ee m\u016f\u017eete naplno vyu\u017e\u00edt dynamicky\u0301ch a agiln\u00edch j\u00edzdn\u00edch vlastnost\u00ed p\u0159izp\u016fsobeny\u0301ch ka\u017ed\u00e9 cest\u011b.<\/p>\n<p>Na palub\u011b je pohodl\u00ed pro v\u0161echny cestuj\u00edc\u00ed samoz\u0159ejmost\u00ed, d\u00edky rovn\u00e9 podlaze a dlouh\u00e9mu rozvoru 2,78 metru je vnit\u0159n\u00ed prostor opravdu bohaty\u0301. D\u00edky tomu je zde dostatek m\u00edsta pro cestuj\u00edc\u00ed vzadu s prostorem pro kolena 278 mm i pro zavazadla s objemem zavazadlov\u00e9ho prostoru 545 litr\u016f. Inovativn\u00ed nepr\u016fhledn\u00e9 st\u0159e\u0161n\u00ed okno Solarbay a d\u016fmysln\u00e1 zadn\u00ed loketn\u00ed op\u011brka dopl\u0148uj\u00ed v\u0161estranny\u0301 komfort v kabin\u011b.<\/p>\n<p>Multimedi\u00e1ln\u00ed syst\u00e9m OpenR Link s v\u00edce ne\u017e 50 aplikacemi umo\u017e\u0148uje u\u017eivatel\u016fm v klidu pl\u00e1novat sv\u00e9 cesty a sd\u00edlet p\u0159\u00edjemn\u00e9 chv\u00edle. Jedine\u010dny\u0301 je tak\u00e9 jeho zvukovy\u0301 podpis, a to d\u00edky vy\u0301jime\u010dn\u00e9 spolupr\u00e1ci s um\u011blcem, skladatelem a autorem Jeanem-Michelem Jarrem. A kone\u010dn\u011b, Novy\u0301 Scenic E-Tech elektricky\u0301 bude prvn\u00edm elektromobilem v nab\u00eddce zna\u010dky Renault, ktery\u0301 bude nab\u00edzen v proveden\u00ed Esprit Alpine, je\u017e vyjad\u0159uje emoce i sportovn\u00ed charakter. St\u00e1le se bude vyr\u00e1b\u011bt v z\u00e1vod\u011b v Douai (ElectriCity), stejn\u011b jako v p\u0159\u00edpad\u011b prvn\u00ed generace, do prodeje se dostane na za\u010d\u00e1tku roku 2024.<\/p>\n<p><img loading=\"lazy\" decoding=\"async\" class=\"alignnone wp-image-99741\" src=\"http:\/\/www.automakersnews.cz\/wp-content\/uploads\/2023\/09\/Renault-SCENIC-E-TECH-small-4-300x200.jpg\" alt=\"\" width=\"770\" height=\"513\" srcset=\"https:\/\/www.automakersnews.cz\/wp-content\/uploads\/2023\/09\/Renault-SCENIC-E-TECH-small-4-300x200.jpg 300w, https:\/\/www.automakersnews.cz\/wp-content\/uploads\/2023\/09\/Renault-SCENIC-E-TECH-small-4-768x512.jpg 768w, https:\/\/www.automakersnews.cz\/wp-content\/uploads\/2023\/09\/Renault-SCENIC-E-TECH-small-4.jpg 840w\" sizes=\"auto, (max-width: 770px) 100vw, 770px\" \/><\/p>\n<p><strong>Prvn\u00ed rodinny\u0301 v\u016fz navr\u017eeny\u0301 tak, aby odolal<\/strong><\/p>\n<p>Vybudovat automobilku nov\u00e9 generace znamen\u00e1 p\u0159ehodnotit automobil a jeho vyu\u017eit\u00ed tak, aby nab\u00edzel inovativn\u00ed, odpov\u011bdn\u011bj\u0161\u00ed a bezpe\u010dn\u011bj\u0161\u00ed mobilitu pro co nejv\u00edce lid\u00ed. Znamen\u00e1 to tak\u00e9 sn\u00ed\u017eit dopad vozidel na \u017eivotn\u00ed prost\u0159ed\u00ed v pr\u016fb\u011bhu cel\u00e9ho jejich \u017eivotn\u00edho cyklu: od n\u00e1vrhu, vy\u0301roby a pou\u017e\u00edv\u00e1n\u00ed a\u017e po ukon\u010den\u00ed \u017eivotnosti (od &#8222;kol\u00e9bky do hrobu&#8220;).<\/p>\n<p>P\u00e1t\u00e1 generace vozu Renault Scenic p\u0159in\u00e1\u0161\u00ed novou vizi mobility. Pot\u0159eba racion\u00e1ln\u00ed spot\u0159eby a odpov\u011bdn\u011bj\u0161\u00ed vy\u0301roby se stala v\u0161eobecn\u011b uzn\u00e1vanou. Prost\u0159ednictv\u00edm sv\u00e9ho strategick\u00e9ho pl\u00e1nu Renaulution se skupina Renault transformuje na technologickou spole\u010dnost nov\u00e9 generace, zam\u011b\u0159enou na vytv\u00e1\u0159en\u00ed ekonomicky\u0301ch, environment\u00e1ln\u00edch a soci\u00e1ln\u00edch hodnot, s c\u00edlem dos\u00e1hnout uhl\u00edkov\u00e9 neutrality v Evrop\u011b do roku 2040 a celosv\u011btov\u011b do roku 2050.<\/p>\n<p>Renault p\u0159edstavil na summitu ChangeNOW v roce 2022 koncep\u010dn\u00ed v\u016fz Scenic Vision, ktery\u0301 zt\u011bles\u0148uje touhu zna\u010dky navrhovat udr\u017eiteln\u011bj\u0161\u00ed a vizion\u00e1\u0159\u0161t\u011bj\u0161\u00ed vozidla. Dnes se tato vize poprv\u00e9 napl\u0148uje, a to prvn\u00edm 100% elektricky\u0301m rodinny\u0301m vozem navr\u017eeny\u0301m udr\u017eitelny\u0301m zp\u016fsobem, Novy\u0301m Scenicem E-Tech elektricky\u0301.<\/p>\n<p>Tento 100% elektricky\u0301 rodinny\u0301 v\u016fz je inovativn\u011bj\u0161\u00ed, velkorysej\u0161\u00ed a v\u00edce v souladu s dobou ne\u017e kdykoli p\u0159edt\u00edm a je pr\u016fkopn\u00edkem v oblasti udr\u017eiteln\u00e9ho rozvoje a bezpe\u010dnosti. Novy\u0301 Scenic E-Tech elektricky\u0301, vyr\u00e1b\u011bny\u0301 ve Francii v z\u00e1vod\u011b ElectriCity v Douai, ud\u00e1v\u00e1 novy\u0301 sm\u011br mobility, ktery\u0301 je udr\u017eiteln\u011bj\u0161\u00ed, bezpe\u010dn\u011bj\u0161\u00ed a vizion\u00e1\u0159\u0161t\u011bj\u0161\u00ed.<\/p>\n<p>Jeho elektromotor se rovn\u011b\u017e vyr\u00e1b\u00ed ve Francii, v tov\u00e1rn\u011b Megafactory v Cl\u00e9onu. Vozidlo vyu\u017e\u00edv\u00e1 a\u017e 24 % recyklovany\u0301ch materi\u00e1l\u016f a 90 % jeho hmotnosti &#8211; v\u010detn\u011b baterie &#8211; lze recyklovat pr\u016fmyslovy\u0301mi recykla\u010dn\u00edmi kan\u00e1ly v souladu se sm\u011brnic\u00ed 2005\/64\/ES. Cesta k inovativn\u00ed, odpov\u011bdn\u011bj\u0161\u00ed a bezpe\u010dn\u011bj\u0161\u00ed mobilit\u011b pro co nejv\u00edce lid\u00ed je nyn\u00ed otev\u0159ena!<\/p>\n<p><img loading=\"lazy\" decoding=\"async\" class=\"alignnone wp-image-99742\" src=\"http:\/\/www.automakersnews.cz\/wp-content\/uploads\/2023\/09\/Renault-SCENIC-E-TECH-small-3-300x200.jpg\" alt=\"\" width=\"875\" height=\"583\" srcset=\"https:\/\/www.automakersnews.cz\/wp-content\/uploads\/2023\/09\/Renault-SCENIC-E-TECH-small-3-300x200.jpg 300w, https:\/\/www.automakersnews.cz\/wp-content\/uploads\/2023\/09\/Renault-SCENIC-E-TECH-small-3-768x512.jpg 768w, https:\/\/www.automakersnews.cz\/wp-content\/uploads\/2023\/09\/Renault-SCENIC-E-TECH-small-3.jpg 840w\" sizes=\"auto, (max-width: 875px) 100vw, 875px\" \/><\/p>\n","protected":false},"excerpt":{"rendered":"<div class=\"mh-excerpt\"><p>Renault si pro mnichovsk\u00fd autosalon p\u0159ichystal elektrickou novinku. Po modelu Megane p\u0159i\u0161la na \u0159adu elektrifikace Scenicu, ktery\u0301 chce podle automobilky znovu objevit sebe sama a <a class=\"mh-excerpt-more\" href=\"https:\/\/www.automakersnews.cz\/index.php\/2023\/09\/13\/renault-ukazal-elektricky-scenic-e-tech\/\" title=\"Renault uk\u00e1zal elektrick\u00fd SCENIC E-TECH\">[&#8230;]<\/a><\/p>\n<\/div>","protected":false},"author":4,"featured_media":99744,"comment_status":"open","ping_status":"open","sticky":false,"template":"","format":"standard","meta":{"footnotes":""},"categories":[22],"tags":[],"class_list":["post-99709","post","type-post","status-publish","format-standard","has-post-thumbnail","hentry","category-elektromobily"],"_links":{"self":[{"href":"https:\/\/www.automakersnews.cz\/index.php\/wp-json\/wp\/v2\/posts\/99709","targetHints":{"allow":["GET"]}}],"collection":[{"href":"https:\/\/www.automakersnews.cz\/index.php\/wp-json\/wp\/v2\/posts"}],"about":[{"href":"https:\/\/www.automakersnews.cz\/index.php\/wp-json\/wp\/v2\/types\/post"}],"author":[{"embeddable":true,"href":"https:\/\/www.automakersnews.cz\/index.php\/wp-json\/wp\/v2\/users\/4"}],"replies":[{"embeddable":true,"href":"https:\/\/www.automakersnews.cz\/index.php\/wp-json\/wp\/v2\/comments?post=99709"}],"version-history":[{"count":0,"href":"https:\/\/www.automakersnews.cz\/index.php\/wp-json\/wp\/v2\/posts\/99709\/revisions"}],"wp:featuredmedia":[{"embeddable":true,"href":"https:\/\/www.automakersnews.cz\/index.php\/wp-json\/wp\/v2\/media\/99744"}],"wp:attachment":[{"href":"https:\/\/www.automakersnews.cz\/index.php\/wp-json\/wp\/v2\/media?parent=99709"}],"wp:term":[{"taxonomy":"category","embeddable":true,"href":"https:\/\/www.automakersnews.cz\/index.php\/wp-json\/wp\/v2\/categories?post=99709"},{"taxonomy":"post_tag","embeddable":true,"href":"https:\/\/www.automakersnews.cz\/index.php\/wp-json\/wp\/v2\/tags?post=99709"}],"curies":[{"name":"wp","href":"https:\/\/api.w.org\/{rel}","templated":true}]}}