{"id":99747,"date":"2023-09-10T20:06:31","date_gmt":"2023-09-10T20:06:31","guid":{"rendered":"https:\/\/www.automakersnews.cz\/?p=99747"},"modified":"2023-09-10T20:06:31","modified_gmt":"2023-09-10T20:06:31","slug":"skoda-auto-podpori-happening-teribear","status":"publish","type":"post","link":"https:\/\/www.automakersnews.cz\/index.php\/2023\/09\/10\/skoda-auto-podpori-happening-teribear\/","title":{"rendered":"\u0160koda Auto podpo\u0159\u00ed happening TERIBEAR"},"content":{"rendered":"<p><strong> Spole\u010dn\u00fdm b\u011bhem \u010di ch\u016fz\u00ed na nen\u00e1ro\u010dn\u00e9 trati dlouh\u00e9 p\u0159ibli\u017en\u011b 1,2 kilometru bude 13. z\u00e1\u0159\u00ed zah\u00e1jen v mladoboleslavsk\u00e9m p\u0159\u00edrodn\u00edm parku \u0160t\u011bp\u00e1nka dev\u00e1t\u00fd ro\u010dn\u00edk charitativn\u00ed sportovn\u00ed akce TERIBEAR. <\/strong><!--more--><\/p>\n<p>Smyslem je vybrat co nejv\u00edce prost\u0159edk\u016f na pomoc d\u011btem v d\u011btsk\u00fdch domovech. Jako v minul\u00fdch letech se v\u00fdt\u011b\u017eek skl\u00e1d\u00e1 ze startovn\u00e9ho a p\u0159\u00edsp\u011bvku spole\u010dnosti \u0160koda Auto, kter\u00e1 za ka\u017ed\u00fd zdolan\u00fd kilometr trati uhrad\u00ed \u010d\u00e1stku 20 K\u010d.<\/p>\n<p>TERIBEAR je symbol Nadace Terezy Maxov\u00e9 d\u011btem, kter\u00e1 akci v Mlad\u00e9 Boleslavi s podporou automobilky po\u0159\u00e1d\u00e1. Proto\u017ee leto\u0161n\u00ed ro\u010dn\u00edk prob\u011bhne virtu\u00e1ln\u011b, je setk\u00e1n\u00ed v Mlad\u00e9 Boleslavi jedine\u010dnou p\u0159\u00edle\u017eitost\u00ed ke spole\u010dn\u00e9 osobn\u00ed \u00fa\u010dasti. Na start v parku \u0160t\u011bp\u00e1nka postav\u00ed \u0160koda Auto vlastn\u00ed t\u00fdm a k \u00fa\u010dasti zve nejen nej\u0161ir\u0161\u00ed ve\u0159ejnost, ale i rodinn\u00e9 p\u0159\u00edslu\u0161n\u00edky a p\u0159\u00e1tele zam\u011bstnanc\u016f, z nich\u017e mnoz\u00ed se p\u0159ihl\u00e1sili tak\u00e9 jako dobrovoln\u00edci pro organizaci sportovn\u00edho setk\u00e1n\u00ed.<\/p>\n<p>Maren Gr\u00e4f, \u010dlenka p\u0159edstavenstva spole\u010dnosti \u0160koda Auto pro oblast Lid\u00e9 a kultura, \u0159\u00edk\u00e1: \u201e\u0160koda Auto a TERIBEAR pat\u0159\u00ed pevn\u011b k sob\u011b a t\u011b\u0161\u00edme se na start leto\u0161n\u00edho ro\u010dn\u00edku. Ji\u017e dev\u011bt let je tato b\u011b\u017eeck\u00e1 akce mimo\u0159\u00e1dn\u00fdm symbolem t\u00fdmov\u00e9ho ducha, pospolitosti a spole\u010densk\u00e9 anga\u017eovanosti. Proto je n\u00e1m podpora akce TERIBEAR velmi bl\u00edzk\u00e1 a stala se ned\u00edlnou sou\u010d\u00e1st\u00ed na\u0161eho spole\u010densk\u00e9ho z\u00e1vazku. P\u0159eji v\u0161em \u00fa\u010dastn\u00edk\u016fm hodn\u011b z\u00e1bavy a jsem opravdu zv\u011bdav\u00e1, jak\u00e9 \u010d\u00e1stky nakonec spole\u010dn\u011b dos\u00e1hneme pro dobrou v\u011bc.\u201c<\/p>\n<p>Tereza Maxov\u00e1, patronka a zakladatelka nadace: \u201eAtmosf\u00e9ra happeningu TERIBEAR byla v Mlad\u00e9 Boleslavi v\u017edy skv\u011bl\u00e1. Nejen, \u017ee se zde poka\u017ed\u00e9 nab\u011bhalo za jeden den v\u00edce ne\u017e na prob\u00edhaj\u00edc\u00ed akci v Praze, ale tak\u00e9 se spole\u010dn\u011b poda\u0159ilo z\u00edskat v\u00fdznamnou \u010d\u00e1stku na pomoc d\u011btem, za co\u017e jsem moc r\u00e1da. T\u011b\u0161\u00edm se op\u011bt na vid\u011bnou.\u201c<\/p>\n<p><strong>TERIBEAR h\u00fdbe Mladou Boleslav\u00ed: powered by \u0160koda Auto \u2013 ojedin\u011bl\u00e1 charitativn\u00ed akce pro cel\u00e9 rodiny<\/strong><\/p>\n<p>Charitativn\u00ed happening se po \u010dty\u0159ech letech vrac\u00ed do Mlad\u00e9 Boleslavi, s\u00eddla automobilky, kter\u00e1 tuto obl\u00edbenou sportovn\u00ed akci podporuje od roku 2015, kdy prob\u011bhl prvn\u00ed ro\u010dn\u00edk. Nadace Terezy Maxov\u00e9 d\u011btem a spole\u010dnost \u0160koda Auto vybraly pro tra\u0165 p\u0159\u00edrodn\u00ed prost\u0159ed\u00ed parku \u0160t\u011bp\u00e1nka, kter\u00fd je dob\u0159e dostupn\u00fd a nab\u00edz\u00ed vhodn\u00e9 podm\u00ednky jak pro pravideln\u00e9 b\u011b\u017ece, tak pro p\u0159\u00edle\u017eitostn\u00e9 sportovce \u010di chodce. Nen\u00e1ro\u010dn\u00fd okruh je dlouh\u00fd p\u0159ibli\u017en\u011b 1,2 km.\u00a0 Jedn\u00e1 se o p\u0159\u00edle\u017eitost pro spole\u010dn\u00fd pohyb na jednotn\u00e9 trati, proto\u017ee dal\u0161\u00ed kilometry budou letos \u00fa\u010dastn\u00edci d\u00edky virtu\u00e1ln\u00ed podob\u011b happenningu sb\u00edrat ve dnech 14. a\u017e 23. z\u00e1\u0159\u00ed ji\u017e jen individu\u00e1ln\u011b do aplikace viRACE pomoc\u00ed telefonu \u010di chytr\u00fdch hodinek.<\/p>\n<p><strong>Prost\u0159edky pro ohro\u017een\u00e9 d\u011bti v Mlad\u00e9 Boleslavi a okol\u00ed <\/strong><\/p>\n<p>Principem akce nen\u00ed dos\u00e1hnout nejrychlej\u0161\u00edho \u010dasu, ale podle sv\u00fdch mo\u017enost\u00ed urazit co nejdel\u0161\u00ed vzd\u00e1lenost, a\u0165 u\u017e b\u011bhem nebo ch\u016fz\u00ed. Zdolan\u00fd \u00fasek se zaznamen\u00e1v\u00e1 elektronicky, proto\u017ee vedle startovn\u00e9ho pr\u00e1v\u011b celkov\u00e1 vzd\u00e1lenost ur\u010d\u00ed v\u00fd\u0161i p\u0159\u00edsp\u011bvku automobilky. Vybran\u00e9 finan\u010dn\u00ed prost\u0159edky vyu\u017eije Nadace Terezy Maxov\u00e9 d\u011btem v d\u011btsk\u00fdch domovech v Mlad\u00e9 Boleslavi a okol\u00ed na podporu a o\u017eiven\u00ed kontaktu tamn\u00edch d\u011bt\u00ed se svou rodinou, co\u017e je jeden z p\u0159edpoklad\u016f pro \u00fasp\u011b\u0161n\u00fd n\u00e1vrat z \u00fastavn\u00ed p\u00e9\u010de do rodinn\u00e9ho prost\u0159ed\u00ed. Do happeningu se rovn\u011b\u017e zapoj\u00ed z\u00e1stupci z m\u00edstn\u00edch \u0161kol, sportovn\u00edch klub\u016f nebo neziskov\u00fdch organizac\u00ed p\u016fsob\u00edc\u00edch v Mladoboleslavsk\u00e9m regionu.<\/p>\n<p><strong>\u0160koda Auto pom\u00e1h\u00e1 d\u011btem dlouhodob\u011b<\/strong><\/p>\n<p>Podpora soci\u00e1ln\u00ed a zdravotn\u00ed oblasti pat\u0159\u00ed mezi nejv\u00fdznamn\u011bj\u0161\u00ed sou\u010d\u00e1sti spole\u010densk\u00e9 odpov\u011bdnosti automobilky \u0160koda Auto, a to jak na republikov\u00e9 \u00farovni, tak v regionech s v\u00fdrobn\u00edmi z\u00e1vody. \u0160koda Auto d\u00e1le spolupracuje nap\u0159\u00edklad v\u00edce ne\u017e 20 let s organizac\u00ed Zdravotn\u00ed klaun, kter\u00e1 pom\u00e1h\u00e1 hospitalizovan\u00fdm a dlouhodob\u011b nemocn\u00fdm d\u011btem \u010di senior\u016fm.<\/p>\n<p><img loading=\"lazy\" decoding=\"async\" class=\"alignnone wp-image-55754\" src=\"http:\/\/www.automakersnews.cz\/wp-content\/uploads\/2023\/06\/skoda-logo-300x107.jpg\" alt=\"\" width=\"1057\" height=\"377\" srcset=\"https:\/\/www.automakersnews.cz\/wp-content\/uploads\/2023\/06\/skoda-logo-300x107.jpg 300w, https:\/\/www.automakersnews.cz\/wp-content\/uploads\/2023\/06\/skoda-logo-1024x365.jpg 1024w, https:\/\/www.automakersnews.cz\/wp-content\/uploads\/2023\/06\/skoda-logo-768x274.jpg 768w, https:\/\/www.automakersnews.cz\/wp-content\/uploads\/2023\/06\/skoda-logo-1536x548.jpg 1536w, https:\/\/www.automakersnews.cz\/wp-content\/uploads\/2023\/06\/skoda-logo.jpg 1866w\" sizes=\"auto, (max-width: 1057px) 100vw, 1057px\" \/><\/p>\n","protected":false},"excerpt":{"rendered":"<div class=\"mh-excerpt\"><p>Spole\u010dn\u00fdm b\u011bhem \u010di ch\u016fz\u00ed na nen\u00e1ro\u010dn\u00e9 trati dlouh\u00e9 p\u0159ibli\u017en\u011b 1,2 kilometru bude 13. z\u00e1\u0159\u00ed zah\u00e1jen v mladoboleslavsk\u00e9m p\u0159\u00edrodn\u00edm parku \u0160t\u011bp\u00e1nka dev\u00e1t\u00fd ro\u010dn\u00edk charitativn\u00ed sportovn\u00ed akce <a class=\"mh-excerpt-more\" href=\"https:\/\/www.automakersnews.cz\/index.php\/2023\/09\/10\/skoda-auto-podpori-happening-teribear\/\" title=\"\u0160koda Auto podpo\u0159\u00ed happening TERIBEAR\">[&#8230;]<\/a><\/p>\n<\/div>","protected":false},"author":4,"featured_media":99748,"comment_status":"open","ping_status":"open","sticky":false,"template":"","format":"standard","meta":{"footnotes":""},"categories":[10,60],"tags":[],"class_list":["post-99747","post","type-post","status-publish","format-standard","has-post-thumbnail","hentry","category-eventy","category-spolecenska-zodpovednost"],"_links":{"self":[{"href":"https:\/\/www.automakersnews.cz\/index.php\/wp-json\/wp\/v2\/posts\/99747","targetHints":{"allow":["GET"]}}],"collection":[{"href":"https:\/\/www.automakersnews.cz\/index.php\/wp-json\/wp\/v2\/posts"}],"about":[{"href":"https:\/\/www.automakersnews.cz\/index.php\/wp-json\/wp\/v2\/types\/post"}],"author":[{"embeddable":true,"href":"https:\/\/www.automakersnews.cz\/index.php\/wp-json\/wp\/v2\/users\/4"}],"replies":[{"embeddable":true,"href":"https:\/\/www.automakersnews.cz\/index.php\/wp-json\/wp\/v2\/comments?post=99747"}],"version-history":[{"count":0,"href":"https:\/\/www.automakersnews.cz\/index.php\/wp-json\/wp\/v2\/posts\/99747\/revisions"}],"wp:featuredmedia":[{"embeddable":true,"href":"https:\/\/www.automakersnews.cz\/index.php\/wp-json\/wp\/v2\/media\/99748"}],"wp:attachment":[{"href":"https:\/\/www.automakersnews.cz\/index.php\/wp-json\/wp\/v2\/media?parent=99747"}],"wp:term":[{"taxonomy":"category","embeddable":true,"href":"https:\/\/www.automakersnews.cz\/index.php\/wp-json\/wp\/v2\/categories?post=99747"},{"taxonomy":"post_tag","embeddable":true,"href":"https:\/\/www.automakersnews.cz\/index.php\/wp-json\/wp\/v2\/tags?post=99747"}],"curies":[{"name":"wp","href":"https:\/\/api.w.org\/{rel}","templated":true}]}}