{"id":99751,"date":"2023-09-13T06:18:28","date_gmt":"2023-09-13T06:18:28","guid":{"rendered":"https:\/\/www.automakersnews.cz\/?p=99751"},"modified":"2023-09-13T06:18:28","modified_gmt":"2023-09-13T06:18:28","slug":"bmw-partnerem-souteze-podnikatel-roku","status":"publish","type":"post","link":"https:\/\/www.automakersnews.cz\/index.php\/2023\/09\/13\/bmw-partnerem-souteze-podnikatel-roku\/","title":{"rendered":"BMW partnerem sout\u011b\u017ee Podnikatel roku"},"content":{"rendered":"<p><strong>BMW Group \u010cesk\u00e1 republika je obdobn\u011b jako p\u0159ed rokem partnerem sv\u011btov\u00e9 podnikatelsk\u00e9 sout\u011b\u017ee \u2013 EY Podnikatel roku 2023. Navazuje tak na spolupr\u00e1ci z minul\u00e9ho ro\u010dn\u00edku a op\u011bt se st\u00e1v\u00e1 Ofici\u00e1ln\u00edm vozem t\u00e9to akce.<\/strong><br \/>\n<!--more--><\/p>\n<p>Ji\u017e po \u010dty\u0159iadvac\u00e1t\u00e9 mohou b\u00fdt do kl\u00e1n\u00ed nominov\u00e1ni podnikatel\u00e9 \u0161irokou ve\u0159ejnost\u00ed \u010di se mohou p\u0159ihla\u0161ovat sami. Jejich podnikatelsk\u00e1 \u010dinnost mus\u00ed vedle hospod\u00e1\u0159sk\u00fdch v\u00fdsledk\u016f p\u0159in\u00e1\u0161et tak\u00e9 celospole\u010densk\u00fd p\u0159\u00ednos, kter\u00fd je \u010d\u00edm d\u00e1l d\u016fle\u017eit\u011bj\u0161\u00edm krit\u00e9riem hodnocen\u00ed i v r\u00e1mci celosv\u011btov\u00e9ho kl\u00e1n\u00ed, jeho\u017e se tuzemsk\u00fd dr\u017eitel titulu ka\u017edoro\u010dn\u011b \u00fa\u010dastn\u00ed. P\u0159ihl\u00e1\u0161ky a nominace je mo\u017en\u00e9 pod\u00e1vat do 20. \u0159\u00edjna 2023.<\/p>\n<p>\u201eInovace a v\u00fdvoj posouvaj\u00ed spole\u010dnost dop\u0159edu. S t\u00edm p\u0159ich\u00e1z\u00ed ale i zodpov\u011bdnost a \u0159ada v\u00fdzev, kter\u00fdm je t\u0159eba postavit se \u010delem. I v dal\u0161\u00edm ro\u010dn\u00edku n\u00e1s proto velice t\u011b\u0161\u00ed m\u00edt mo\u017enost \u00fa\u010dasti a podpo\u0159it sout\u011b\u017e EY Podnikatel roku, je\u017e uzn\u00e1v\u00e1 odv\u00e1\u017en\u00e9 podnikatele, kte\u0159\u00ed se neboj\u00ed t\u011bchto v\u00fdzev,\u201c \u0159ekl Maciej Galant, gener\u00e1ln\u00ed \u0159editel BMW Czech Republic s.r.o.<\/p>\n","protected":false},"excerpt":{"rendered":"<div class=\"mh-excerpt\"><p>BMW Group \u010cesk\u00e1 republika je obdobn\u011b jako p\u0159ed rokem partnerem sv\u011btov\u00e9 podnikatelsk\u00e9 sout\u011b\u017ee \u2013 EY Podnikatel roku 2023. Navazuje tak na spolupr\u00e1ci z minul\u00e9ho ro\u010dn\u00edku <a class=\"mh-excerpt-more\" href=\"https:\/\/www.automakersnews.cz\/index.php\/2023\/09\/13\/bmw-partnerem-souteze-podnikatel-roku\/\" title=\"BMW partnerem sout\u011b\u017ee Podnikatel roku\">[&#8230;]<\/a><\/p>\n<\/div>","protected":false},"author":4,"featured_media":99754,"comment_status":"open","ping_status":"open","sticky":false,"template":"","format":"standard","meta":{"footnotes":""},"categories":[2],"tags":[],"class_list":["post-99751","post","type-post","status-publish","format-standard","has-post-thumbnail","hentry","category-news"],"_links":{"self":[{"href":"https:\/\/www.automakersnews.cz\/index.php\/wp-json\/wp\/v2\/posts\/99751","targetHints":{"allow":["GET"]}}],"collection":[{"href":"https:\/\/www.automakersnews.cz\/index.php\/wp-json\/wp\/v2\/posts"}],"about":[{"href":"https:\/\/www.automakersnews.cz\/index.php\/wp-json\/wp\/v2\/types\/post"}],"author":[{"embeddable":true,"href":"https:\/\/www.automakersnews.cz\/index.php\/wp-json\/wp\/v2\/users\/4"}],"replies":[{"embeddable":true,"href":"https:\/\/www.automakersnews.cz\/index.php\/wp-json\/wp\/v2\/comments?post=99751"}],"version-history":[{"count":0,"href":"https:\/\/www.automakersnews.cz\/index.php\/wp-json\/wp\/v2\/posts\/99751\/revisions"}],"wp:featuredmedia":[{"embeddable":true,"href":"https:\/\/www.automakersnews.cz\/index.php\/wp-json\/wp\/v2\/media\/99754"}],"wp:attachment":[{"href":"https:\/\/www.automakersnews.cz\/index.php\/wp-json\/wp\/v2\/media?parent=99751"}],"wp:term":[{"taxonomy":"category","embeddable":true,"href":"https:\/\/www.automakersnews.cz\/index.php\/wp-json\/wp\/v2\/categories?post=99751"},{"taxonomy":"post_tag","embeddable":true,"href":"https:\/\/www.automakersnews.cz\/index.php\/wp-json\/wp\/v2\/tags?post=99751"}],"curies":[{"name":"wp","href":"https:\/\/api.w.org\/{rel}","templated":true}]}}