{"id":99755,"date":"2023-09-11T06:22:18","date_gmt":"2023-09-11T06:22:18","guid":{"rendered":"https:\/\/www.automakersnews.cz\/?p=99755"},"modified":"2023-09-11T06:22:18","modified_gmt":"2023-09-11T06:22:18","slug":"ostrava-hostila-leading-minds-forum","status":"publish","type":"post","link":"https:\/\/www.automakersnews.cz\/index.php\/2023\/09\/11\/ostrava-hostila-leading-minds-forum\/","title":{"rendered":"Ostrava hostila Leading Minds Forum"},"content":{"rendered":"<p><strong>Vrcholn\u00ed p\u0159edstavitel\u00e9 nejv\u011bt\u0161\u00edch tuzemsk\u00fdch firem v oblasti elektroenergetiky a plyn\u00e1renstv\u00ed jednali v Ostrav\u011b na mezin\u00e1rodn\u00ed konferenci Leading Minds Forum (LMF) o mo\u017enostech reformy trhu s energi\u00ed. <\/strong><!--more--><\/p>\n<p>Diskuze za \u00fa\u010dasti poradce pro n\u00e1rodn\u00ed bezpe\u010dnost Tom\u00e1\u0161e Pojara, n\u00e1m\u011bstka na Ministerstvu pr\u016fmyslu a obchodu Petra T\u0159e\u0161\u0148\u00e1ka nebo p\u0159edsedy Energetick\u00e9ho regula\u010dn\u00edho \u00fa\u0159adu Stanislava Tr\u00e1vn\u00ed\u010dka se t\u00fdkala nejen regulace energetick\u00e9ho trhu a v\u011bt\u0161\u00ed ochrany spot\u0159ebitel\u016f, ale tak\u00e9 st\u0159edn\u011bdob\u00e9ho v\u00fdhledu pro tuzemskou energetiku ve spojen\u00ed s nezbytn\u00fdmi \u00fapravami investi\u010dn\u00edho prost\u0159ed\u00ed.<\/p>\n<p>\u201e\u010cesk\u00e1 republika \u0159e\u0161\u00ed v oblasti energetiky jednu slo\u017eitou \u00falohu za druhou. Krize uk\u00e1zala na na\u0161i zranitelnost a na fakt, \u017ee Evrop\u011b doch\u00e1zej\u00ed stabiln\u00ed energetick\u00e9 zdroje. Tlak na rychlou dekarbonizaci ve spojen\u00ed s r\u016fstem cen nep\u0159\u00edjemn\u011b dopad\u00e1 na dom\u00e1cnosti i firmy. Diskuze byla spojena s hled\u00e1n\u00edm odpov\u011bd\u00ed na ot\u00e1zky spojen\u00e9 se strategi\u00ed pro udr\u017eitelnou energetiku nebo s nastaven\u00edm n\u00e1stroj\u016f pro efektivn\u00ed \u0159\u00edzen\u00ed energetick\u00e9 politiky st\u00e1tu,\u201c uvedl Michal Dolana, \u0159editel poradensk\u00e9 spole\u010dnosti DDeM, kter\u00e1 konferenci v Ostrav\u011b zorganizovala.<\/p>\n<p>Odborn\u00e1 diskuze se soust\u0159edila p\u0159edev\u0161\u00edm na nov\u00e9 v\u00fdzvy v oblasti strategick\u00e9 energetick\u00e9 infrastruktury v souvislosti s p\u0159etrv\u00e1vaj\u00edc\u00edm v\u00e1le\u010dn\u00fdm konfliktem na Ukrajin\u011b nebo v\u00fdvoj cen elekt\u0159iny a zemn\u00edho plynu v bl\u00edzk\u00e9 budoucnosti. Parametry pro cenov\u011b dostupnou a udr\u017eitelnou energetiku byly \u0159e\u0161eny v kontextu pot\u0159ebn\u00e9 aktualizace St\u00e1tn\u00ed energetick\u00e9 koncepce a souvisej\u00edc\u00edch dokument\u016f, jak\u00fdm je nap\u0159\u00edklad N\u00e1rodn\u00ed klimaticko-energetick\u00fd pl\u00e1n.<\/p>\n<p>Samostatn\u00fdmi t\u00e9maty bylo i nov\u00e9 nastaven\u00ed fungov\u00e1n\u00ed energetick\u00e9ho trhu a mo\u017enosti jeho regulace i s ohledem na mnohdy slo\u017eit\u00e1 jedn\u00e1n\u00ed s org\u00e1ny Evropsk\u00e9 komise. Na provoz a udr\u017eitelnost tuzemsk\u00e9 zdrojov\u00e9 z\u00e1kladny a energetick\u00e9 infrastruktury by m\u011bly m\u00edt z\u00e1sadn\u00ed vliv p\u0159ipravovan\u00e9 legislativn\u00ed zm\u011bny.<\/p>\n<p>Z\u00e1v\u011br jedn\u00e1n\u00ed byl spojen s t\u00e9maty dekarbonizace nebo v\u011bt\u0161\u00edho vyu\u017eit\u00ed vod\u00edku \u010di dal\u0161\u00edch zelen\u00fdch plyn\u016f v energetice, stejn\u011b tak se \u0159e\u0161ily mo\u017enosti p\u0159e\u010derp\u00e1vac\u00edch elektr\u00e1ren nebo mal\u00fdch modul\u00e1rn\u00edch reaktor\u016f. Nov\u011b budovan\u00e9 obnoviteln\u00e9 zdroje energie by m\u011bly p\u0159isp\u011bt k energetick\u00fdm \u00faspor\u00e1m a sob\u011bsta\u010dnosti. Do debaty o sou\u010dasn\u00fdch a do budoucna pot\u0159ebn\u00fdch kapacit\u00e1ch, o p\u0159ipravovan\u00fdch opat\u0159en\u00edch i o nov\u00fdch podnikatelsk\u00fdch p\u0159\u00edle\u017eitostech se krom\u011b p\u0159edstavitel\u016f st\u00e1tn\u00ed a ve\u0159ejn\u00e9 spr\u00e1vy zapojili z\u00e1stupci v\u00edce ne\u017e 40 pr\u016fmyslov\u00fdch a energetick\u00fdch spole\u010dnost\u00ed. Bli\u017e\u0161\u00ed informace o LMF lze nal\u00e9zt na www.lmf.cz.<\/p>\n<p><img loading=\"lazy\" decoding=\"async\" class=\"alignnone wp-image-99757\" src=\"http:\/\/www.automakersnews.cz\/wp-content\/uploads\/2023\/09\/LMF_2023_Tomas_Pojar.JPG-300x200.jpg\" alt=\"\" width=\"747\" height=\"498\" srcset=\"https:\/\/www.automakersnews.cz\/wp-content\/uploads\/2023\/09\/LMF_2023_Tomas_Pojar.JPG-300x200.jpg 300w, https:\/\/www.automakersnews.cz\/wp-content\/uploads\/2023\/09\/LMF_2023_Tomas_Pojar.JPG-1024x683.jpg 1024w, https:\/\/www.automakersnews.cz\/wp-content\/uploads\/2023\/09\/LMF_2023_Tomas_Pojar.JPG-768x512.jpg 768w, https:\/\/www.automakersnews.cz\/wp-content\/uploads\/2023\/09\/LMF_2023_Tomas_Pojar.JPG-1536x1024.jpg 1536w, https:\/\/www.automakersnews.cz\/wp-content\/uploads\/2023\/09\/LMF_2023_Tomas_Pojar.JPG-2048x1365.jpg 2048w\" sizes=\"auto, (max-width: 747px) 100vw, 747px\" \/><\/p>\n","protected":false},"excerpt":{"rendered":"<div class=\"mh-excerpt\"><p>Vrcholn\u00ed p\u0159edstavitel\u00e9 nejv\u011bt\u0161\u00edch tuzemsk\u00fdch firem v oblasti elektroenergetiky a plyn\u00e1renstv\u00ed jednali v Ostrav\u011b na mezin\u00e1rodn\u00ed konferenci Leading Minds Forum (LMF) o mo\u017enostech reformy trhu s <a class=\"mh-excerpt-more\" href=\"https:\/\/www.automakersnews.cz\/index.php\/2023\/09\/11\/ostrava-hostila-leading-minds-forum\/\" title=\"Ostrava hostila Leading Minds Forum\">[&#8230;]<\/a><\/p>\n<\/div>","protected":false},"author":4,"featured_media":99756,"comment_status":"open","ping_status":"open","sticky":false,"template":"","format":"standard","meta":{"footnotes":""},"categories":[63,2],"tags":[],"class_list":["post-99755","post","type-post","status-publish","format-standard","has-post-thumbnail","hentry","category-konference","category-news"],"_links":{"self":[{"href":"https:\/\/www.automakersnews.cz\/index.php\/wp-json\/wp\/v2\/posts\/99755","targetHints":{"allow":["GET"]}}],"collection":[{"href":"https:\/\/www.automakersnews.cz\/index.php\/wp-json\/wp\/v2\/posts"}],"about":[{"href":"https:\/\/www.automakersnews.cz\/index.php\/wp-json\/wp\/v2\/types\/post"}],"author":[{"embeddable":true,"href":"https:\/\/www.automakersnews.cz\/index.php\/wp-json\/wp\/v2\/users\/4"}],"replies":[{"embeddable":true,"href":"https:\/\/www.automakersnews.cz\/index.php\/wp-json\/wp\/v2\/comments?post=99755"}],"version-history":[{"count":0,"href":"https:\/\/www.automakersnews.cz\/index.php\/wp-json\/wp\/v2\/posts\/99755\/revisions"}],"wp:featuredmedia":[{"embeddable":true,"href":"https:\/\/www.automakersnews.cz\/index.php\/wp-json\/wp\/v2\/media\/99756"}],"wp:attachment":[{"href":"https:\/\/www.automakersnews.cz\/index.php\/wp-json\/wp\/v2\/media?parent=99755"}],"wp:term":[{"taxonomy":"category","embeddable":true,"href":"https:\/\/www.automakersnews.cz\/index.php\/wp-json\/wp\/v2\/categories?post=99755"},{"taxonomy":"post_tag","embeddable":true,"href":"https:\/\/www.automakersnews.cz\/index.php\/wp-json\/wp\/v2\/tags?post=99755"}],"curies":[{"name":"wp","href":"https:\/\/api.w.org\/{rel}","templated":true}]}}