{"id":9983,"date":"2022-12-21T10:29:02","date_gmt":"2022-12-21T10:29:02","guid":{"rendered":"https:\/\/www.automakersnews.cz\/?p=9983"},"modified":"2022-12-21T10:29:02","modified_gmt":"2022-12-21T10:29:02","slug":"continental-signatarem-charty-diverzity","status":"publish","type":"post","link":"https:\/\/www.automakersnews.cz\/index.php\/2022\/12\/21\/continental-signatarem-charty-diverzity\/","title":{"rendered":"Continental signat\u00e1\u0159em Charty diverzity"},"content":{"rendered":"<p><strong>\u010cesk\u00fd Continental, v\u00fdrobce komponent do aut, se po vzoru sv\u00e9 n\u011bmeck\u00e9 mate\u0159sk\u00e9 firmy p\u0159ipojil k podpisu \u010desk\u00e9 Charty diverzity. Ta sdru\u017euje tuzemsk\u00e9 firmy, kter\u00fdm nen\u00ed lhostejn\u00e1 spole\u010densk\u00e1 odpov\u011bdnost a udr\u017eiteln\u00e9 podnik\u00e1n\u00ed a pom\u00e1h\u00e1 jim naplnit jejich dlouhodob\u00e9 c\u00edle.<\/strong><!--more--><\/p>\n<p>Charta diverzity je projektem Evropsk\u00e9 komise, kter\u00fd vytv\u00e1\u0159\u00ed prostor pro spolupr\u00e1ci firem nap\u0159\u00ed\u010d r\u016fzn\u00fdmi obory, svazy, institucemi ve\u0159ejn\u00e9 spr\u00e1vy a Evropsk\u00e9 unie.<\/p>\n<p>Sv\u00fdm signat\u00e1\u0159\u016fm umo\u017e\u0148uje ve vysok\u00e9 m\u00ed\u0159e implementovat diverzitu do jejich firemn\u00edch strategi\u00ed, sd\u00edlet jejich know-how a zku\u0161enosti z dobr\u00e9 praxe. \u010cesk\u00fd Continental podepsal Chartu 13. 12. 2022 spole\u010dn\u011b s dal\u0161\u00edmi dev\u00edti firmami, aby se ve\u0159ejn\u011b zav\u00e1zal ke sv\u00fdm dlouhodob\u00fdm c\u00edl\u016fm a ka\u017edodenn\u00ed pr\u00e1ci v ot\u00e1zk\u00e1ch rovn\u00fdch p\u0159\u00edle\u017eitost\u00ed, diverzity a inkluze. Signat\u00e1\u0159em n\u011bmeck\u00e9 Charty diverzity je spole\u010dnost Continental ji\u017e od roku 2008.<\/p>\n<p>\u201eJm\u00e9nem v\u0161ech na\u0161ich 10 tis\u00edc zam\u011bstnanc\u016f 30 r\u016fzn\u00fdch n\u00e1rodnost\u00ed, kte\u0159\u00ed s n\u00e1mi v \u010cesk\u00e9 republice tvo\u0159\u00ed \u010deskou \u201aConti rodinu\u2018, chci pod\u011bkovat za kr\u00e1snou p\u0159\u00edle\u017eitost, jak ve\u0159ejn\u011b stvrdit na\u0161e firemn\u00ed hodnoty a dlouhodob\u00e9 z\u00e1vazky. V Continentalu si cen\u00edme individu\u00e1ln\u00edch odli\u0161nost\u00ed a v\u00edme, \u017ee r\u016fzn\u00e9 perspektivy, rozmanitost zku\u0161enost\u00ed a schopnost\u00ed jsou z\u00e1sadn\u00ed nejen pro motivovan\u00e9, anga\u017eovan\u00e9 a zap\u00e1len\u00e9 t\u00fdmy, ale tak\u00e9 pro posouv\u00e1n\u00ed hranic kreativity a inovace. Jen tak m\u016f\u017eeme spoluutv\u00e1\u0159et budoucnost na\u0161\u00ed spole\u010dnosti jako celku,\u201c \u0159\u00edk\u00e1 Jind\u0159i\u0161ka Olberg, Employer branding coordinator spole\u010dnosti Continental v \u010cesk\u00e9 republice.<\/p>\n<p>K dne\u0161n\u00edmu dni se v zem\u00edch EU sv\u00fdm podpisem p\u0159ipojilo ji\u017e t\u00e9m\u011b\u0159 14 400 firem, co\u017e reprezentuje p\u0159es 17 mil. zam\u011bstnanc\u016f.<\/p>\n<p><strong>Otev\u0159en\u00e9 p\u0159\u00edle\u017eitosti pro v\u0161echny<\/strong><\/p>\n<p>C\u00edlem diverzity je vytvo\u0159it ve spole\u010dnosti a jej\u00ed podnikatelsk\u00e9 sf\u00e9\u0159e takov\u00e9 podm\u00ednky, kter\u00e9 umo\u017en\u00ed v\u0161em lidem naplno rozvinout jejich potenci\u00e1l, a to bez jak\u00fdchkoli omezen\u00ed. Mezi aspekty, na kter\u00e9 v Continentalu kladou d\u016fraz, pat\u0159\u00ed nejen rovnost p\u0159\u00edle\u017eitost\u00ed, ale tak\u00e9 rozli\u010dn\u00e9 n\u00e1rodnostn\u00ed slo\u017een\u00ed v r\u00e1mci t\u00fdm\u016f a popularizace \u017een v tradi\u010dn\u011b mu\u017esk\u00fdch oborech.<\/p>\n<p>Jen v roce 2022 nap\u0159\u00edklad z\u00e1vod Brand\u00fdse nad Labem spolupracoval s Fakultou elektrotechnickou \u010cVUT na projektu diverzity v elektro oborech. Nav\u00edc na podzim tohoto roku nav\u00e1zal jejich IT Hub Otrokovice spolupr\u00e1ci s neziskovou organizac\u00ed Czechitas, kter\u00e1 se dlouhodob\u011b zam\u011b\u0159uje na on-line i off-line vzd\u011bl\u00e1v\u00e1n\u00ed \u017een, ml\u00e1de\u017ee a d\u011bt\u00ed v informa\u010dn\u00edch technologi\u00edch a pom\u00e1h\u00e1 jim tak b\u00fdt v tomto oboru konkurenceschopn\u00ed. V Otrokovic\u00edch student\u016fm digit\u00e1ln\u00edch akademi\u00ed Czechitas zprost\u0159edkov\u00e1vaj\u00ed nap\u0159\u00edklad exkurze sv\u00fdch kancel\u00e1\u0159sk\u00fdch prostor, pom\u00e1haj\u00ed s pohovory na ne\u010disto a podporuj\u00ed p\u0159\u00edm\u011bstsk\u00e9 IT t\u00e1bory pro \u0161kol\u00e1ky i st\u0159edo\u0161kol\u00e1ky.<\/p>\n<p><img loading=\"lazy\" decoding=\"async\" class=\"alignnone wp-image-9985\" src=\"http:\/\/www.automakersnews.cz\/wp-content\/uploads\/2022\/12\/Charta_Diverzity_foto_Hana_Connor8414-small-200x300.jpg\" alt=\"\" width=\"547\" height=\"821\" srcset=\"https:\/\/www.automakersnews.cz\/wp-content\/uploads\/2022\/12\/Charta_Diverzity_foto_Hana_Connor8414-small-200x300.jpg 200w, https:\/\/www.automakersnews.cz\/wp-content\/uploads\/2022\/12\/Charta_Diverzity_foto_Hana_Connor8414-small-683x1024.jpg 683w, https:\/\/www.automakersnews.cz\/wp-content\/uploads\/2022\/12\/Charta_Diverzity_foto_Hana_Connor8414-small-768x1152.jpg 768w, https:\/\/www.automakersnews.cz\/wp-content\/uploads\/2022\/12\/Charta_Diverzity_foto_Hana_Connor8414-small-1024x1536.jpg 1024w, https:\/\/www.automakersnews.cz\/wp-content\/uploads\/2022\/12\/Charta_Diverzity_foto_Hana_Connor8414-small-1365x2048.jpg 1365w, https:\/\/www.automakersnews.cz\/wp-content\/uploads\/2022\/12\/Charta_Diverzity_foto_Hana_Connor8414-small-scaled.jpg 1707w\" sizes=\"auto, (max-width: 547px) 100vw, 547px\" \/><\/p>\n","protected":false},"excerpt":{"rendered":"<div class=\"mh-excerpt\"><p>\u010cesk\u00fd Continental, v\u00fdrobce komponent do aut, se po vzoru sv\u00e9 n\u011bmeck\u00e9 mate\u0159sk\u00e9 firmy p\u0159ipojil k podpisu \u010desk\u00e9 Charty diverzity. Ta sdru\u017euje tuzemsk\u00e9 firmy, kter\u00fdm nen\u00ed <a class=\"mh-excerpt-more\" href=\"https:\/\/www.automakersnews.cz\/index.php\/2022\/12\/21\/continental-signatarem-charty-diverzity\/\" title=\"Continental signat\u00e1\u0159em Charty diverzity\">[&#8230;]<\/a><\/p>\n<\/div>","protected":false},"author":4,"featured_media":9984,"comment_status":"open","ping_status":"open","sticky":false,"template":"","format":"standard","meta":{"footnotes":""},"categories":[33],"tags":[],"class_list":["post-9983","post","type-post","status-publish","format-standard","has-post-thumbnail","hentry","category-vyrobci"],"_links":{"self":[{"href":"https:\/\/www.automakersnews.cz\/index.php\/wp-json\/wp\/v2\/posts\/9983","targetHints":{"allow":["GET"]}}],"collection":[{"href":"https:\/\/www.automakersnews.cz\/index.php\/wp-json\/wp\/v2\/posts"}],"about":[{"href":"https:\/\/www.automakersnews.cz\/index.php\/wp-json\/wp\/v2\/types\/post"}],"author":[{"embeddable":true,"href":"https:\/\/www.automakersnews.cz\/index.php\/wp-json\/wp\/v2\/users\/4"}],"replies":[{"embeddable":true,"href":"https:\/\/www.automakersnews.cz\/index.php\/wp-json\/wp\/v2\/comments?post=9983"}],"version-history":[{"count":0,"href":"https:\/\/www.automakersnews.cz\/index.php\/wp-json\/wp\/v2\/posts\/9983\/revisions"}],"wp:featuredmedia":[{"embeddable":true,"href":"https:\/\/www.automakersnews.cz\/index.php\/wp-json\/wp\/v2\/media\/9984"}],"wp:attachment":[{"href":"https:\/\/www.automakersnews.cz\/index.php\/wp-json\/wp\/v2\/media?parent=9983"}],"wp:term":[{"taxonomy":"category","embeddable":true,"href":"https:\/\/www.automakersnews.cz\/index.php\/wp-json\/wp\/v2\/categories?post=9983"},{"taxonomy":"post_tag","embeddable":true,"href":"https:\/\/www.automakersnews.cz\/index.php\/wp-json\/wp\/v2\/tags?post=9983"}],"curies":[{"name":"wp","href":"https:\/\/api.w.org\/{rel}","templated":true}]}}